{"id":111853,"date":"2025-05-19T13:30:09","date_gmt":"2025-05-19T13:30:09","guid":{"rendered":"https:\/\/www.europesays.com\/fr\/111853\/"},"modified":"2025-05-19T13:30:09","modified_gmt":"2025-05-19T13:30:09","slug":"plusieurs-autoroutes-fermes-dont-la1-et-de-gros-bouchons","status":"publish","type":"post","link":"https:\/\/www.europesays.com\/fr\/111853\/","title":{"rendered":"plusieurs autoroutes ferm\u00e9s dont l&rsquo;A1 et de gros bouchons"},"content":{"rendered":"<p>            Par<br \/>\n        <strong><br \/>\n            <a href=\"https:\/\/actu.fr\/auteur\/nicolas-demollien\" title=\"Consulter tous les articles de Nicolas Demollien\" rel=\"nofollow noopener\" target=\"_blank\">Nicolas Demollien<\/a><br \/>\n        <\/strong><\/p>\n<p>        Publi\u00e9 le<\/p>\n<p>            19 mai 2025 \u00e0 15h25        <\/p>\n<p>Comme annonc\u00e9, les <b>agriculteurs <\/b>sont bien d\u00e9cid\u00e9s \u00e0 <b>faire entendre leur voix<\/b> ce lundi 19 mai 2025 dans le <a href=\"https:\/\/actu.fr\/hauts-de-france\/nord_59\" rel=\"nofollow noopener\" target=\"_blank\">Nord<\/a>. <b>Plusieurs autoroutes sont ferm\u00e9es<\/b> depuis 15h, cr\u00e9ant d\u2019ores et d\u00e9j\u00e0 de <b>grosses difficult\u00e9s<\/b> de <a href=\"https:\/\/actu.fr\/tag\/circulation\" rel=\"nofollow noopener\" target=\"_blank\">circulation<\/a>. A <a href=\"https:\/\/actu.fr\/hauts-de-france\/seclin_59560\" rel=\"nofollow noopener\" target=\"_blank\">Seclin<\/a>, les agriculteurs vont occuper l\u2019ensemble des voies de l\u2019<a href=\"https:\/\/actu.fr\/tag\/autoroute-1-a1\" rel=\"nofollow noopener\" target=\"_blank\">autoroute A1<\/a>. Le point.<\/p>\n<p>A1, A2, A25\u2026 Plusieurs autoroutes ferm\u00e9s dans le Nord<\/p>\n<p class=\" wall-content\"><b>L\u2019autoroute A1 est ainsi ferm\u00e9e dans les deux sens<\/b> de circulation <b>entre Dourges et Ronchin<\/b>.<\/p>\n<ul class=\" wall-content\">\n<li>\u00a0Dans le sens Lille vers Paris, une d\u00e9viation est mise en place \u00e0 Ronchin, obligeant les usagers de la route \u00e0 prendre la direction de Valenciennes.<\/li>\n<li>\u00a0Dans le sens Paris vers Lille, une d\u00e9viation est mise en place \u00e0 Dourges (A1\/A21), obligeant les usagers de la route \u00e0 prendre la direction de Lens ou de Douai.<\/li>\n<\/ul>\n<p class=\" wall-content\"><b>L\u2019autoroute A2 est ferm\u00e9e dans les deux sens <\/b>de circulation <b>entre Onnaing et La Sentinelle<\/b>. Les agriculteurs vont \u00e9galement occuper l\u2019ensemble des voies de l\u2019autoroute \u00e0 hauteur de Marly.<\/p>\n<ul class=\" wall-content\">\n<li>Dans le sens Bruxelles vers Paris, une d\u00e9viation est mise en place \u00e0 l\u2019\u00e9changeur n\u00b024 \u00ab\u00a0Onnaing\u00a0\u00bb.<\/li>\n<li>Dans le sens Paris vers Bruxelles, une d\u00e9viation est mise en place \u00e0 La Sentinelle jonction A2\/A23, obligeant les usagers \u00e0 prendre la direction de Lille.<\/li>\n<\/ul>\n<p>Vid\u00e9os : en ce moment sur Actu<\/p>\n<p class=\" wall-content\">\u00a0<b>L\u2019autoroute A25 est ferm\u00e9e dans les deux sens<\/b> de circulation <b>entre Herzeele et M\u00e9teren<\/b>. Les agriculteurs vont occuper l\u2019ensemble des voies de l\u2019autoroute \u00e0 Steenvoorde.<\/p>\n<ul class=\" wall-content\">\n<li>\u00a0Dans le sens Dunkerque vers Lille, une d\u00e9viation est mise en place \u00e0 l\u2019\u00e9changeur 15 \u00ab\u00a0Herzeele\u00a0\u00bb. Dans le sens Lille vers Dunkerque, une d\u00e9viation est mise en place \u00e0 l\u2019\u00e9changeur 12 \u00ab\u00a0Meteren\u00a0\u00bb.<\/li>\n<\/ul>\n<p class=\" wall-content\">Notons par ailleurs que la <b>route nationale 2 est ferm\u00e9e \u00e0 Avesnes-sur-Helpe<\/b>, les agriculteurs y occupent le rond point de la rotonde. Des d\u00e9viations locales sont mises en place entre La Capelle et Avesnes sur Helpe.<\/p>\n<p class=\" wall-content\">\u00a0\u00ab\u00a0Tous ces secteurs sont \u00e0 \u00e9viter absolument\u00a0\u00bb, commente-t-on du c\u00f4t\u00e9 de la pr\u00e9fecture.<\/p>\n<p class=\" wall-content\">Les agriculteurs veulent faire pression sur le gouvernement au sujet de la loi Duplomb-Menonville. \u00ab\u00a0Nous ne pouvons pas laisser les d\u00e9put\u00e9s d\u00e9tricoter cette loi qui est un levier essentiel pour p\u00e9renniser notre agriculture\u00a0\u00bb, argumente l\u2019antenne locale de la FDSEA, F\u00e9d\u00e9ration d\u00e9partementale des syndicats d\u2019exploitants agricoles.<\/p>\n<p class=\" wall-content\">Suivez toute l\u2019actualit\u00e9 de vos villes et m\u00e9dias favoris en vous inscrivant \u00e0 <a href=\"https:\/\/moncompte.actu.fr\" title=\"D\u00e9couvez Mon Actu\" rel=\"nofollow noopener\" data-trk=\"{&quot;cta&quot;:{&quot;action&quot;:&quot;https:\\\/\\\/moncompte.actu.fr&quot;,&quot;category&quot;:&quot;mon compte&quot;,&quot;from&quot;:&quot;article footer&quot;,&quot;name&quot;:&quot;Mon actu&quot;,&quot;type&quot;:&quot;cta&quot;}}\" target=\"_blank\">Mon Actu<\/a>.<\/p>\n","protected":false},"excerpt":{"rendered":"Par Nicolas Demollien Publi\u00e9 le 19 mai 2025 \u00e0 15h25 Comme annonc\u00e9, les agriculteurs sont bien d\u00e9cid\u00e9s \u00e0&hellip;\n","protected":false},"author":2,"featured_media":111854,"comment_status":"","ping_status":"","sticky":false,"template":"","format":"standard","meta":{"footnotes":""},"categories":[2815],"tags":[1111,11,327,3542,1777,674,1011,27,811,1307,12,25,104],"class_list":{"0":"post-111853","1":"post","2":"type-post","3":"status-publish","4":"format-standard","5":"has-post-thumbnail","7":"category-lille","8":"tag-actu","9":"tag-actualites","10":"tag-agriculture","11":"tag-circulation","12":"tag-eu","13":"tag-europe","14":"tag-fr","15":"tag-france","16":"tag-hauts-de-france","17":"tag-lille","18":"tag-news","19":"tag-republique-francaise","20":"tag-societe"},"share_on_mastodon":{"url":"https:\/\/pubeurope.com\/@fr\/114534745733342900","error":""},"_links":{"self":[{"href":"https:\/\/www.europesays.com\/fr\/wp-json\/wp\/v2\/posts\/111853","targetHints":{"allow":["GET"]}}],"collection":[{"href":"https:\/\/www.europesays.com\/fr\/wp-json\/wp\/v2\/posts"}],"about":[{"href":"https:\/\/www.europesays.com\/fr\/wp-json\/wp\/v2\/types\/post"}],"author":[{"embeddable":true,"href":"https:\/\/www.europesays.com\/fr\/wp-json\/wp\/v2\/users\/2"}],"replies":[{"embeddable":true,"href":"https:\/\/www.europesays.com\/fr\/wp-json\/wp\/v2\/comments?post=111853"}],"version-history":[{"count":0,"href":"https:\/\/www.europesays.com\/fr\/wp-json\/wp\/v2\/posts\/111853\/revisions"}],"wp:featuredmedia":[{"embeddable":true,"href":"https:\/\/www.europesays.com\/fr\/wp-json\/wp\/v2\/media\/111854"}],"wp:attachment":[{"href":"https:\/\/www.europesays.com\/fr\/wp-json\/wp\/v2\/media?parent=111853"}],"wp:term":[{"taxonomy":"category","embeddable":true,"href":"https:\/\/www.europesays.com\/fr\/wp-json\/wp\/v2\/categories?post=111853"},{"taxonomy":"post_tag","embeddable":true,"href":"https:\/\/www.europesays.com\/fr\/wp-json\/wp\/v2\/tags?post=111853"}],"curies":[{"name":"wp","href":"https:\/\/api.w.org\/{rel}","templated":true}]}}