{"id":1118578,"date":"2026-08-10T03:40:24","date_gmt":"2026-08-10T03:40:24","guid":{"rendered":"https:\/\/www.europesays.com\/fr\/1118578\/"},"modified":"2026-08-10T03:40:24","modified_gmt":"2026-08-10T03:40:24","slug":"apres-limmense-succes-sur-le-titanic-voici-la-nouvelle-exposition-qui-debarque-a-la-sucriere-de-lyon","status":"publish","type":"post","link":"https:\/\/www.europesays.com\/fr\/1118578\/","title":{"rendered":"Apr\u00e8s l&rsquo;immense succ\u00e8s sur le Titanic, voici la nouvelle exposition qui d\u00e9barque \u00e0 La Sucri\u00e8re de Lyon"},"content":{"rendered":"<p>                    Par<br \/>\n        <strong><br \/>\n            <a href=\"https:\/\/actu.fr\/auteur\/ludivine-caporal\" title=\"Consulter tous les articles de Ludivine Caporal\" rel=\"nofollow noopener\" target=\"_blank\">Ludivine Caporal<\/a><br \/>\n                    <\/strong><\/p>\n<p>        Publi\u00e9 le<\/p>\n<p>            9 ao\u00fbt 2026 \u00e0 8h34        <\/p>\n<p>Il sera sans doute difficile de rivaliser avec <a href=\"https:\/\/actu.fr\/auvergne-rhone-alpes\/lyon_69123\/lyon-on-a-embarque-a-bord-du-titanic-dans-cette-exposition-inedite-ce-qu-on-en-pense_63230547.html\" rel=\"nofollow noopener\" target=\"_blank\">le succ\u00e8s immense de \u00ab\u2009Titanic\u2009: un voyage immersif\u2009\u00bb,<\/a> <strong>prolong\u00e9 \u00e0 deux reprises<\/strong> au sein de La Sucri\u00e8re et visit\u00e9 par des centaines de milliers de personnes entre septembre\u00a02025 et juillet\u00a02026.<\/p>\n<p class=\" wall-content\">Mais le travail incroyable de Robert Doisneau saura, sans nul doute, attirer de tr\u00e8s nombreux visiteurs \u00e9galement puisque d\u00e8s le 4\u00a0septembre 2026, l\u2019espace culturel de <a href=\"https:\/\/actu.fr\/auvergne-rhone-alpes\/lyon_69123\" rel=\"nofollow noopener\" target=\"_blank\">Lyon<\/a> se transformera en une <strong>gigantesque r\u00e9trospective<\/strong> consacr\u00e9e au photographe fran\u00e7ais.<\/p>\n<p>\u00ab\u2009Un regard approfondi et renouvel\u00e9\u2009\u00bb sur son \u0153uvre<\/p>\n<p class=\" wall-content\">Intitul\u00e9e \u00ab\u2009Robert Doisneau\u2009: Instants Donn\u00e9s\u2009\u00bb, cette derni\u00e8re proposera \u00ab\u2009un regard approfondi et renouvel\u00e9 sur l\u2019\u0153uvre du photographe.\u2009\u00bb<\/p>\n<p class=\" wall-content\">\u00ab\u2009Loin de l\u2019image r\u00e9ductrice du photographe nostalgique du Paris d\u2019autrefois, cette r\u00e9trospective met en lumi\u00e8re un artiste profond\u00e9ment ancr\u00e9 dans son \u00e9poque, observateur du monde social et des relations humaines\u2009\u00bb, selon les organisateurs.<\/p>\n<p>Des images in\u00e9dites de Lyon pour Vogue en 1950<\/p>\n<p class=\" wall-content\">Le parcours, constitu\u00e9 d\u2019une douzaine de th\u00e8mes, rassemblera <strong>plus de 400 photographies r\u00e9alis\u00e9es entre\u00a01934 et\u00a01992.<\/strong> On y retrouvera des images iconiques\u2009: enfants, portraits d\u2019artistes et d\u2019\u00e9crivains, ambiances de bistrots et de rue mais aussi \u00ab\u2009des sujets beaucoup moins connus comme la photographie sociale [\u2026] ainsi que son travail d\u2019illustrateur pour la presse et la publicit\u00e9\u2009\u00bb.<\/p>\n<p class=\" wall-content\"><a href=\"https:\/\/www.instagram.com\/p\/Dbi150CIqx7\/embed\" title=\"Ouvrir le lien sur Instagram\" rel=\"nofollow noopener\" target=\"_blank\">Visualiser le contenu sur Instagram<\/a><\/p>\n<p class=\" wall-content\">Au sein de l\u2019exposition, il sera \u00e9galement possible d\u2019admirer les photographies de Lyon r\u00e9alis\u00e9es par Robert Doisneau en 1950 pour le magazine Vogue, avec une sc\u00e9nographie in\u00e9dite mettant la capitale des Gaules en lumi\u00e8re.<\/p>\n<p class=\" wall-content\">\u00c0 savoir que les billets (plein tarif \u00e0 partir de 16\u20ac90) pour y acc\u00e9der ne sont pas encore mis en vente mais qu\u2019une liste de pr\u00e9-inscription est disponible <a href=\"https:\/\/www.expo-doisneau.com\/\" rel=\"nofollow noopener\" target=\"_blank\">ici<\/a>.<\/p>\n<p class=\" wall-content\">Personnalisez votre actualit\u00e9 en ajoutant vos villes et m\u00e9dias en favori avec <a href=\"https:\/\/moncompte.actu.fr\" title=\"D\u00e9couvez Mon Actu\" rel=\"nofollow noopener\" data-trk=\"{&quot;cta&quot;:{&quot;action&quot;:&quot;https:\\\/\\\/moncompte.actu.fr&quot;,&quot;category&quot;:&quot;mon compte&quot;,&quot;from&quot;:&quot;article footer&quot;,&quot;name&quot;:&quot;Mon actu&quot;,&quot;type&quot;:&quot;cta&quot;}}\" target=\"_blank\">Mon Actu<\/a>.<\/p>\n<p>                    <script async src=\"\/\/www.instagram.com\/embed.js\"><\/script><\/p>\n","protected":false},"excerpt":{"rendered":"Par Ludivine Caporal Publi\u00e9 le 9 ao\u00fbt 2026 \u00e0 8h34 Il sera sans doute difficile de rivaliser avec&hellip;\n","protected":false},"author":2,"featured_media":1118579,"comment_status":"","ping_status":"","sticky":false,"template":"","format":"standard","meta":{"footnotes":"","_share_on_mastodon":"0"},"categories":[1889],"tags":[1111,11,2430,3157,1777,674,1011,27,40048,1652,2428,12,1756,25],"class_list":["post-1118578","post","type-post","status-publish","format-standard","has-post-thumbnail","category-lyon","tag-actu","tag-actualites","tag-auvergne-rhone-alpes","tag-confluence","tag-eu","tag-europe","tag-fr","tag-france","tag-la-sucriere","tag-loisirs-culture","tag-lyon","tag-news","tag-photographie","tag-republique-francaise"],"share_on_mastodon":{"url":"https:\/\/pubeurope.com\/@fr\/117069140895306845","error":""},"_links":{"self":[{"href":"https:\/\/www.europesays.com\/fr\/wp-json\/wp\/v2\/posts\/1118578","targetHints":{"allow":["GET"]}}],"collection":[{"href":"https:\/\/www.europesays.com\/fr\/wp-json\/wp\/v2\/posts"}],"about":[{"href":"https:\/\/www.europesays.com\/fr\/wp-json\/wp\/v2\/types\/post"}],"author":[{"embeddable":true,"href":"https:\/\/www.europesays.com\/fr\/wp-json\/wp\/v2\/users\/2"}],"replies":[{"embeddable":true,"href":"https:\/\/www.europesays.com\/fr\/wp-json\/wp\/v2\/comments?post=1118578"}],"version-history":[{"count":0,"href":"https:\/\/www.europesays.com\/fr\/wp-json\/wp\/v2\/posts\/1118578\/revisions"}],"wp:featuredmedia":[{"embeddable":true,"href":"https:\/\/www.europesays.com\/fr\/wp-json\/wp\/v2\/media\/1118579"}],"wp:attachment":[{"href":"https:\/\/www.europesays.com\/fr\/wp-json\/wp\/v2\/media?parent=1118578"}],"wp:term":[{"taxonomy":"category","embeddable":true,"href":"https:\/\/www.europesays.com\/fr\/wp-json\/wp\/v2\/categories?post=1118578"},{"taxonomy":"post_tag","embeddable":true,"href":"https:\/\/www.europesays.com\/fr\/wp-json\/wp\/v2\/tags?post=1118578"}],"curies":[{"name":"wp","href":"https:\/\/api.w.org\/{rel}","templated":true}]}}