{"id":111860,"date":"2025-05-19T13:34:08","date_gmt":"2025-05-19T13:34:08","guid":{"rendered":"https:\/\/www.europesays.com\/fr\/111860\/"},"modified":"2025-05-19T13:34:08","modified_gmt":"2025-05-19T13:34:08","slug":"700-000-euros-pour-un-bilan-de-mandat-thomas-rudigoz-fustige-a-son-tour-la-mairie-de-lyon","status":"publish","type":"post","link":"https:\/\/www.europesays.com\/fr\/111860\/","title":{"rendered":"700 000 euros pour \u00ab\u00a0un bilan de mandat\u00a0\u00bb ? Thomas Rudigoz fustige \u00e0 son tour la mairie de Lyon"},"content":{"rendered":"<p><a href=\"https:\/\/www.lyonmag.com\/article\/144001\/entre-400-000-et-700-000-euros-pierre-oliver-accuse-les-ecologistes-de-lancer-leur-campagne-aux-frais-des-lyonnais\" target=\"_blank\" rel=\"noopener\">Apr\u00e8s Pierre Oliver<\/a>, c\u2019est au tour de Thomas Rudigoz, chef de file de Renaissance \u00e0 Lyon, de d\u00e9noncer une op\u00e9ration jug\u00e9e trop proche d\u2019une campagne \u00e9lectorale.<\/p>\n<p>Dans un communiqu\u00e9, l\u2019ancien d\u00e9put\u00e9 Renaissance s\u2019inqui\u00e8te du lancement par le maire \u00e9cologiste d\u2019\u00a0\u00bbune vaste campagne de communication pour faire le bilan de son mandat, \u00e0\u00a0moins d\u2019un an des \u00e9lections municipales\u00a0\u00bb.<\/p>\n<p>Montant estim\u00e9 de l\u2019op\u00e9ration : \u00ab\u00a0jusqu\u2019\u00e0 700 000 euros, int\u00e9gralement financ\u00e9s par les moyens de la Ville\u00a0\u00bb, pr\u00e9cise-t-il.<\/p>\n<p>\u00ab\u00a0Alors que les besoins des Lyonnais en mati\u00e8re de s\u00e9curit\u00e9, de propret\u00e9, de logement ou d\u2019espaces verts restent criants, le maire pr\u00e9f\u00e8re mobiliser des ressources publiques pour soigner son image\u00a0\u00bb, critique Thomas Rudigoz.<\/p>\n<p><strong>\u00ab\u00a0Les Lyonnais attendent des actes, pas un clip de fin de mandat.\u00a0\u00bb<\/strong><\/p>\n<p>Il juge \u00e9galement cette action probl\u00e9matique sur le plan l\u00e9gal et \u00e9thique : \u00ab\u00a0Cette op\u00e9ration intervient \u00e0 quelques semaines seulement du d\u00e9but de la p\u00e9riode l\u00e9gale de limitation des d\u00e9penses de campagne, brouillant dangereusement la fronti\u00e8re entre communication publique et propagande \u00e9lectorale alors que Gr\u00e9gory Doucet a d\u00e9j\u00e0 annonc\u00e9 sa candidature.\u00a0\u00bb<\/p>\n<p>L\u2019\u00e9lu Renaissance pointe par ailleurs une incoh\u00e9rence entre le message \u00e9cologiste de la majorit\u00e9 municipale et les moyens d\u00e9ploy\u00e9s : \u00ab\u00a0Des milliers de tracts, brochures et documents papier sont distribu\u00e9s dans les bo\u00eetes aux lettres, sur la voie publique, dans les lieux de passage\u2026 Une campagne d&rsquo;affichage et de diffusion omnipr\u00e9sente, qui g\u00e9n\u00e8re une empreinte \u00e9cologique consid\u00e9rable.\u00a0\u00bb<\/p>\n<p>Avant de conclure :<strong>\u00a0<\/strong>\u00ab\u00a0Les outils de la Ville doivent servir tous les Lyonnais, pas les int\u00e9r\u00eats d\u2019un seul. Cette confusion des genres entre bilan de mandat et campagne \u00e9lectorale n\u2019est pas acceptable. Les Lyonnais attendent des actes, pas un clip de fin de mandat.\u00a0\u00bb<\/p>\n<p>Thomas Rudigoz demande ainsi \u00ab\u00a0la fin imm\u00e9diate de cette op\u00e9ration co\u00fbteuse\u00a0\u00bb\u00a0et \u00ab\u00a0rappelle que l\u2019argent public doit servir l\u2019int\u00e9r\u00eat g\u00e9n\u00e9ral, pas la communication personnelle d\u2019un maire sortant.\u00a0\u00bb<\/p>\n","protected":false},"excerpt":{"rendered":"Apr\u00e8s Pierre Oliver, c\u2019est au tour de Thomas Rudigoz, chef de file de Renaissance \u00e0 Lyon, de d\u00e9noncer&hellip;\n","protected":false},"author":2,"featured_media":111861,"comment_status":"","ping_status":"","sticky":false,"template":"","format":"standard","meta":{"footnotes":""},"categories":[1889],"tags":[1111,11,2813,2190,2430,1109,251,1112,2811,1777,674,118,1011,27,1922,1110,1114,2428,2810,12,241,316,25,2812,517,800],"class_list":{"0":"post-111860","1":"post","2":"type-post","3":"status-publish","4":"format-standard","5":"has-post-thumbnail","7":"category-lyon","8":"tag-actu","9":"tag-actualites","10":"tag-article","11":"tag-asvel","12":"tag-auvergne-rhone-alpes","13":"tag-breves","14":"tag-culture","15":"tag-depeches","16":"tag-economique","17":"tag-eu","18":"tag-europe","19":"tag-faits-divers","20":"tag-fr","21":"tag-france","22":"tag-info","23":"tag-informations","24":"tag-infos","25":"tag-lyon","26":"tag-lyonmag","27":"tag-news","28":"tag-ol","29":"tag-politique","30":"tag-republique-francaise","31":"tag-sociale","32":"tag-sport","33":"tag-transports"},"share_on_mastodon":{"url":"https:\/\/pubeurope.com\/@fr\/114534761506335065","error":""},"_links":{"self":[{"href":"https:\/\/www.europesays.com\/fr\/wp-json\/wp\/v2\/posts\/111860","targetHints":{"allow":["GET"]}}],"collection":[{"href":"https:\/\/www.europesays.com\/fr\/wp-json\/wp\/v2\/posts"}],"about":[{"href":"https:\/\/www.europesays.com\/fr\/wp-json\/wp\/v2\/types\/post"}],"author":[{"embeddable":true,"href":"https:\/\/www.europesays.com\/fr\/wp-json\/wp\/v2\/users\/2"}],"replies":[{"embeddable":true,"href":"https:\/\/www.europesays.com\/fr\/wp-json\/wp\/v2\/comments?post=111860"}],"version-history":[{"count":0,"href":"https:\/\/www.europesays.com\/fr\/wp-json\/wp\/v2\/posts\/111860\/revisions"}],"wp:featuredmedia":[{"embeddable":true,"href":"https:\/\/www.europesays.com\/fr\/wp-json\/wp\/v2\/media\/111861"}],"wp:attachment":[{"href":"https:\/\/www.europesays.com\/fr\/wp-json\/wp\/v2\/media?parent=111860"}],"wp:term":[{"taxonomy":"category","embeddable":true,"href":"https:\/\/www.europesays.com\/fr\/wp-json\/wp\/v2\/categories?post=111860"},{"taxonomy":"post_tag","embeddable":true,"href":"https:\/\/www.europesays.com\/fr\/wp-json\/wp\/v2\/tags?post=111860"}],"curies":[{"name":"wp","href":"https:\/\/api.w.org\/{rel}","templated":true}]}}