{"id":111862,"date":"2025-05-19T13:35:08","date_gmt":"2025-05-19T13:35:08","guid":{"rendered":"https:\/\/www.europesays.com\/fr\/111862\/"},"modified":"2025-05-19T13:35:08","modified_gmt":"2025-05-19T13:35:08","slug":"deux-cameras-de-videosurveillance-installees-pour-securiser-loeuvre-de-la-place-bellecour","status":"publish","type":"post","link":"https:\/\/www.europesays.com\/fr\/111862\/","title":{"rendered":"deux cam\u00e9ras de vid\u00e9osurveillance install\u00e9es pour s\u00e9curiser l\u2019\u0153uvre de la place Bellecour"},"content":{"rendered":"<p>L\u2019opposition LR ironise sur l\u2019augmentation du nombre de cam\u00e9ras en ville et le changement de strat\u00e9gie de la mairie \u00e9cologiste sur le sujet.<\/p>\n<p class=\"fig-paragraph\">Install\u00e9e sur une seule partie de la place Bellecour,\u00a0<a href=\"http:\/\/www.lefigaro.fr\/lyon\/lyon-les-ombrieres-geantes-de-la-place-bellecour-se-devoilent-peu-a-peu-20250425\" data-fig-type=\"NewsFlash\" data-gtm-custom-categorie=\"navigation\" data-gtm-custom-action=\"crossclick\" data-gtm-custom-label=\"Contextuel\" data-gtm-event=\"customEventSPE\" data-fig-domain=\"LEFIGARO\" target=\"_blank\" rel=\"noopener\">l\u2019\u0153uvre Tissage Urbain, dont l\u2019inauguration<\/a>\u00a0d\u00e9finitive est pr\u00e9vue pour juillet, ne finit plus de faire parler. Derni\u00e8re pol\u00e9mique en date, sa s\u00e9curisation. Lors du dernier conseil municipal, Pierre Oliver, maire LR du 2e arrondissement, s\u2019est \u00e9tonn\u00e9 de l\u2019installation de deux nouvelles cam\u00e9ras pour assurer la s\u00e9curisation de l\u2019\u0153uvre\u00a0: \u00abJ\u2019avoue que les bras nous en tombent. Alors qu\u2019il faut se battre pour vous voir bouger sur la vid\u00e9osurveillance, l\u00e0, vous y allez sans difficult\u00e9\u00bb.<\/p>\n<p class=\"fig-paragraph\">Et d\u2019ironiser\u00a0: \u00abEsp\u00e9rons qu\u2019avec ces nouvelles cam\u00e9ras, cela dissuadera les tagueurs du socle de la statue de Louis XIV ou permettra de les arr\u00eater lors d\u2019une prochaine d\u00e9gradation\u00bb. Le co\u00fbt de l\u2019installation de ces deux cam\u00e9ras est estim\u00e9 \u00e0 un peu plus de 60.000\u20ac. Pierre Oliver, candidat d\u00e9clar\u00e9 pour l\u2019\u00e9lection municipale de 2026 a d\u2019ores et d\u00e9j\u00e0 annonc\u00e9 sa volont\u00e9\u00a0<a href=\"http:\/\/www.lefigaro.fr\/lyon\/municipales-a-lyon-pierre-oliver-officialise-sa-candidature-pour-porter-la-voix-de-la-droite-urbaine-20250325\" data-fig-type=\"NewsFlash\" data-gtm-custom-categorie=\"navigation\" data-gtm-custom-action=\"crossclick\" data-gtm-custom-label=\"Contextuel\" data-gtm-event=\"customEventSPE\" data-fig-domain=\"LEFIGARO\" target=\"_blank\" rel=\"noopener\">d\u2019installer 2000 cam\u00e9ras \u00e0 Lyon en cas de victoire<\/a>.<\/p>\n<p class=\"fig-body-link\">\n            \u00c0 lire aussi<br \/>\n        <a class=\"fig-body-link__link\" href=\"http:\/\/www.lefigaro.fr\/lyon\/les-bacs-a-fleurs-de-collomb-en-plus-cher-a-lyon-le-projet-de-vegetalisation-de-bellecour-pas-encore-devoile-mais-deja-decrie-20241031\" data-fig-type=\"NewsFlash\" data-gtm-custom-categorie=\"navigation\" data-gtm-custom-action=\"crossclick\" data-gtm-custom-label=\"Contextuel\" data-gtm-event=\"customEventSPE\" data-fig-domain=\"LEFIGARO\" target=\"_blank\" rel=\"noopener\">\u00abLes bacs \u00e0 fleurs de Collomb en plus cher\u00bb\u00a0: \u00e0 Lyon, le projet de v\u00e9g\u00e9talisation de Bellecour pas encore d\u00e9voil\u00e9 mais d\u00e9j\u00e0 d\u00e9cri\u00e9<br \/>\n    <\/a>\n<\/p>\n<p>Une alerte de la pr\u00e9fecture<\/p>\n<p class=\"fig-paragraph\">C\u00f4t\u00e9 ville de Lyon, autrefois mise de c\u00f4t\u00e9,\u00a0<a href=\"http:\/\/www.lefigaro.fr\/lyon\/pourquoi-le-maire-ecologiste-de-lyon-a-t-il-change-d-avis-sur-la-videosurveillance-20241212\" data-fig-type=\"NewsFlash\" data-gtm-custom-categorie=\"navigation\" data-gtm-custom-action=\"crossclick\" data-gtm-custom-label=\"Contextuel\" data-gtm-event=\"customEventSPE\" data-fig-domain=\"LEFIGARO\" target=\"_blank\" rel=\"noopener\">la question de la vid\u00e9oprotection a finalement \u00e9t\u00e9 r\u00e9investie par la mairie \u00e9cologiste<\/a>. Fin d\u00e9cembre 2024, Gr\u00e9gory Doucet a annonc\u00e9 vouloir augmenter de 30 \u00e0 60 cam\u00e9ras le parc de la ville, soit environ 10% du nombre total. Questionn\u00e9 en d\u00e9cembre dernier sur ce changement de strat\u00e9gie, Gr\u00e9gory Doucet avait pr\u00e9f\u00e9r\u00e9 parler de \u00abpragmatisme\u00bb face \u00e0 de \u00abnouveaux espaces publics et donc de nouveaux besoins\u00bb.<\/p>\n<p class=\"fig-paragraph\">La s\u00e9curit\u00e9 de\u00a0<a href=\"http:\/\/www.lefigaro.fr\/lyon\/ombrieres-sur-la-place-bellecour-a-lyon-des-riverains-vent-debout-contre-le-projet-20241126\" data-fig-type=\"NewsFlash\" data-gtm-custom-categorie=\"navigation\" data-gtm-custom-action=\"crossclick\" data-gtm-custom-label=\"Contextuel\" data-gtm-event=\"customEventSPE\" data-fig-domain=\"LEFIGARO\" target=\"_blank\" rel=\"noopener\">l\u2019\u0153uvre place Bellecour<\/a>\u00a0avait fait l\u2019objet d\u2019une \u00e9tude de la part des services de l\u2019\u00c9tat. Ces derniers avaient jug\u00e9 acceptable la conformit\u00e9 de l\u2019\u0153uvre vis-\u00e0-vis des r\u00e8gles relatives aux monuments historiques mais avaient alert\u00e9 sur les aspects li\u00e9s \u00e0 la s\u00e9curit\u00e9, \u00e0 la r\u00e9sistance au feu et la gestion des \u00e9ventuelles manifestations qui finissent r\u00e9guli\u00e8rement sur la place Bellecour.<\/p>\n","protected":false},"excerpt":{"rendered":"L\u2019opposition LR ironise sur l\u2019augmentation du nombre de cam\u00e9ras en ville et le changement de strat\u00e9gie de la&hellip;\n","protected":false},"author":2,"featured_media":111863,"comment_status":"","ping_status":"","sticky":false,"template":"","format":"standard","meta":{"footnotes":""},"categories":[1889],"tags":[1111,11,5273,2430,5299,5272,13208,5312,5296,5285,1777,674,5293,1011,27,5303,5311,5226,5301,5279,5275,5313,5276,5300,5302,5280,5298,5281,5306,5305,5308,5309,5284,5294,5297,5269,5271,5268,5270,5267,2428,5295,5307,5277,5304,5283,12,978,5274,25,2431,5314,5288,5292,5289,5291,5290,5315,5282,5286,11941,5310,5287,5278],"class_list":{"0":"post-111862","1":"post","2":"type-post","3":"status-publish","4":"format-standard","5":"has-post-thumbnail","7":"category-lyon","8":"tag-actu","9":"tag-actualites","10":"tag-ainay","11":"tag-auvergne-rhone-alpes","12":"tag-bellecombe","13":"tag-bellecour","14":"tag-chaleur","15":"tag-champvert-nord","16":"tag-champvert-sud","17":"tag-clos-jouve","18":"tag-eu","19":"tag-europe","20":"tag-fourviere","21":"tag-fr","22":"tag-france","23":"tag-gerland","24":"tag-gorge-de-loup","25":"tag-gregory-doucet","26":"tag-jean-mace","27":"tag-la-buire","28":"tag-la-confluence","29":"tag-la-duchere","30":"tag-la-guillotiere-nord-prefecture","31":"tag-la-guillotiere-sud","32":"tag-la-mouche","33":"tag-la-part-dieu","34":"tag-la-tete-dor","35":"tag-la-villette","36":"tag-laennec","37":"tag-le-bachut","38":"tag-le-grand-trou","39":"tag-le-moulin-a-vent","40":"tag-le-plateau-de-la-croix-rousse","41":"tag-le-point-du-jour","42":"tag-les-brotteaux","43":"tag-les-chartreux","44":"tag-les-cordeliers","45":"tag-les-pentes-de-la-croix-rousse","46":"tag-les-terreaux","47":"tag-les-traboules","48":"tag-lyon","49":"tag-menival","50":"tag-mermoz","51":"tag-moncey","52":"tag-monplaisir","53":"tag-montchat","54":"tag-news","55":"tag-olympique-lyonnais","56":"tag-perrache","57":"tag-republique-francaise","58":"tag-rhone-alpes","59":"tag-rochecardon-industrie","60":"tag-saint-georges","61":"tag-saint-irenee","62":"tag-saint-jean","63":"tag-saint-just","64":"tag-saint-paul","65":"tag-saint-rambert-lile-barbe","66":"tag-sans-souci-dauphine","67":"tag-serin-saint-charles","68":"tag-surveillance-video","69":"tag-vaise","70":"tag-vieux-lyon","71":"tag-voltaire"},"share_on_mastodon":{"url":"","error":"Validation failed: Text character limit of 500 exceeded"},"_links":{"self":[{"href":"https:\/\/www.europesays.com\/fr\/wp-json\/wp\/v2\/posts\/111862","targetHints":{"allow":["GET"]}}],"collection":[{"href":"https:\/\/www.europesays.com\/fr\/wp-json\/wp\/v2\/posts"}],"about":[{"href":"https:\/\/www.europesays.com\/fr\/wp-json\/wp\/v2\/types\/post"}],"author":[{"embeddable":true,"href":"https:\/\/www.europesays.com\/fr\/wp-json\/wp\/v2\/users\/2"}],"replies":[{"embeddable":true,"href":"https:\/\/www.europesays.com\/fr\/wp-json\/wp\/v2\/comments?post=111862"}],"version-history":[{"count":0,"href":"https:\/\/www.europesays.com\/fr\/wp-json\/wp\/v2\/posts\/111862\/revisions"}],"wp:featuredmedia":[{"embeddable":true,"href":"https:\/\/www.europesays.com\/fr\/wp-json\/wp\/v2\/media\/111863"}],"wp:attachment":[{"href":"https:\/\/www.europesays.com\/fr\/wp-json\/wp\/v2\/media?parent=111862"}],"wp:term":[{"taxonomy":"category","embeddable":true,"href":"https:\/\/www.europesays.com\/fr\/wp-json\/wp\/v2\/categories?post=111862"},{"taxonomy":"post_tag","embeddable":true,"href":"https:\/\/www.europesays.com\/fr\/wp-json\/wp\/v2\/tags?post=111862"}],"curies":[{"name":"wp","href":"https:\/\/api.w.org\/{rel}","templated":true}]}}