{"id":111868,"date":"2025-05-19T13:39:07","date_gmt":"2025-05-19T13:39:07","guid":{"rendered":"https:\/\/www.europesays.com\/fr\/111868\/"},"modified":"2025-05-19T13:39:07","modified_gmt":"2025-05-19T13:39:07","slug":"en-intervention-pour-un-rodeo-urbain-un-policier-se-fait-percuter-par-une-moto","status":"publish","type":"post","link":"https:\/\/www.europesays.com\/fr\/111868\/","title":{"rendered":"en intervention pour un rod\u00e9o urbain, un policier se fait percuter par une moto"},"content":{"rendered":"<p>            Par<br \/>\n        <strong><br \/>\n            <a href=\"https:\/\/actu.fr\/auteur\/antoine-blanchet\" title=\"Consulter tous les articles de Antoine Blanchet\" target=\"_blank\" rel=\"noopener\">Antoine Blanchet<\/a><br \/>\n        <\/strong><\/p>\n<p>        Publi\u00e9 le<\/p>\n<p>            19 mai 2025 \u00e0 15h07        <\/p>\n<p>Dimanche 18\u00a0mai 2025, un policier <strong>a \u00e9t\u00e9 percut\u00e9 par une moto<\/strong> \u00e0 <a href=\"https:\/\/actu.fr\/ile-de-france\/thiais_94073\" target=\"_blank\" rel=\"noopener\">Thiais<\/a> dans le <a href=\"https:\/\/actu.fr\/ile-de-france\/val-de-marne_94\" target=\"_blank\" rel=\"noopener\">Val-de-Marne<\/a>, nous indique le parquet de <a href=\"https:\/\/actu.fr\/ile-de-france\/creteil_94028\" target=\"_blank\" rel=\"noopener\">Cr\u00e9teil<\/a>, confirmant une information <a href=\"https:\/\/actu17.fr\/faits-divers\/rodeo-sauvage-a-motocross-a-thiais-un-policier-percute-et-quatre-interpellations.html\" target=\"_blank\" rel=\"noopener\">d\u2019Actu17<\/a>. L\u2019agent \u00e9tait en intervention pour stopper un rod\u00e9o urbain. Il a \u00e9t\u00e9 hospitalis\u00e9. Quatre personnes ont \u00e9t\u00e9 interpell\u00e9es.<\/p>\n<p>Le policier hospitalis\u00e9<\/p>\n<p class=\" wall-content\">Les faits se sont produits vers 16\u00a0heures. La police s\u2019est rendue<strong> sur la cit\u00e9 des Grands Champs<\/strong> pour stopper un rod\u00e9o urbain. C\u2019est \u00e0 ce moment que plusieurs individus en motocross ont fonc\u00e9 d\u00e9lib\u00e9r\u00e9ment sur les agents. L\u2019un d\u2019eux a \u00e9t\u00e9 percut\u00e9. Bless\u00e9 \u00e0 l\u2019\u00e9paule et au genou, il a \u00e9t\u00e9 hospitalis\u00e9.<\/p>\n<p>Enqu\u00eate ouverte<\/p>\n<p class=\" wall-content\">Quatre personnes ont \u00e9t\u00e9 interpell\u00e9es par la police. Une enqu\u00eate de flagrance est en cours pour<strong> violence volontaire sur personne d\u00e9positaire de l\u2019autorit\u00e9 publique<\/strong>, nous indique le parquet de Cr\u00e9teil. Les investigations ont \u00e9t\u00e9 confi\u00e9es au commissariat de <a href=\"https:\/\/actu.fr\/ile-de-france\/l-hay-les-roses_94038\" target=\"_blank\" rel=\"noopener\">L\u2019Ha\u00ff-les-Roses<\/a>.<\/p>\n<p class=\" wall-content\">Suivez toute l\u2019actualit\u00e9 de vos villes et m\u00e9dias favoris en vous inscrivant \u00e0 <a href=\"https:\/\/moncompte.actu.fr\" title=\"D\u00e9couvez Mon Actu\" rel=\"nofollow noopener\" data-trk=\"{&quot;cta&quot;:{&quot;action&quot;:&quot;https:\\\/\\\/moncompte.actu.fr&quot;,&quot;category&quot;:&quot;mon compte&quot;,&quot;from&quot;:&quot;article footer&quot;,&quot;name&quot;:&quot;Mon actu&quot;,&quot;type&quot;:&quot;cta&quot;}}\" target=\"_blank\">Mon Actu<\/a>.<\/p>\n","protected":false},"excerpt":{"rendered":"Par Antoine Blanchet Publi\u00e9 le 19 mai 2025 \u00e0 15h07 Dimanche 18\u00a0mai 2025, un policier a \u00e9t\u00e9 percut\u00e9&hellip;\n","protected":false},"author":2,"featured_media":111869,"comment_status":"","ping_status":"","sticky":false,"template":"","format":"standard","meta":{"footnotes":""},"categories":[1888],"tags":[1111,1928,11,1927,1777,674,118,1011,27,12,1926,626,1925,1072,25,5575],"class_list":{"0":"post-111868","1":"post","2":"type-post","3":"status-publish","4":"format-standard","5":"has-post-thumbnail","7":"category-paris","8":"tag-actu","9":"tag-actu-paris","10":"tag-actualites","11":"tag-actualites-paris","12":"tag-eu","13":"tag-europe","14":"tag-faits-divers","15":"tag-fr","16":"tag-france","17":"tag-news","18":"tag-news-paris","19":"tag-paris","20":"tag-paris-news","21":"tag-police","22":"tag-republique-francaise","23":"tag-rodeos-urbains"},"share_on_mastodon":{"url":"https:\/\/pubeurope.com\/@fr\/114534781392404533","error":""},"_links":{"self":[{"href":"https:\/\/www.europesays.com\/fr\/wp-json\/wp\/v2\/posts\/111868","targetHints":{"allow":["GET"]}}],"collection":[{"href":"https:\/\/www.europesays.com\/fr\/wp-json\/wp\/v2\/posts"}],"about":[{"href":"https:\/\/www.europesays.com\/fr\/wp-json\/wp\/v2\/types\/post"}],"author":[{"embeddable":true,"href":"https:\/\/www.europesays.com\/fr\/wp-json\/wp\/v2\/users\/2"}],"replies":[{"embeddable":true,"href":"https:\/\/www.europesays.com\/fr\/wp-json\/wp\/v2\/comments?post=111868"}],"version-history":[{"count":0,"href":"https:\/\/www.europesays.com\/fr\/wp-json\/wp\/v2\/posts\/111868\/revisions"}],"wp:featuredmedia":[{"embeddable":true,"href":"https:\/\/www.europesays.com\/fr\/wp-json\/wp\/v2\/media\/111869"}],"wp:attachment":[{"href":"https:\/\/www.europesays.com\/fr\/wp-json\/wp\/v2\/media?parent=111868"}],"wp:term":[{"taxonomy":"category","embeddable":true,"href":"https:\/\/www.europesays.com\/fr\/wp-json\/wp\/v2\/categories?post=111868"},{"taxonomy":"post_tag","embeddable":true,"href":"https:\/\/www.europesays.com\/fr\/wp-json\/wp\/v2\/tags?post=111868"}],"curies":[{"name":"wp","href":"https:\/\/api.w.org\/{rel}","templated":true}]}}