{"id":111870,"date":"2025-05-19T13:40:10","date_gmt":"2025-05-19T13:40:10","guid":{"rendered":"https:\/\/www.europesays.com\/fr\/111870\/"},"modified":"2025-05-19T13:40:10","modified_gmt":"2025-05-19T13:40:10","slug":"pau-paris-toulouse-lorient-les-taxis-multiplient-les-operations-escargots","status":"publish","type":"post","link":"https:\/\/www.europesays.com\/fr\/111870\/","title":{"rendered":"Pau, Paris, Toulouse, Lorient\u2026 Les taxis multiplient les op\u00e9rations escargots"},"content":{"rendered":"<p><strong>Taxi au ralenti &#8211; Des milliers de taxis manifestent lundi en France pour d\u00e9noncer la concurrence des VTC et un projet de r\u00e9forme tarifaire du transport sanitaire, qui menace leurs revenus<\/strong><\/p>\n<p>Concurrence des <a href=\"https:\/\/www.20minutes.fr\/dossier\/vtc?at_medium=RSS%20feed&amp;at_campaign=ynews&amp;utm_source=yahoo&amp;utm_medium=rss&amp;utm_campaign=news_feed&amp;utm_content=in_article_link\" rel=\"nofollow noopener\" target=\"_blank\" data-ylk=\"slk:VTC;elm:context_link;itc:0;sec:content-canvas\" class=\"link \">VTC <\/a>et nouvelles conditions tarifaires du transport sanitaire\u2026 Des milliers de <a href=\"https:\/\/www.20minutes.fr\/dossier\/taxi?at_medium=RSS%20feed&amp;at_campaign=ynews&amp;utm_source=yahoo&amp;utm_medium=rss&amp;utm_campaign=news_feed&amp;utm_content=in_article_link\" rel=\"nofollow noopener\" target=\"_blank\" data-ylk=\"slk:taxis;elm:context_link;itc:0;sec:content-canvas\" class=\"link \">taxis <\/a>manifestent ce lundi \u00e0 travers la France, \u00e0 Pau, Lorient, Paris ou Bastia. A Paris, plusieurs centaines bloquaient, \u00e0 grand renfort de klaxons et fumig\u00e8nes, le boulevard Raspail pr\u00e8s du minist\u00e8re des <a href=\"https:\/\/www.20minutes.fr\/dossier\/transport?at_medium=RSS%20feed&amp;at_campaign=ynews&amp;utm_source=yahoo&amp;utm_medium=rss&amp;utm_campaign=news_feed&amp;utm_content=in_article_link\" rel=\"nofollow noopener\" target=\"_blank\" data-ylk=\"slk:Transports;elm:context_link;itc:0;sec:content-canvas\" class=\"link \">Transports<\/a>.<\/p>\n<p>\u00ab C\u2019est ici que se prennent les plus grosses d\u00e9cisions, il faut qu\u2019on se montre \u00bb, a d\u00e9clar\u00e9 Claude Voltzenlogel, 48 ans. Cet artisan taxi du Bas-Rhin est parti de Strasbourg vers minuit en convoi avec une vingtaine de coll\u00e8gues. \u00ab On restera plusieurs jours s\u2019il le faut. On pr\u00e9f\u00e8re perdre une semaine de chiffre d\u2019affaires que perdre nos entreprises \u00bb, a-t-il soulign\u00e9.<\/p>\n<p>Croissance des d\u00e9penses de transport sanitaire<\/p>\n<p>Un projet de l\u2019Assurance maladie, qui doit encore \u00eatre approuv\u00e9 par le gouvernement, entend instaurer \u00e0 partir du 1er octobre un mod\u00e8le unique sur le territoire pour le transport des malades par les chauffeurs de taxis conventionn\u00e9s, pour remplacer l\u2019actuelle \u00ab usine \u00e0 gaz \u00bb, avait expliqu\u00e9 jeudi Marguerite Cazeneuve, la num\u00e9ro 2 de la Cnam.<\/p>\n<p>L\u2019objectif est de contr\u00f4ler la croissance des d\u00e9penses de transport sanitaire, qui ont atteint 6,74 milliards d\u2019euros en 2024, dont 3,07 milliards pour les taxis conventionn\u00e9s (avec un bond de 45 % depuis 2019). Les taxis seront r\u00e9mun\u00e9r\u00e9s sur la base d\u2019un forfait de prise en charge de 13 euros et d\u2019une tarification kilom\u00e9trique. Apr\u00e8s une s\u00e9rie de manifestations, les chauffeurs sont appel\u00e9s \u00e0 se mobiliser de nouveau lund(&#8230;)<\/p>\n<p><a href=\"https:\/\/www.20minutes.fr\/societe\/4154276-20250519-transport-malades-pau-paris-toulouse-lorient-taxis-multiplient-operations-escargots?at_medium=RSS%20feed&amp;at_campaign=ynews&amp;utm_source=yahoo&amp;utm_medium=rss&amp;utm_campaign=news_feed&amp;utm_content=read_more_link\" rel=\"nofollow noopener\" target=\"_blank\" data-ylk=\"slk:Lire la suite sur 20minutes;elm:context_link;itc:0;sec:content-canvas\" class=\"link \">Lire la suite sur 20minutes<\/a><\/p>\n<p>\u00c0 lire aussi :<br \/><a href=\"https:\/\/www.20minutes.fr\/economie\/4154121-20250518-transport-malades-taxis-manifestent-lundi-peu-partout-france?at_medium=RSS%20feed&amp;at_campaign=ynews&amp;utm_source=yahoo&amp;utm_medium=rss&amp;utm_campaign=news_feed&amp;utm_content=related_content_link\" rel=\"nofollow noopener\" target=\"_blank\" data-ylk=\"slk:Transport de malades : Les taxis manifestent lundi un peu partout en France;elm:context_link;itc:0;sec:content-canvas\" class=\"link \">Transport de malades : Les taxis manifestent lundi un peu partout en France<\/a><br \/><a href=\"https:\/\/www.20minutes.fr\/societe\/4151176-20250430-voies-covoiturage-peripherique-parisien-premieres-amendes-dressees-partir-2-mai?at_medium=RSS%20feed&amp;at_campaign=ynews&amp;utm_source=yahoo&amp;utm_medium=rss&amp;utm_campaign=news_feed&amp;utm_content=related_content_link\" rel=\"nofollow noopener\" target=\"_blank\" data-ylk=\"slk:Voies de covoiturage sur le p\u00e9riph\u00e9rique parisien : les premi\u00e8res amendes seront dress\u00e9es \u00e0 partir du 2 mai;elm:context_link;itc:0;sec:content-canvas\" class=\"link \">Voies de covoiturage sur le p\u00e9riph\u00e9rique parisien : les premi\u00e8res amendes seront dress\u00e9es \u00e0 partir du 2 mai<\/a><\/p>\n","protected":false},"excerpt":{"rendered":"Taxi au ralenti &#8211; Des milliers de taxis manifestent lundi en France pour d\u00e9noncer la concurrence des VTC&hellip;\n","protected":false},"author":2,"featured_media":111871,"comment_status":"","ping_status":"","sticky":false,"template":"","format":"standard","meta":{"footnotes":""},"categories":[1888],"tags":[1111,1928,11,1927,23122,1777,674,1011,27,12,1926,626,1925,25,13489,9699],"class_list":{"0":"post-111870","1":"post","2":"type-post","3":"status-publish","4":"format-standard","5":"has-post-thumbnail","7":"category-paris","8":"tag-actu","9":"tag-actu-paris","10":"tag-actualites","11":"tag-actualites-paris","12":"tag-claude-voltzenlogel","13":"tag-eu","14":"tag-europe","15":"tag-fr","16":"tag-france","17":"tag-news","18":"tag-news-paris","19":"tag-paris","20":"tag-paris-news","21":"tag-republique-francaise","22":"tag-transport-sanitaire","23":"tag-vtc"},"share_on_mastodon":{"url":"https:\/\/pubeurope.com\/@fr\/114534785064919603","error":""},"_links":{"self":[{"href":"https:\/\/www.europesays.com\/fr\/wp-json\/wp\/v2\/posts\/111870","targetHints":{"allow":["GET"]}}],"collection":[{"href":"https:\/\/www.europesays.com\/fr\/wp-json\/wp\/v2\/posts"}],"about":[{"href":"https:\/\/www.europesays.com\/fr\/wp-json\/wp\/v2\/types\/post"}],"author":[{"embeddable":true,"href":"https:\/\/www.europesays.com\/fr\/wp-json\/wp\/v2\/users\/2"}],"replies":[{"embeddable":true,"href":"https:\/\/www.europesays.com\/fr\/wp-json\/wp\/v2\/comments?post=111870"}],"version-history":[{"count":0,"href":"https:\/\/www.europesays.com\/fr\/wp-json\/wp\/v2\/posts\/111870\/revisions"}],"wp:featuredmedia":[{"embeddable":true,"href":"https:\/\/www.europesays.com\/fr\/wp-json\/wp\/v2\/media\/111871"}],"wp:attachment":[{"href":"https:\/\/www.europesays.com\/fr\/wp-json\/wp\/v2\/media?parent=111870"}],"wp:term":[{"taxonomy":"category","embeddable":true,"href":"https:\/\/www.europesays.com\/fr\/wp-json\/wp\/v2\/categories?post=111870"},{"taxonomy":"post_tag","embeddable":true,"href":"https:\/\/www.europesays.com\/fr\/wp-json\/wp\/v2\/tags?post=111870"}],"curies":[{"name":"wp","href":"https:\/\/api.w.org\/{rel}","templated":true}]}}