{"id":111883,"date":"2025-05-19T13:47:08","date_gmt":"2025-05-19T13:47:08","guid":{"rendered":"https:\/\/www.europesays.com\/fr\/111883\/"},"modified":"2025-05-19T13:47:08","modified_gmt":"2025-05-19T13:47:08","slug":"la-chine-met-en-garde-lallemagne-contre-toute-tentative-de-desengagement-economique","status":"publish","type":"post","link":"https:\/\/www.europesays.com\/fr\/111883\/","title":{"rendered":"La Chine met en garde l&rsquo;Allemagne contre toute tentative de \u00abd\u00e9sengagement \u00e9conomique\u00bb"},"content":{"rendered":"<p class=\"fig-paragraph\">La Chine a mis en garde lundi l&rsquo;Allemagne\u00a0<a href=\"http:\/\/www.lefigaro.fr\/conjoncture\/droits-de-douane-la-chine-ralentit-la-zone-euro-resiste-sauf-l-allemagne-20250422\" data-fig-type=\"Article\" data-gtm-custom-categorie=\"navigation\" data-gtm-custom-action=\"crossclick\" data-gtm-custom-label=\"Contextuel\" data-gtm-event=\"customEventSPE\" data-fig-domain=\"LEFIGARO\" target=\"_blank\" rel=\"noopener\">contre toute tentative de \u00abd\u00e9sengagement \u00e9conomique\u00bb<\/a>, son nouveau chancelier cherchant \u00e0 r\u00e9duire sa forte d\u00e9pendance \u00e0 l&rsquo;\u00e9gard de P\u00e9kin, a rapport\u00e9 l&rsquo;agence de presse officielle Xinhua.<\/p>\n<p class=\"fig-paragraph\">Le chef de la diplomatie chinoise, Wang Yi, a d\u00e9clar\u00e9 que les deux pays devraient \u00e9viter de \u00absaper la coop\u00e9ration bilat\u00e9rale normale au nom de ce qu&rsquo;on appelle le d\u00e9sengagement \u00e9conomique\u00bb, lors d&rsquo;un entretien t\u00e9l\u00e9phonique avec son homologue allemand, Johann Wadephul.<\/p>\n","protected":false},"excerpt":{"rendered":"La Chine a mis en garde lundi l&rsquo;Allemagne\u00a0contre toute tentative de \u00abd\u00e9sengagement \u00e9conomique\u00bb, son nouveau chancelier cherchant \u00e0&hellip;\n","protected":false},"author":2,"featured_media":111884,"comment_status":"","ping_status":"","sticky":false,"template":"","format":"standard","meta":{"footnotes":""},"categories":[1587],"tags":[1111,47,11,672,1117,1109,1804,309,1805,1112,1803,636,33,341,257,1777,674,632,1108,107,1106,1107,1119,1801,1116,1110,1114,500,12,1113,1118,1802,137,401,1115],"class_list":{"0":"post-111883","1":"post","2":"type-post","3":"status-publish","4":"format-standard","5":"has-post-thumbnail","7":"category-allemagne","8":"tag-actu","9":"tag-actualite","10":"tag-actualites","11":"tag-allemagne","12":"tag-assurance","13":"tag-breves","14":"tag-bundesrepublik-deutschland","15":"tag-chine","16":"tag-de","17":"tag-depeches","18":"tag-deutschland","19":"tag-devises","20":"tag-economie","21":"tag-emploi","22":"tag-entreprise","23":"tag-eu","24":"tag-europe","25":"tag-fcp","26":"tag-fil","27":"tag-fil-info","28":"tag-flash","29":"tag-flash-actu","30":"tag-formation","31":"tag-germany","32":"tag-immobilier","33":"tag-informations","34":"tag-infos","35":"tag-medias","36":"tag-news","37":"tag-nouvelles","38":"tag-placement","39":"tag-republique-federale-dallemagne","40":"tag-retraite","41":"tag-sicav","42":"tag-taux"},"share_on_mastodon":{"url":"https:\/\/pubeurope.com\/@fr\/114534812443473324","error":""},"_links":{"self":[{"href":"https:\/\/www.europesays.com\/fr\/wp-json\/wp\/v2\/posts\/111883","targetHints":{"allow":["GET"]}}],"collection":[{"href":"https:\/\/www.europesays.com\/fr\/wp-json\/wp\/v2\/posts"}],"about":[{"href":"https:\/\/www.europesays.com\/fr\/wp-json\/wp\/v2\/types\/post"}],"author":[{"embeddable":true,"href":"https:\/\/www.europesays.com\/fr\/wp-json\/wp\/v2\/users\/2"}],"replies":[{"embeddable":true,"href":"https:\/\/www.europesays.com\/fr\/wp-json\/wp\/v2\/comments?post=111883"}],"version-history":[{"count":0,"href":"https:\/\/www.europesays.com\/fr\/wp-json\/wp\/v2\/posts\/111883\/revisions"}],"wp:featuredmedia":[{"embeddable":true,"href":"https:\/\/www.europesays.com\/fr\/wp-json\/wp\/v2\/media\/111884"}],"wp:attachment":[{"href":"https:\/\/www.europesays.com\/fr\/wp-json\/wp\/v2\/media?parent=111883"}],"wp:term":[{"taxonomy":"category","embeddable":true,"href":"https:\/\/www.europesays.com\/fr\/wp-json\/wp\/v2\/categories?post=111883"},{"taxonomy":"post_tag","embeddable":true,"href":"https:\/\/www.europesays.com\/fr\/wp-json\/wp\/v2\/tags?post=111883"}],"curies":[{"name":"wp","href":"https:\/\/api.w.org\/{rel}","templated":true}]}}