{"id":111885,"date":"2025-05-19T13:48:08","date_gmt":"2025-05-19T13:48:08","guid":{"rendered":"https:\/\/www.europesays.com\/fr\/111885\/"},"modified":"2025-05-19T13:48:08","modified_gmt":"2025-05-19T13:48:08","slug":"londres-reintegre-leurope-par-la-bande","status":"publish","type":"post","link":"https:\/\/www.europesays.com\/fr\/111885\/","title":{"rendered":"Londres r\u00e9int\u00e8gre l\u2019Europe par la bande"},"content":{"rendered":"<p>Londres et Bruxelles ont franchi une nouvelle \u00e9tape dans la normalisation de leurs relations, cinq ans apr\u00e8s le Brexit. Lors d&rsquo;un sommet in\u00e9dit depuis 2020, le Premier ministre britannique Keir Starmer et les dirigeants europ\u00e9ens ont annonc\u00e9, lundi, la conclusion d&rsquo;un \u00ab nouveau partenariat strat\u00e9gique \u00bb visant \u00e0 renforcer la coop\u00e9ration dans les domaines de la d\u00e9fense, du commerce et de l&rsquo;\u00e9nergie.<\/p>\n<p>\u00ab Ce sommet marque une nouvelle \u00e8re dans nos relations \u00bb, a affirm\u00e9 Keir Starmer aux c\u00f4t\u00e9s de la pr\u00e9sidente de la Commission europ\u00e9enne Ursula von der Leyen et du pr\u00e9sident du Conseil europ\u00e9en Antonio Costa.<\/p>\n<p>Au c\u0153ur de l&rsquo;accord figure un partenariat renforc\u00e9 sur la s\u00e9curit\u00e9 et la d\u00e9fense, dans un contexte g\u00e9opolitique tendu marqu\u00e9 par la guerre en Ukraine et les incertitudes sur l&rsquo;engagement am\u00e9ricain \u00e0 long terme en Europe. Le Royaume-Uni pourra ainsi participer \u00e0 certaines missions militaires europ\u00e9ennes et \u00e0 des r\u00e9unions minist\u00e9rielles, et pourrait, sous conditions, acc\u00e9der au futur programme industriel de d\u00e9fense de l&rsquo;UE dot\u00e9 de 150 milliards d&rsquo;euros. La participation \u00e0 ce programme exigera toutefois un autre accord, dans un second temps, ainsi qu&rsquo;une contribution financi\u00e8re britannique.<\/p>\n","protected":false},"excerpt":{"rendered":"Londres et Bruxelles ont franchi une nouvelle \u00e9tape dans la normalisation de leurs relations, cinq ans apr\u00e8s le&hellip;\n","protected":false},"author":2,"featured_media":111886,"comment_status":"","ping_status":"","sticky":false,"template":"","format":"standard","meta":{"footnotes":""},"categories":[1586],"tags":[17,11,11426,215,554,33,1777,674,1011,27,1808,4534,12,5912,23123,25],"class_list":{"0":"post-111885","1":"post","2":"type-post","3":"status-publish","4":"format-standard","5":"has-post-thumbnail","7":"category-europe","8":"tag-17","9":"tag-actualites","10":"tag-carbone","11":"tag-commerce","12":"tag-defense","13":"tag-economie","14":"tag-eu","15":"tag-europe","16":"tag-fr","17":"tag-france","18":"tag-leurope","19":"tag-londres","20":"tag-news","21":"tag-par","22":"tag-reintegre","23":"tag-republique-francaise"},"share_on_mastodon":{"url":"https:\/\/pubeurope.com\/@fr\/114534816550610051","error":""},"_links":{"self":[{"href":"https:\/\/www.europesays.com\/fr\/wp-json\/wp\/v2\/posts\/111885","targetHints":{"allow":["GET"]}}],"collection":[{"href":"https:\/\/www.europesays.com\/fr\/wp-json\/wp\/v2\/posts"}],"about":[{"href":"https:\/\/www.europesays.com\/fr\/wp-json\/wp\/v2\/types\/post"}],"author":[{"embeddable":true,"href":"https:\/\/www.europesays.com\/fr\/wp-json\/wp\/v2\/users\/2"}],"replies":[{"embeddable":true,"href":"https:\/\/www.europesays.com\/fr\/wp-json\/wp\/v2\/comments?post=111885"}],"version-history":[{"count":0,"href":"https:\/\/www.europesays.com\/fr\/wp-json\/wp\/v2\/posts\/111885\/revisions"}],"wp:featuredmedia":[{"embeddable":true,"href":"https:\/\/www.europesays.com\/fr\/wp-json\/wp\/v2\/media\/111886"}],"wp:attachment":[{"href":"https:\/\/www.europesays.com\/fr\/wp-json\/wp\/v2\/media?parent=111885"}],"wp:term":[{"taxonomy":"category","embeddable":true,"href":"https:\/\/www.europesays.com\/fr\/wp-json\/wp\/v2\/categories?post=111885"},{"taxonomy":"post_tag","embeddable":true,"href":"https:\/\/www.europesays.com\/fr\/wp-json\/wp\/v2\/tags?post=111885"}],"curies":[{"name":"wp","href":"https:\/\/api.w.org\/{rel}","templated":true}]}}