{"id":111895,"date":"2025-05-19T13:54:08","date_gmt":"2025-05-19T13:54:08","guid":{"rendered":"https:\/\/www.europesays.com\/fr\/111895\/"},"modified":"2025-05-19T13:54:08","modified_gmt":"2025-05-19T13:54:08","slug":"perouse-remporte-sa-premiere-ligue-des-champions-face-aux-polonais-de-zawiercie","status":"publish","type":"post","link":"https:\/\/www.europesays.com\/fr\/111895\/","title":{"rendered":"P\u00e9rouse remporte sa premi\u00e8re Ligue des champions face aux Polonais de Zawiercie"},"content":{"rendered":"<p>Les Italiens, finalistes en 2017 puis syst\u00e9matiquement pr\u00e9sent au Final Four sauf l\u2019an pass\u00e9, ont remport\u00e9 la partie 3-2.<\/p>\n<p class=\"fig-paragraph\">Les Italiens de\u00a0<a href=\"http:\/\/www.lefigaro.fr\/sports\/autres-sports\/volley-perouse-bat-saint-nazaire-en-ligue-des-champions-20241119\" data-fig-type=\"NewsFlash\" data-gtm-custom-categorie=\"navigation\" data-gtm-custom-action=\"crossclick\" data-gtm-custom-label=\"Contextuel\" data-gtm-event=\"customEventSPE\" data-fig-domain=\"LEFIGARO\" target=\"_blank\" rel=\"noopener\">P\u00e9rouse<\/a>, toujours plac\u00e9s mais jamais gagnants ces derni\u00e8res ann\u00e9es, ont remport\u00e9 leur premi\u00e8re Ligue des champions de volley-ball en r\u00e9sistant au retour des Polonais de Zawiercie (3-2), dimanche \u00e0 Lodz (Pologne). Le club d&rsquo;Ombrie (centre), finaliste en 2017 puis syst\u00e9matiquement pr\u00e9sent au Final Four sauf l&rsquo;an pass\u00e9, a men\u00e9 deux sets \u00e0 z\u00e9ro (25-22, 25-22) avant de voir Zawiercie \u00e9galiser \u00e0 2-2 (25-20, 25-22).Mais les Polonais, vainqueurs en demi-finales de Jastrzebski, autre club polonais, apr\u00e8s avoir \u00e9t\u00e9 men\u00e9s deux sets \u00e0 z\u00e9ro, ont \u00e9t\u00e9 rapidement distanc\u00e9s dans le tie-break (5-1, 15-10 au final).<\/p>\n<p class=\"fig-paragraph\">P\u00e9rouse, emmen\u00e9 par le capitaine et passeur de l&rsquo;Italie Simone Giannelli, le pointu tunisien Wassim Ben Tara (22 pts dont 3 aces) ou le r\u00e9ceptionneur-attaquant japonais Yuki Ishikawa (20 pts), succ\u00e8de au palmar\u00e8s \u00e0 Trentino, autre formation italienne. Jastrzebski, o\u00f9 \u00e9voluent les internationaux fran\u00e7ais Benjamin Toniutti et Timoth\u00e9e Carle, a pris la troisi\u00e8me place en dominant l&rsquo;Halkbank Ankara (3-1).<\/p>\n","protected":false},"excerpt":{"rendered":"Les Italiens, finalistes en 2017 puis syst\u00e9matiquement pr\u00e9sent au Final Four sauf l\u2019an pass\u00e9, ont remport\u00e9 la partie&hellip;\n","protected":false},"author":2,"featured_media":111896,"comment_status":"","ping_status":"","sticky":false,"template":"","format":"standard","meta":{"footnotes":""},"categories":[1417],"tags":[2466,2465,2464,1977,1981,451,207,2468,63,1454,1011,27,66,447,2467,1457,2182,1980,479,2259,60,1467,1470,1469],"class_list":{"0":"post-111895","1":"post","2":"type-post","3":"status-publish","4":"format-standard","5":"has-post-thumbnail","7":"category-volley","8":"tag-2466","9":"tag-actu-sport","10":"tag-actualite-sportive","11":"tag-auto","12":"tag-classement","13":"tag-coupe-du-monde","14":"tag-cyclisme","15":"tag-euro-foot","16":"tag-football","17":"tag-formule-1","18":"tag-fr","19":"tag-france","20":"tag-ligue-1","21":"tag-ligue-des-champions","22":"tag-live-sport","23":"tag-moto","24":"tag-nba","25":"tag-resultats","26":"tag-rugby","27":"tag-score","28":"tag-sports","29":"tag-tennis","30":"tag-volley","31":"tag-volleyball"},"share_on_mastodon":{"url":"https:\/\/pubeurope.com\/@fr\/114534839988965182","error":""},"_links":{"self":[{"href":"https:\/\/www.europesays.com\/fr\/wp-json\/wp\/v2\/posts\/111895","targetHints":{"allow":["GET"]}}],"collection":[{"href":"https:\/\/www.europesays.com\/fr\/wp-json\/wp\/v2\/posts"}],"about":[{"href":"https:\/\/www.europesays.com\/fr\/wp-json\/wp\/v2\/types\/post"}],"author":[{"embeddable":true,"href":"https:\/\/www.europesays.com\/fr\/wp-json\/wp\/v2\/users\/2"}],"replies":[{"embeddable":true,"href":"https:\/\/www.europesays.com\/fr\/wp-json\/wp\/v2\/comments?post=111895"}],"version-history":[{"count":0,"href":"https:\/\/www.europesays.com\/fr\/wp-json\/wp\/v2\/posts\/111895\/revisions"}],"wp:featuredmedia":[{"embeddable":true,"href":"https:\/\/www.europesays.com\/fr\/wp-json\/wp\/v2\/media\/111896"}],"wp:attachment":[{"href":"https:\/\/www.europesays.com\/fr\/wp-json\/wp\/v2\/media?parent=111895"}],"wp:term":[{"taxonomy":"category","embeddable":true,"href":"https:\/\/www.europesays.com\/fr\/wp-json\/wp\/v2\/categories?post=111895"},{"taxonomy":"post_tag","embeddable":true,"href":"https:\/\/www.europesays.com\/fr\/wp-json\/wp\/v2\/tags?post=111895"}],"curies":[{"name":"wp","href":"https:\/\/api.w.org\/{rel}","templated":true}]}}