{"id":1118963,"date":"2026-08-10T08:34:27","date_gmt":"2026-08-10T08:34:27","guid":{"rendered":"https:\/\/www.europesays.com\/fr\/1118963\/"},"modified":"2026-08-10T08:34:27","modified_gmt":"2026-08-10T08:34:27","slug":"sur-cette-plage-tres-populaire-une-nouvelle-regle-loufoque-prend-les-touristes-par-surprise","status":"publish","type":"post","link":"https:\/\/www.europesays.com\/fr\/1118963\/","title":{"rendered":"Sur cette plage tr\u00e8s populaire, une nouvelle r\u00e8gle loufoque prend les touristes par surprise"},"content":{"rendered":"<p>\n                            Chaque \u00e9t\u00e9, cette plage d&rsquo;Europe fait r\u00eaver les voyageurs avec son d\u00e9cor digne des Cara\u00efbes. Mais une nouvelle r\u00e8gle impos\u00e9e par les autorit\u00e9s a de quoi surprendre&#8230;<\/p>\n<p>Eau turquoise, sable d&rsquo;une blancheur \u00e9clatante, panorama digne des plus belles cartes postales\u2026 Chaque \u00e9t\u00e9, <a href=\"https:\/\/www.journaldesfemmes.fr\/loisirs\/voyages\/3273161-carte-decouvrez-en-direct-s-il-y-a-des-meduses-sur-votre-plage\/\" rel=\"nofollow noopener\" target=\"_blank\">certaines plages europ\u00e9ennes<\/a> attirent des milliers de vacanciers en qu\u00eate d&rsquo;un d\u00e9cor paradisiaque. Mais derri\u00e8re ces paysages idylliques, les autorit\u00e9s locales mettent parfois en place <strong>des r\u00e8gles surprenantes<\/strong> afin de pr\u00e9server ces tr\u00e9sors naturels.<\/p>\n<p>Et c&rsquo;est particuli\u00e8rement vrai sur certaines c\u00f4tes m\u00e9diterran\u00e9ennes, o\u00f9 la fr\u00e9quentation touristique a atteint des niveaux records ces derni\u00e8res ann\u00e9es ; mais rien en comparaison avec <a href=\"https:\/\/www.journaldesfemmes.fr\/loisirs\/voyages\/3274329-jusqu-a-80-000-vacanciers-entasses-cette-plage-est-la-plus-bondee-au-monde-on-voit-a-peine-le-sable\/\" rel=\"nofollow noopener\" target=\"_blank\">cette plage du bout du monde<\/a>. Face \u00e0 l&rsquo;afflux de visiteurs, plusieurs destinations ont choisi de limiter l&rsquo;impact humain en instaurant des mesures parfois inattendues\u00a0: quotas, r\u00e9servations obligatoires, restrictions ou encore sanctions financi\u00e8res. Si ces dispositions peuvent surprendre les voyageurs qui d\u00e9couvrent les lieux pour la premi\u00e8re fois, elles r\u00e9pondent pourtant \u00e0 un objectif simple, celui de prot\u00e9ger des espaces naturels particuli\u00e8rement fragiles.<\/p>\n<p>Parmi les exemples les plus embl\u00e9matiques figure une plage situ\u00e9e en Italie, r\u00e9guli\u00e8rement class\u00e9e parmi les plus belles d&rsquo;Europe. Nich\u00e9e au nord-ouest de la Sardaigne (<a href=\"https:\/\/www.journaldesfemmes.fr\/people\/evenements\/3274377-katy-perry-laeticia-hallyday-slimane-ou-les-stars-passent-leurs-vacances-d-ete-photos\/3274425-iris-mittenaere\" rel=\"nofollow noopener\" target=\"_blank\">\u00eele choisie par les stars pour les vacances<\/a>), elle s\u00e9duit par son eau cristalline aux nuances de bleu et son sable d&rsquo;une finesse exceptionnelle. Chaque saison estivale, des visiteurs venus du monde entier affluent pour profiter de ce d\u00e9cor presque tropical. Mais cette renomm\u00e9e a un prix\u00a0!<\/p>\n<p>La forte fr\u00e9quentation a longtemps<strong> acc\u00e9l\u00e9r\u00e9 l&rsquo;\u00e9rosion du littoral et fragilis\u00e9 un sable d&rsquo;une grande d\u00e9licatesse<\/strong>. Pour enrayer ce ph\u00e9nom\u00e8ne, les autorit\u00e9s ont progressivement renforc\u00e9 les mesures de protection, allant jusqu&rsquo;\u00e0 instaurer un acc\u00e8s limit\u00e9 avec un nombre maximal de visiteurs par jour pendant la haute saison. Pour prot\u00e9ger ce site d&rsquo;exception, <strong>les autorit\u00e9s ont instaur\u00e9 une nouvelle r\u00e8gle<\/strong> qui ne manque pas d&rsquo;\u00e9tonner les touristes.<\/p>\n<p>En effet, sur la c\u00e9l\u00e8bre plage de La Pelosa, en Sardaigne, il est d\u00e9sormais interdit de poser directement sa serviette sur le sable rappelle le <a href=\"https:\/\/spiaggialapelosa.it\/en\/\" target=\"_blank\" rel=\"nofollow noopener\">site officiel<\/a> des lieux. Les visiteurs doivent obligatoirement utiliser un tapis ou une natte sous leur serviette afin d&rsquo;\u00e9viter que le sable ne s&rsquo;y accroche et ne soit emport\u00e9 en quittant la plage. Cette obligation un peu loufoque participe \u00e0 la pr\u00e9servation d&rsquo;un site naturel particuli\u00e8rement sensible. Les autorit\u00e9s rappellent que, multipli\u00e9e par des milliers de visiteurs chaque ann\u00e9e, la perte de quelques grammes de sable par personne repr\u00e9sente une quantit\u00e9 consid\u00e9rable sur le long terme.<\/p>\n<p>Par ailleurs, pour profiter pleinement de La Pelosa, il faut aussi respecter d&rsquo;autres consignes : r\u00e9server son cr\u00e9neau de visite et pr\u00e9senter son QR code le jour J (seulement 1500 places par jour), ne pas fumer, ne pas utiliser de gel douche dans l&rsquo;eau ou encore laisser son chien \u00e0 la maison.<\/p>\n","protected":false},"excerpt":{"rendered":"Chaque \u00e9t\u00e9, cette plage d&rsquo;Europe fait r\u00eaver les voyageurs avec son d\u00e9cor digne des Cara\u00efbes. Mais une nouvelle&hellip;\n","protected":false},"author":2,"featured_media":1118964,"comment_status":"","ping_status":"","sticky":false,"template":"","format":"standard","meta":{"footnotes":"","_share_on_mastodon":"0"},"categories":[5],"tags":[11,114986,51761,51763,1011,27,51989,14,51766,12,51767,1666,28],"class_list":["post-1118963","post","type-post","status-publish","format-standard","has-post-thumbnail","category-international","tag-actualites","tag-cms-journaldesfemmes-3274517","tag-controller-content","tag-format-papier","tag-fr","tag-france","tag-index-tag-interdit-hors-redacchef","tag-international","tag-les-histoires-du-jdf","tag-news","tag-parallaxeinfeed","tag-voyages","tag-world"],"share_on_mastodon":{"url":"https:\/\/pubeurope.com\/@fr\/117070297197027065","error":""},"_links":{"self":[{"href":"https:\/\/www.europesays.com\/fr\/wp-json\/wp\/v2\/posts\/1118963","targetHints":{"allow":["GET"]}}],"collection":[{"href":"https:\/\/www.europesays.com\/fr\/wp-json\/wp\/v2\/posts"}],"about":[{"href":"https:\/\/www.europesays.com\/fr\/wp-json\/wp\/v2\/types\/post"}],"author":[{"embeddable":true,"href":"https:\/\/www.europesays.com\/fr\/wp-json\/wp\/v2\/users\/2"}],"replies":[{"embeddable":true,"href":"https:\/\/www.europesays.com\/fr\/wp-json\/wp\/v2\/comments?post=1118963"}],"version-history":[{"count":0,"href":"https:\/\/www.europesays.com\/fr\/wp-json\/wp\/v2\/posts\/1118963\/revisions"}],"wp:featuredmedia":[{"embeddable":true,"href":"https:\/\/www.europesays.com\/fr\/wp-json\/wp\/v2\/media\/1118964"}],"wp:attachment":[{"href":"https:\/\/www.europesays.com\/fr\/wp-json\/wp\/v2\/media?parent=1118963"}],"wp:term":[{"taxonomy":"category","embeddable":true,"href":"https:\/\/www.europesays.com\/fr\/wp-json\/wp\/v2\/categories?post=1118963"},{"taxonomy":"post_tag","embeddable":true,"href":"https:\/\/www.europesays.com\/fr\/wp-json\/wp\/v2\/tags?post=1118963"}],"curies":[{"name":"wp","href":"https:\/\/api.w.org\/{rel}","templated":true}]}}