{"id":111901,"date":"2025-05-19T13:58:15","date_gmt":"2025-05-19T13:58:15","guid":{"rendered":"https:\/\/www.europesays.com\/fr\/111901\/"},"modified":"2025-05-19T13:58:15","modified_gmt":"2025-05-19T13:58:15","slug":"le-programme-du-gp-de-grande-bretagne-motogp-2025","status":"publish","type":"post","link":"https:\/\/www.europesays.com\/fr\/111901\/","title":{"rendered":"Le programme du GP de Grande-Bretagne MotoGP 2025"},"content":{"rendered":"<p>Silverstone fut le premier h\u00f4te du Grand Prix de Grande-Bretagne moto, en 1977, \u00e9poque \u00e0 laquelle il fallait trouver un rempla\u00e7ant au TT de l&rsquo;\u00cele de Man, qui s&rsquo;\u00e9tait vu retirer son agr\u00e9ment pour figurer au calendrier.\u00a0Durant dix ans, c&rsquo;est sur cet ancien a\u00e9rodrome militaire que se sont affront\u00e9es les stars du Continental Circus avant que Donington Park ne devienne leur nouveau terrain de jeu. Silverstone a fait son retour en 2010 et n&rsquo;a depuis manqu\u00e9 \u00e0 l&rsquo;appel qu&rsquo;en 2020 pour cause de Covid.<\/p>\n<p>Le GP de Grande-Bretagne est avanc\u00e9 dans l&rsquo;agenda cette ann\u00e9e, septi\u00e8me des 22 manches du championnat. Cela devrait se traduire par des conditions fra\u00eeches et humides. L&rsquo;accession directe \u00e0 la Q2 se jouera vendredi, puis la journ\u00e9e de samedi sera d\u00e9di\u00e9e aux qualifications et \u00e0 la course sprint, avant la course principale du dimanche.<\/p>\n<p>Les horaires du GP de Grande-Bretagne<\/p>\n<tr>\n<p style=\"text-align: left;\"><strong>Date<\/strong><\/p>\n<p>\u00a0<\/p>\n<p style=\"text-align: left;\"><strong>S\u00e9ance<\/strong><\/p>\n<p style=\"text-align: left;\"><strong>Heure fran\u00e7aise<\/strong><\/p>\n<\/tr>\n<tr>\n<td style=\"width: 34%;\"><strong>Vendredi 23 mai<\/strong><\/td>\n<td style=\"width: 33%;\">Essais Libres 1<\/td>\n<td style=\"width: 33%;\">12h45 &#8211; 13h30<\/td>\n<\/tr>\n<tr>\n<td style=\"width: 34%;\">\u00a0<\/td>\n<td style=\"width: 33%;\">Essais<\/td>\n<td style=\"width: 33%;\">17h00 &#8211; 18h00<\/td>\n<\/tr>\n<tr>\n<td style=\"width: 34%;\">\u00a0<\/td>\n<td style=\"width: 33%;\">\u00a0<\/td>\n<td style=\"width: 33%;\">\u00a0<\/td>\n<\/tr>\n<tr>\n<td style=\"width: 34%;\"><strong>Samedi 24 mai<\/strong><\/td>\n<td style=\"width: 33%;\">Essais Libres 2<\/td>\n<td style=\"width: 33%;\">12h10 &#8211; 12h40<\/td>\n<\/tr>\n<tr>\n<td style=\"width: 34%;\">\u00a0<\/td>\n<td style=\"width: 33%;\">Qualifications<\/td>\n<td style=\"width: 33%;\">12h50 &#8211; 13h30<\/td>\n<\/tr>\n<tr>\n<td style=\"width: 34%;\">\u00a0<\/td>\n<td style=\"width: 33%;\">Course sprint<\/td>\n<td style=\"width: 33%;\">17h00<\/td>\n<\/tr>\n<tr>\n<td style=\"width: 34%;\">\u00a0<\/td>\n<td style=\"width: 33%;\">\u00a0<\/td>\n<td style=\"width: 33%;\">\u00a0<\/td>\n<\/tr>\n<tr>\n<td style=\"width: 34%;\"><strong>Dimanche 25 mai<\/strong><\/td>\n<td style=\"width: 33%;\">Warm-up<\/td>\n<td style=\"width: 33%;\">10h40 &#8211; 10h50<\/td>\n<\/tr>\n<tr>\n<td style=\"width: 34%;\">\u00a0<\/td>\n<td style=\"width: 33%;\">Course<\/td>\n<td style=\"width: 33%;\">14h00<\/td>\n<\/tr>\n<p>Il y a une heure de d\u00e9calage entre l&rsquo;Angleterre et la France m\u00e9tropolitaine. \u00c0 cela s&rsquo;ajoutent des horaires locaux un peu inhabituels, puisque les s\u00e9ances de vendredi et samedi se tiennent une heure plus tard que la norme sur place. La course sprint s&rsquo;\u00e9lancera donc samedi \u00e0 17h en France. Le d\u00e9part de la course principale MotoGP sera quant \u00e0 lui donn\u00e9 dimanche \u00e0 13h heure locale, soit 14h en France.<\/p>\n<p>Retrouvez le programme \u00e0 votre heure <a href=\"https:\/\/fr.motorsport.com\/location\/silverstone\/1575\/\" target=\"_self\" rel=\"noopener nofollow\">ici<\/a>.<\/p>\n<p>O\u00f9 regarder le GP de Grande-Bretagne\u00a0?<\/p>\n<p>Les cha\u00eenes du groupe Canal+ sont le diffuseur officiel du MotoGP en France. Comme \u00e0 l&rsquo;accoutum\u00e9e, elles retransmettront l&rsquo;int\u00e9gralit\u00e9 du programme du GP de Grande-Bretagne cette semaine. Il faudra s&rsquo;installer sur Canal+ Sport 360 pour suivre les deux premi\u00e8res journ\u00e9es, pour les trois cat\u00e9gories, ce qui inclut les essais, les qualifications et la course sprint MotoGP.<\/p>\n<p>Dimanche, le warm-up sera toujours diffus\u00e9 sur Canal+ Sport 360, de m\u00eame que les courses des cat\u00e9gories Moto2 (\u00e0 12h15) et Moto3 (exceptionnellement apr\u00e8s le MotoGP, \u00e0 15h30). En revanche, il faudra basculer sur Canal+ pour la course MotoGP.<\/p>\n<p>Le circuit de Silverstone<\/p>\n<p>Outre une m\u00e9t\u00e9o que chacun se contente g\u00e9n\u00e9ralement de qualifier de \u00ab\u00a0britannique\u00a0\u00bb pour en illustrer toute la complexit\u00e9, ce Grand Prix promet bien d&rsquo;autres \u00e9cueils. Les pilotes auront affaire \u00e0 la piste la plus longue (5,9\u00a0km) et l&rsquo;une des plus rapides de la saison avec 181\u00a0km\/h de moyenne pour la meilleure pole position qui y ait \u00e9t\u00e9 enregistr\u00e9e\u00a0!<\/p>\n<p>Il s&rsquo;agit d&rsquo;un trac\u00e9 vari\u00e9 et complet, ce qui ne fait que compliquer la\u00a0mise au point des machines. Il est entrecoup\u00e9 de plusieurs lignes droites, suivies de gros freinages requ\u00e9rant un\u00a0train avant stable, mais l&rsquo;agilit\u00e9 des motos dans les rapides changements de direction n&rsquo;est pas moins importante.<\/p>\n<p>Apr\u00e8s plusieurs resurfa\u00e7ages ces derni\u00e8res ann\u00e9es (et l&rsquo;\u00e9pisode m\u00e9morable de 2018 o\u00f9 une forte pluie a conduit \u00e0 l&rsquo;annulation de la course \u00e0 cause d&rsquo;un nouveau bitume incapable de la drainer), le grip s&rsquo;est am\u00e9lior\u00e9 et surtout les bosses ont \u00e9t\u00e9 gomm\u00e9es.<\/p>\n<p><img decoding=\"async\" class=\"sizer\" draggable=\"false\" src=\"blob:https:\/\/fr-thewall.motorsport.com\/af49edab-423e-45be-9dc7-03a73fa764e0\" alt=\"\" loading=\"lazy\"\/><\/p>\n<p class=\"title\">VID\u00c9O &#8211; Un tour du circuit de Silverstone<\/p>\n<p><strong>Caract\u00e9ristiques de la piste :<\/strong><\/p>\n<tr>\n<td style=\"width: 40%;\"><strong>Construction<\/strong><\/td>\n<td style=\"width: 60%;\">1947<\/td>\n<\/tr>\n<tr>\n<td style=\"width: 40%;\"><strong>Longueur de la piste<\/strong><\/td>\n<td style=\"width: 60%;\">5,900\u00a0km<\/td>\n<\/tr>\n<tr>\n<td style=\"width: 40%;\"><strong>Largeur de la piste<\/strong><\/td>\n<td style=\"width: 60%;\">15\u00a0m<\/td>\n<\/tr>\n<tr>\n<td style=\"width: 40%;\"><strong>Virages<\/strong><\/td>\n<td style=\"width: 60%;\">8 gauche &#8211; 10 droite<\/td>\n<\/tr>\n<tr>\n<td style=\"width: 40%;\"><strong>Plus longue ligne droite<\/strong><\/td>\n<td style=\"width: 60%;\">770 m<\/td>\n<\/tr>\n<tr>\n<td style=\"width: 40%;\"><strong>Pole position<\/strong><\/td>\n<td style=\"width: 60%;\">\u00e0 gauche<\/td>\n<\/tr>\n<tr>\n<td style=\"width: 40%;\"><strong>Distance de la course MotoGP<\/strong><\/td>\n<td style=\"width: 60%;\">118\u00a0km (20 tours)<\/td>\n<\/tr>\n<tr>\n<td style=\"width: 40%;\"><strong>Distance de la course sprint<\/strong><\/td>\n<td style=\"width: 60%;\">59 km (10 tours)<\/td>\n<\/tr>\n<p><strong>Records en vigueur\u00a0:<\/strong><\/p>\n<tr>\n<td style=\"width: 35%;\"><strong>Record de la pole<\/strong><\/td>\n<td style=\"width: 25%;\"><img decoding=\"async\" src=\"https:\/\/www.europesays.com\/fr\/wp-content\/uploads\/2025\/04\/Aprilia.png\" width=\"20\" loading=\"lazy\"\/> A. Espargar\u00f3<\/td>\n<td style=\"width: 25%;\">1&rsquo;57&Prime;309<\/td>\n<td style=\"width: 15%;\">2024<\/td>\n<\/tr>\n<tr>\n<td style=\"width: 35%;\"><strong>Meilleur temps en course<\/strong><\/td>\n<td style=\"width: 25%;\"><img decoding=\"async\" src=\"https:\/\/www.europesays.com\/fr\/wp-content\/uploads\/2025\/04\/Aprilia.png\" width=\"20\" loading=\"lazy\"\/> A. Espargar\u00f3<\/td>\n<td style=\"width: 25%;\">1&rsquo;58&Prime;895<\/td>\n<td style=\"width: 15%;\">2024<\/td>\n<\/tr>\n<tr>\n<td style=\"width: 35%;\"><strong>Record V-max<\/strong><\/td>\n<td style=\"width: 25%;\"><img decoding=\"async\" src=\"https:\/\/www.europesays.com\/fr\/wp-content\/uploads\/2025\/04\/Ducati.png\" width=\"20\" loading=\"lazy\"\/>\u00a0E. Bastianini<\/td>\n<td style=\"width: 25%;\">340,6\u00a0km\/h<\/td>\n<td style=\"width: 15%;\">2022<\/td>\n<\/tr>\n<tr>\n<td style=\"width: 35%;\"><strong>Record vitesse moyenne<\/strong><\/td>\n<td style=\"width: 25%;\"><img decoding=\"async\" src=\"https:\/\/www.europesays.com\/fr\/wp-content\/uploads\/2025\/04\/Aprilia.png\" width=\"20\" loading=\"lazy\"\/> A. Espargar\u00f3<\/td>\n<td style=\"width: 25%;\">181,0 km\/h<\/td>\n<td style=\"width: 15%;\">2024<\/td>\n<\/tr>\n<p>Le palmar\u00e8s du GP de Grande-Bretagne<\/p>\n<p>Durant la premi\u00e8re d\u00e9cennie d&rsquo;utilisation de Silverstone en Grand Prix,\u00a0le terrain a particuli\u00e8rement r\u00e9ussi aux Am\u00e9ricains, avec des victoires de Kenny Roberts, Randy Mamola, Freddie Spencer ou encore Pat Hennen. Les Fran\u00e7ais n&rsquo;\u00e9taient pas en reste gr\u00e2ce aux trois succ\u00e8s 250cc des fr\u00e8res Sarron et de Jacques Bolle.<\/p>\n<p>Depuis le retour sur place en 2010, ce sont les pilotes espagnols qui tiennent le haut du panier, avec en particulier sept succ\u00e8s en cat\u00e9gorie reine, dont trois rien que pour <a href=\"https:\/\/fr.motorsport.com\/driver\/jorge-lorenzo\/80193\/\" target=\"_blank\" rel=\"noopener nofollow\">Jorge Lorenzo<\/a>.\u00a0C&rsquo;est aussi sur ces terres que <a href=\"https:\/\/fr.motorsport.com\/driver\/maverick-vinales\/96553\/\" rel=\"nofollow noopener\" target=\"_blank\">Maverick Vi\u00f1ales<\/a> a remport\u00e9 sa premi\u00e8re victoire MotoGP en 2016, au guidon de la Suzuki, avant celle de Ducati aux mains d&rsquo;<a href=\"https:\/\/fr.motorsport.com\/driver\/andrea-dovizioso\/80190\/\" target=\"_blank\" rel=\"noopener nofollow\">Andrea Dovizioso<\/a>.<\/p>\n<p>Absent du calendrier remani\u00e9 de 2020 dans le contexte de la crise sanitaire, Silverstone a fait son retour en 2021 en accueillant <a href=\"https:\/\/fr.motorsport.com\/driver\/fabio-quartararo\/109400\/\" rel=\"nofollow noopener\" target=\"_blank\">Fabio Quartararo<\/a> \u00e0 son palmar\u00e8s, alors lanc\u00e9 vers la conqu\u00eate de son premier titre. <a href=\"https:\/\/fr.motorsport.com\/driver\/aleix-espargaro\/90382\/\" target=\"_blank\" rel=\"noopener nofollow\">Aleix Espargar\u00f3<\/a> d\u00e9crochait aussi un premier podium avec l&rsquo;Aprilia RS-GP, annonciateur des performances \u00e0 suivre pour l&rsquo;\u00e9quipe de Noale.<\/p>\n<p>Alors que <a href=\"https:\/\/fr.motorsport.com\/driver\/pecco-bagnaia\/109394\/\" rel=\"nofollow noopener\" target=\"_blank\">Pecco Bagnaia<\/a>\u00a0s&rsquo;\u00e9tait effondr\u00e9 \u00e0 une lointaine 14e place en 2021, l&rsquo;\u00e9dition 2022 a permis \u00e0 l&rsquo;Italien de se racheter en ramenant Ducati au succ\u00e8s sur la piste anglaise, apr\u00e8s une pole de <a href=\"https:\/\/fr.motorsport.com\/driver\/johann-zarco\/96107\/\" target=\"_blank\" rel=\"noopener nofollow\">Johann Zarco<\/a>. On a ensuite retrouv\u00e9 Espargar\u00f3 et son Aprilia, victorieux en 2023 et en pole en 2024, venus\u00a0 challenger des Ducati toujours dans le coup.<\/p>\n<p><strong>Le derniers polemen et vainqueurs au GP de Grande-Bretagne\u00a0:<\/strong><\/p>\n<p><strong>Course suivante\u00a0:<\/strong> Grand Prix d&rsquo;Arag\u00f3n (6-8 juin)<\/p>\n<p><a href=\"https:\/\/fr.motorsport.com\/motogp\/schedule\/2025\/?event_types%5B%5D=race\" target=\"_self\" rel=\"noopener nofollow\">Calendrier MotoGP<\/a><\/p>\n<p>Lire aussi :<\/p>\n<p>Dans cet article<\/p>\n<p>Soyez le premier inform\u00e9 et souscrivez aux alertes mails pour recevoir les infos en temps r\u00e9el<\/p>\n<p>    S&rsquo;abonner aux alertes de news<\/p>\n","protected":false},"excerpt":{"rendered":"Silverstone fut le premier h\u00f4te du Grand Prix de Grande-Bretagne moto, en 1977, \u00e9poque \u00e0 laquelle il fallait&hellip;\n","protected":false},"author":2,"featured_media":111902,"comment_status":"","ping_status":"","sticky":false,"template":"","format":"standard","meta":{"footnotes":""},"categories":[1413],"tags":[1011,27,23124,1457,1456,1458,23125,60],"class_list":{"0":"post-111901","1":"post","2":"type-post","3":"status-publish","4":"format-standard","5":"has-post-thumbnail","7":"category-moto","8":"tag-fr","9":"tag-france","10":"tag-gp-de-grande-bretagne","11":"tag-moto","12":"tag-motocycle","13":"tag-motogp","14":"tag-silverstone","15":"tag-sports"},"share_on_mastodon":{"url":"https:\/\/pubeurope.com\/@fr\/114534856104172051","error":""},"_links":{"self":[{"href":"https:\/\/www.europesays.com\/fr\/wp-json\/wp\/v2\/posts\/111901","targetHints":{"allow":["GET"]}}],"collection":[{"href":"https:\/\/www.europesays.com\/fr\/wp-json\/wp\/v2\/posts"}],"about":[{"href":"https:\/\/www.europesays.com\/fr\/wp-json\/wp\/v2\/types\/post"}],"author":[{"embeddable":true,"href":"https:\/\/www.europesays.com\/fr\/wp-json\/wp\/v2\/users\/2"}],"replies":[{"embeddable":true,"href":"https:\/\/www.europesays.com\/fr\/wp-json\/wp\/v2\/comments?post=111901"}],"version-history":[{"count":0,"href":"https:\/\/www.europesays.com\/fr\/wp-json\/wp\/v2\/posts\/111901\/revisions"}],"wp:featuredmedia":[{"embeddable":true,"href":"https:\/\/www.europesays.com\/fr\/wp-json\/wp\/v2\/media\/111902"}],"wp:attachment":[{"href":"https:\/\/www.europesays.com\/fr\/wp-json\/wp\/v2\/media?parent=111901"}],"wp:term":[{"taxonomy":"category","embeddable":true,"href":"https:\/\/www.europesays.com\/fr\/wp-json\/wp\/v2\/categories?post=111901"},{"taxonomy":"post_tag","embeddable":true,"href":"https:\/\/www.europesays.com\/fr\/wp-json\/wp\/v2\/tags?post=111901"}],"curies":[{"name":"wp","href":"https:\/\/api.w.org\/{rel}","templated":true}]}}