{"id":111909,"date":"2025-05-19T14:02:08","date_gmt":"2025-05-19T14:02:08","guid":{"rendered":"https:\/\/www.europesays.com\/fr\/111909\/"},"modified":"2025-05-19T14:02:08","modified_gmt":"2025-05-19T14:02:08","slug":"mariska-hargitay-new-york-unite-speciale-devoile-un-secret-de-f","status":"publish","type":"post","link":"https:\/\/www.europesays.com\/fr\/111909\/","title":{"rendered":"Mariska Hargitay (New York unit\u00e9 sp\u00e9ciale) d\u00e9voile un secret de f &#8230;"},"content":{"rendered":"<p class=\"tls__ed-content__exc\">Mariska Hargitay fait une<br \/>\nr\u00e9v\u00e9lation fracassante sur sa famille dans un documentaire pr\u00e9sent\u00e9<br \/>\nau Festival de Cannes, le 17 mai 2025.<\/p>\n<p class=\"p1\">Un nom \u00e9ternellement associ\u00e9 \u00e0 une s\u00e9rie am\u00e9ricaine<br \/>\nculte. Intimement li\u00e9 \u00e0 une \u00e9g\u00e9rie hollywoodienne qui a<br \/>\nr\u00e9guli\u00e8rement d\u00e9fray\u00e9 la chronique. Fille de Jayne Mansfield,<br \/>\n<strong>Mariska Hargitay<\/strong> doit sa renomm\u00e9e \u00e0 <a href=\"https:\/\/www.telestar.fr\/serie-tv\/new-york-unite-speciale\/new-york-unite-speciale-mariska-hargitay-remplacee-5343\" rel=\"nofollow noopener\" target=\"_blank\"><br \/>\nNew York, unit\u00e9 sp\u00e9ciale<\/a> dont elle interpr\u00e8te<br \/>\n<strong>le r\u00f4le principal, Olivia Benson<\/strong>.<\/p>\n<p class=\"p1\">\u00c7a n\u00a0\u00bbest pourtant pas en tant qu&rsquo;actrice que la star<br \/>\na foul\u00e9 le tapis rouge \u00e0 Cannes, ce samedi 17 mai. Mariska Hargitay<br \/>\npr\u00e9sentait au public s<strong>a premi\u00e8re r\u00e9alisation, My Mom<br \/>\nJayne<\/strong>. Le documentaire qui sera diffus\u00e9 sur HBO d\u00e8s<br \/>\nle mois de juin part sur les traces de sa c\u00e9l\u00e8bre m\u00e8re \u00e0 partir<br \/>\nd&rsquo;archives in\u00e9dites.<\/p>\n<p>Mariska Hargitay : cette lourde r\u00e9v\u00e9lation de<br \/>\nl&rsquo;actrice<\/p>\n<p class=\"p1\">L&rsquo;actrice et cin\u00e9aste fait une r\u00e9v\u00e9lation fracassante<br \/>\ndans son film. On y apprend que <strong>le culturiste<\/strong><br \/>\n<a href=\"https:\/\/www.telestar.fr\/people\/mariska-hargitay-l-effroyable-accident-dont-elle-rechappa-et-qui-tua-sa-mere-364242\" rel=\"nofollow noopener\" target=\"_blank\"><br \/>\nMickey Hargitay<\/a>, l&rsquo;homme qui l&rsquo;a \u00e9lev\u00e9, <strong>n&rsquo;est pas son<br \/>\np\u00e8re biologique<\/strong>. Il s&rsquo;agit en r\u00e9alit\u00e9 d&rsquo;<strong>un<br \/>\nchanteur italien de Las Vegas, Nelson Sardelli<\/strong>. Cette<br \/>\nd\u00e9couverte surprenante a bouscul\u00e9 ses certitudes sur ses<br \/>\norigines.<\/p>\n<p class=\"p1\">A-t-elle des racines hongroises, comme Mickey<br \/>\nHargitay, ses fr\u00e8res Zoltan et Mickey Jr ? Ou du sang italien<br \/>\ncoule-t-il dans ses veines comme dans celles de Nelson Sardelli ?<br \/>\nDans une interview avec Vanity Fair, Mariska Hargitay se<br \/>\nsouvient de <strong>sa rencontre avec ce dernier \u00e0 Atlantic<br \/>\nCity<\/strong>, New Jersey, lorsqu&rsquo;elle avait 30 ans.<\/p>\n<p>Mariska Hargitay : sa sublime lettre<br \/>\nd&rsquo;amour<\/p>\n<p class=\"p1\">Lors de cette unique entrevue plac\u00e9e sous le signe du<br \/>\ndestin, <a href=\"https:\/\/www.closermag.fr\/people\/mariska-hargitay-violee-par-un-ami-le-recit-glacial-de-la-star-de-new-york-unite-speciale-3360922\" rel=\"nofollow noopener\" target=\"_blank\"><br \/>\nla fille de Jayne Mansfield<\/a> se souvient s&rsquo;\u00eatre comport\u00e9e \u00e0 la<br \/>\ndure, comme l&rsquo;aurait fait son personnage dans New York, unit\u00e9<br \/>\nsp\u00e9ciale. \u00ab\u00a0Je ne veux rien. Je n&rsquo;attends rien de toi\u2026 J&rsquo;ai<br \/>\nd\u00e9j\u00e0 un p\u00e8re.\u00a0\u00bb L&rsquo;actrice met alors un point d&rsquo;honneur \u00e0<br \/>\nafficher sa loyaut\u00e9 \u00e0 l&rsquo;homme qui l&rsquo;a \u00e9lev\u00e9e apr\u00e8s la mort de sa<br \/>\nm\u00e8re dans un accident de voiture spectaculaire, en juin 1967.<\/p>\n<p class=\"p1\">Le court \u00e9change l&rsquo;aurait aid\u00e9e \u00e0 comprendre la<br \/>\nd\u00e9cision de sa m\u00e8re de la confier \u00e0 Mickey Hargitay, un homme<br \/>\ncapable de lui apporter amour et stabilit\u00e9. \u00ab\u00a0J\u2019ai grandi l\u00e0 o\u00f9<br \/>\nje devais grandir, et je sais que chacun a fait le meilleur choix<br \/>\npour moi. <strong>Je suis la fille de Mickey Hargitay \u2014 ce n\u2019est<br \/>\npas un mensonge<\/strong>\u00ab\u00a0, insiste aupr\u00e8s de nos confr\u00e8res<br \/>\ncelle qui signe avec son premier film <strong>une lettre d&rsquo;amour \u00e0<br \/>\nl&rsquo;homme dont elle a \u00e9t\u00e9 le plus proch<\/strong>e.<\/p>\n","protected":false},"excerpt":{"rendered":"Mariska Hargitay fait une r\u00e9v\u00e9lation fracassante sur sa famille dans un documentaire pr\u00e9sent\u00e9 au Festival de Cannes, le&hellip;\n","protected":false},"author":2,"featured_media":111910,"comment_status":"","ping_status":"","sticky":false,"template":"","format":"standard","meta":{"footnotes":""},"categories":[1359],"tags":[548,58,59,1011,27,23126,973],"class_list":{"0":"post-111909","1":"post","2":"type-post","3":"status-publish","4":"format-standard","5":"has-post-thumbnail","7":"category-people","8":"tag-article-simple","9":"tag-divertissement","10":"tag-entertainment","11":"tag-fr","12":"tag-france","13":"tag-mariska-hargitay","14":"tag-people"},"share_on_mastodon":{"url":"https:\/\/pubeurope.com\/@fr\/114534871546400056","error":""},"_links":{"self":[{"href":"https:\/\/www.europesays.com\/fr\/wp-json\/wp\/v2\/posts\/111909","targetHints":{"allow":["GET"]}}],"collection":[{"href":"https:\/\/www.europesays.com\/fr\/wp-json\/wp\/v2\/posts"}],"about":[{"href":"https:\/\/www.europesays.com\/fr\/wp-json\/wp\/v2\/types\/post"}],"author":[{"embeddable":true,"href":"https:\/\/www.europesays.com\/fr\/wp-json\/wp\/v2\/users\/2"}],"replies":[{"embeddable":true,"href":"https:\/\/www.europesays.com\/fr\/wp-json\/wp\/v2\/comments?post=111909"}],"version-history":[{"count":0,"href":"https:\/\/www.europesays.com\/fr\/wp-json\/wp\/v2\/posts\/111909\/revisions"}],"wp:featuredmedia":[{"embeddable":true,"href":"https:\/\/www.europesays.com\/fr\/wp-json\/wp\/v2\/media\/111910"}],"wp:attachment":[{"href":"https:\/\/www.europesays.com\/fr\/wp-json\/wp\/v2\/media?parent=111909"}],"wp:term":[{"taxonomy":"category","embeddable":true,"href":"https:\/\/www.europesays.com\/fr\/wp-json\/wp\/v2\/categories?post=111909"},{"taxonomy":"post_tag","embeddable":true,"href":"https:\/\/www.europesays.com\/fr\/wp-json\/wp\/v2\/tags?post=111909"}],"curies":[{"name":"wp","href":"https:\/\/api.w.org\/{rel}","templated":true}]}}