{"id":11191,"date":"2025-04-08T21:41:11","date_gmt":"2025-04-08T21:41:11","guid":{"rendered":"https:\/\/www.europesays.com\/fr\/11191\/"},"modified":"2025-04-08T21:41:11","modified_gmt":"2025-04-08T21:41:11","slug":"tisseo-fait-appel-au-stade-toulousain","status":"publish","type":"post","link":"https:\/\/www.europesays.com\/fr\/11191\/","title":{"rendered":"Tiss\u00e9o fait appel au Stade Toulousain"},"content":{"rendered":"<p>            Par<br \/>\n        <strong><br \/>\n            <a href=\"https:\/\/actu.fr\/auteur\/romain-piccolo\" title=\"Consulter tous les articles de Romain Piccolo\" rel=\"nofollow noopener\" target=\"_blank\">Romain Piccolo<\/a><br \/>\n        <\/strong><\/p>\n<p>        Publi\u00e9 le<\/p>\n<p>            7 avr. 2025 \u00e0 18h06        <\/p>\n<p>Un jalon symbolique et technique a \u00e9t\u00e9 franchi, lundi 7\u00a0avril 2025, dans l\u2019avancement des travaux du m\u00e9tro toulousain\u2009: celui de la jonction des viaducs de la <a href=\"https:\/\/actu.fr\/tag\/ligne-c-du-metro-de-toulouse\" rel=\"nofollow noopener\" target=\"_blank\">future ligne C du m\u00e9tro<\/a> et du prolongement de la ligne B, au niveau de <strong>Lab\u00e8ge<\/strong>, au sud-est de Toulouse.<\/p>\n<p class=\" wall-content\">L\u2019ouvrage a\u00e9rien de la ligne C, long de 5\u00a0km, et<a href=\"https:\/\/actu.fr\/occitanie\/labege_31254\/un-premier-troncon-de-metro-va-ouvrir-en-2027-pres-de-toulouse-le-plus-spectaculaire-des-chantiers-s-acheve_61913830.html\" rel=\"nofollow noopener\" target=\"_blank\"> celui de la ligne B, long de 2,2\u00a0km<\/a>, se rencontrent dans un secteur strat\u00e9gique, au niveau de la future station Lab\u00e8ge Madron, qui deviendra la plus grande station a\u00e9rienne de l\u2019agglom\u00e9ration.<\/p>\n<p class=\" wall-content\">\u00ab\u2009Cette jonction n\u2019est pas simplement un raccordement physique, c\u2019est l\u2019aboutissement d\u2019un chantier collectif, humain et visionnaire\u2009\u00bb a soulign\u00e9 sur place<strong> Jean-Michel Lattes, le pr\u00e9sident de Tiss\u00e9o Collectivit\u00e9s.<\/strong><\/p>\n<p>      <img   decoding=\"async\" loading=\"lazy\" src=\"https:\/\/www.europesays.com\/fr\/wp-content\/uploads\/2025\/04\/img-4890-960x640.jpg\" alt=\"\u00c9lu, pr\u00e9sident et joueur du Stade Toulousain se sont r\u00e9unis pour la jonction de la Ligne C et B.\" width=\"960\" height=\"640\"\/><br \/>\n    \u00c9lu, pr\u00e9sident et joueurs du Stade Toulousain se sont r\u00e9unis pour la jonction de la Ligne C et B. (\u00a9Romain Piccolo \/ Actu Toulouse)Le Stade Toulousain pr\u00e9sent<\/p>\n<p class=\" wall-content\">Pour cette jonction des deux viaducs de la Ligne C et de la connexion Ligne B, deux personnalit\u00e9s du monde du rugby toulousain \u00e9taient pr\u00e9sentes. <strong>William Servat, ancien joueur du Stade Toulousain,<\/strong> aujourd\u2019hui entra\u00eeneur des avants de l\u2019\u00e9quipe de France, mais aussi <strong>Guillaume Cramont, talonneur du Stade, <\/strong>ont \u00e9chang\u00e9 des ballons sur le viaduc.<\/p>\n<p>Vid\u00e9os : en ce moment sur Actu<\/p>\n<p class=\" wall-content\"><strong>Didier Lacroix, pr\u00e9sident du club<\/strong>, c\u2019est aussi exprim\u00e9\u2009: \u00ab\u2009Ernest Wallon, est un peu coinc\u00e9 et difficilement accessible, mais avec cette nouvelle ligne, le stade s\u2019ouvre sur la ville\u2009\u00bb. Pour rappel, une station du futur m\u00e9tro sera situ\u00e9e \u00e0 proximit\u00e9 de l\u2019antre du Stade Toulousain.<\/p>\n<p>      <img   decoding=\"async\" loading=\"lazy\" src=\"https:\/\/www.europesays.com\/fr\/wp-content\/uploads\/2025\/04\/img-4877-1-960x640.jpg\" alt=\"Guillaume Cramont et William Servat ont \u00e9chang\u00e9 des ballons sur le viaduc. \" width=\"960\" height=\"640\"\/><br \/>\n    Guillaume Cramont et William Servat ont \u00e9chang\u00e9 des ballons sur le viaduc. (\u00a9Romain Piccolo \/ Actu Toulouse)Un futur carrefour strat\u00e9gique<\/p>\n<p class=\" wall-content\">Au-del\u00e0 de la prouesse technique, cette jonction va permettre de relier les principaux bassins d\u2019emplois du sud-est toulousain \u2014 en particulier ceux de l\u2019a\u00e9ronautique, de l\u2019espace, de la recherche et de l\u2019innovation. La station Lab\u00e8ge Madron deviendra un point de correspondance essentiel entre les lignes B et C, renfor\u00e7ant l\u2019intermodalit\u00e9 du r\u00e9seau.<\/p>\n<p>      <img   decoding=\"async\" loading=\"lazy\" src=\"https:\/\/www.europesays.com\/fr\/wp-content\/uploads\/2025\/04\/img-4910-960x640.jpg\" alt=\"Jean-Luc Moudenc, maire de Toulouse ses exprim\u00e9s : \" width=\"960\" height=\"640\"\/><br \/>\n    Jean-Luc Moudenc, maire de Toulouse s\u2019est exprim\u00e9\u2009: \u00ab\u2009Toulouse et Lab\u00e8ge \u00e9voluent c\u00f4te \u00e0 c\u00f4te, c\u2019est un double projet\u2009\u00bb. (\u00a9Romain Piccolo \/ Actu Toulouse)Un d\u00e9fi d\u2019ing\u00e9nierie complexe<\/p>\n<p class=\" wall-content\">Cette jonction, plus qu\u2019un symbole, illustre la prouesse technique que repr\u00e9sente la coordination de deux viaducs aux caract\u00e9ristiques diff\u00e9rentes. \u00c0 l\u2019aide de gigantesques poutres de lancement de 120\u00a0m\u00e8tres, les voussoirs pr\u00e9fabriqu\u00e9s ont \u00e9t\u00e9 positionn\u00e9s avec une pr\u00e9cision millim\u00e9tr\u00e9e. Sur les secteurs les plus sensibles, comme le franchissement du lac de la Justice ou de l\u2019autoroute A 61, des techniques sp\u00e9cifiques ont \u00e9t\u00e9 d\u00e9ploy\u00e9es\u2009: acheminement fluvial, \u00e9taiement, ou encore ripage nocturne de structure m\u00e9tallique.<\/p>\n<p class=\" wall-content\">Suivez toute l\u2019actualit\u00e9 de vos villes et m\u00e9dias favoris en vous inscrivant \u00e0 <a href=\"https:\/\/moncompte.actu.fr\" title=\"D\u00e9couvez Mon Actu\" rel=\"nofollow noopener\" data-trk=\"{&quot;cta&quot;:{&quot;action&quot;:&quot;https:\\\/\\\/moncompte.actu.fr&quot;,&quot;category&quot;:&quot;mon compte&quot;,&quot;from&quot;:&quot;article footer&quot;,&quot;name&quot;:&quot;Mon actu&quot;,&quot;type&quot;:&quot;cta&quot;}}\" target=\"_blank\">Mon Actu<\/a>.<\/p>\n","protected":false},"excerpt":{"rendered":"Par Romain Piccolo Publi\u00e9 le 7 avr. 2025 \u00e0 18h06 Un jalon symbolique et technique a \u00e9t\u00e9 franchi,&hellip;\n","protected":false},"author":2,"featured_media":11192,"comment_status":"","ping_status":"","sticky":false,"template":"","format":"standard","meta":{"footnotes":""},"categories":[2816],"tags":[1111,11,1777,674,3696,1011,27,5224,12,2680,25,476,5400,2312],"class_list":{"0":"post-11191","1":"post","2":"type-post","3":"status-publish","4":"format-standard","5":"has-post-thumbnail","7":"category-toulouse","8":"tag-actu","9":"tag-actualites","10":"tag-eu","11":"tag-europe","12":"tag-evenements","13":"tag-fr","14":"tag-france","15":"tag-ligne-c-du-metro-de-toulouse","16":"tag-news","17":"tag-occitanie","18":"tag-republique-francaise","19":"tag-stade-toulousain","20":"tag-tisseo","21":"tag-toulouse"},"share_on_mastodon":{"url":"https:\/\/pubeurope.com\/@fr\/114304521578958764","error":""},"_links":{"self":[{"href":"https:\/\/www.europesays.com\/fr\/wp-json\/wp\/v2\/posts\/11191","targetHints":{"allow":["GET"]}}],"collection":[{"href":"https:\/\/www.europesays.com\/fr\/wp-json\/wp\/v2\/posts"}],"about":[{"href":"https:\/\/www.europesays.com\/fr\/wp-json\/wp\/v2\/types\/post"}],"author":[{"embeddable":true,"href":"https:\/\/www.europesays.com\/fr\/wp-json\/wp\/v2\/users\/2"}],"replies":[{"embeddable":true,"href":"https:\/\/www.europesays.com\/fr\/wp-json\/wp\/v2\/comments?post=11191"}],"version-history":[{"count":0,"href":"https:\/\/www.europesays.com\/fr\/wp-json\/wp\/v2\/posts\/11191\/revisions"}],"wp:featuredmedia":[{"embeddable":true,"href":"https:\/\/www.europesays.com\/fr\/wp-json\/wp\/v2\/media\/11192"}],"wp:attachment":[{"href":"https:\/\/www.europesays.com\/fr\/wp-json\/wp\/v2\/media?parent=11191"}],"wp:term":[{"taxonomy":"category","embeddable":true,"href":"https:\/\/www.europesays.com\/fr\/wp-json\/wp\/v2\/categories?post=11191"},{"taxonomy":"post_tag","embeddable":true,"href":"https:\/\/www.europesays.com\/fr\/wp-json\/wp\/v2\/tags?post=11191"}],"curies":[{"name":"wp","href":"https:\/\/api.w.org\/{rel}","templated":true}]}}