{"id":111911,"date":"2025-05-19T14:03:18","date_gmt":"2025-05-19T14:03:18","guid":{"rendered":"https:\/\/www.europesays.com\/fr\/111911\/"},"modified":"2025-05-19T14:03:18","modified_gmt":"2025-05-19T14:03:18","slug":"lemblematique-statue-de-la-pomme-damour-est-revenue-dans-cette-ville-du-lot-et-garonne","status":"publish","type":"post","link":"https:\/\/www.europesays.com\/fr\/111911\/","title":{"rendered":"L\u2019embl\u00e9matique statue de la Pomme d\u2019amour est revenue dans cette ville du Lot-et-Garonne"},"content":{"rendered":"<p>            Par<br \/>\n        <strong><br \/>\n            <a href=\"https:\/\/actu.fr\/auteur\/mpcaris\" title=\"Consulter tous les articles de Marie-Pierre Caris\" target=\"_blank\" rel=\"noopener\">Marie-Pierre Caris<\/a><br \/>\n        <\/strong><\/p>\n<p>        Publi\u00e9 le<\/p>\n<p>            18 mai 2025 \u00e0 17h56        <\/p>\n<p>La statue de la Pomme d\u2019amour de <a href=\"https:\/\/actu.fr\/nouvelle-aquitaine\/marmande_47157\" target=\"_blank\" rel=\"noopener\">Marmande <\/a>est revenue sur son socle de la place de la mairie, jeudi 15\u00a0mai 2025.<\/p>\n<p class=\" wall-content\">Elle a \u00e9t\u00e9 d\u00e9voil\u00e9e par le maire, Jo\u00ebl Hocquelet, et Miss Ferline 2025, Rapha\u00eblle Battilana, en fin d\u2019apr\u00e8s-midi.<\/p>\n<p class=\" wall-content\">C\u2019est ainsi qu\u2019on a pu d\u00e9couvrir sa <b>nouvelle couleur<\/b>, puisque si la statue embl\u00e9matique de Marmande a disparu pendant de longs mois, c\u2019est qu\u2019elle a d\u2019abord \u00e9t\u00e9 restaur\u00e9e avant d\u2019\u00eatre stock\u00e9e pendant que la fontaine \u00e9tait pr\u00e9par\u00e9e pour l\u2019accueillir de nouveau.<\/p>\n<p>Le retour de l\u2019embl\u00e9matique statue de Marmande<\/p>\n<p class=\" wall-content\">Cette statue de <a href=\"https:\/\/tomatedemarmande.fr\/une-histoire\/\" target=\"_blank\" rel=\"noopener\">Ferline <\/a>avec une tomate dans la main droite, a \u00e9t\u00e9 inaugur\u00e9e en 1989 par le ministre de la Francophonie, Alain Decaux, en visite \u00e0 Marmande.<\/p>\n<p class=\" wall-content\">Elle a \u00e9t\u00e9 r\u00e9alis\u00e9e par l\u2019artiste <b>Jacques Coquillay<\/b>, sculpteur et pastelliste fran\u00e7ais, originaire de Ch\u00e2teauroux, et install\u00e9e \u00e0 la suite des travaux de la place Clemenceau de Marmande, \u00e0 la fin des ann\u00e9es 1990.<\/p>\n<p class=\" wall-content\">Cette statue en <b>laiton<\/b>, haute d\u20191 m\u00e8tre, large de 40\u00a0cm et d\u2019une profondeur de 52\u00a0cm, avait bien besoin d\u2019une restauration ces derni\u00e8res ann\u00e9es.<\/p>\n<p>    <img   decoding=\"async\" loading=\"lazy\" class=\"size-large\" src=\"https:\/\/www.europesays.com\/fr\/wp-content\/uploads\/2025\/05\/da638346472869f738346472899a38v-960x640.jpg\" alt=\"La statue de la Pomme d'amour a \u00e9t\u00e9 install\u00e9e et inaugur\u00e9e en 1989.\" width=\"960\" height=\"640\"\/><br \/>\n    La statue de la Pomme d\u2019amour a \u00e9t\u00e9 install\u00e9e et inaugur\u00e9e en 1989. \u00a9Archives Ville de Marmande<\/p>\n<p class=\" wall-content\">C\u2019est une statue en ronde-bosse, c\u2019est-\u00e0-dire en trois dimensions (technique de sculpture de l\u2019Antiquit\u00e9 qui, contrairement aux hauts-reliefs et aux bas-reliefs, n\u2019est pas physiquement attach\u00e9e \u00e0 un fond mais repose sur un socle).<\/p>\n<p class=\" wall-content\"><b>Restauration <\/b>compl\u00e8te qui a \u00e9t\u00e9 effectu\u00e9e en octobre\u00a02024 par la Fonderie du Lauragais, install\u00e9e \u00e0 Blan, dans le Tarn.<\/p>\n<p class=\" wall-content\">Plusieurs op\u00e9rations ont \u00e9t\u00e9 n\u00e9cessaires\u2009: nettoyage par sablage, reprise des ciselures, nouvelle patine (qui donne cette nouvelle couleur). Co\u00fbt de l\u2019op\u00e9ration globale\u2009: 2\u2009520\u00a0euros TTC.<\/p>\n<p class=\" wall-content\">\u00ab\u2009Cette statue n\u2019est pas seulement une pi\u00e8ce d\u2019art, d\u00e9clarait le maire, Jo\u00ebl Hocquelet, ce jeudi 15\u00a0mai. Elle est une part de notre m\u00e9moire collective, un symbole de douceur et de myst\u00e8re, tout comme la l\u00e9gende dont elle porte le nom\u2009: la Pomme d\u2019Amour, fruit \u00e0 la fois tentateur et g\u00e9n\u00e9reux, qui incarne parfaitement l\u2019esprit de Marmande \u2013 passionn\u00e9, attachant, un brin espi\u00e8gle.\u2009\u00bb<\/p>\n<p class=\" wall-content\">Ce retour marque aussi \u00ab\u2009le point final des travaux autour de la place Clemenceau\u2009\u00bb devait conclure le maire.<\/p>\n<p class=\" wall-content\">Suivez toute l\u2019actualit\u00e9 de vos villes et m\u00e9dias favoris en vous inscrivant \u00e0 <a href=\"https:\/\/moncompte.actu.fr\" title=\"D\u00e9couvez Mon Actu\" rel=\"nofollow noopener\" data-trk=\"{&quot;cta&quot;:{&quot;action&quot;:&quot;https:\\\/\\\/moncompte.actu.fr&quot;,&quot;category&quot;:&quot;mon compte&quot;,&quot;from&quot;:&quot;article footer&quot;,&quot;name&quot;:&quot;Mon actu&quot;,&quot;type&quot;:&quot;cta&quot;}}\" target=\"_blank\">Mon Actu<\/a>.<\/p>\n","protected":false},"excerpt":{"rendered":"Par Marie-Pierre Caris Publi\u00e9 le 18 mai 2025 \u00e0 17h56 La statue de la Pomme d\u2019amour de Marmande&hellip;\n","protected":false},"author":2,"featured_media":111912,"comment_status":"","ping_status":"","sticky":false,"template":"","format":"standard","meta":{"footnotes":""},"categories":[1358],"tags":[1348,1384,1385,1386,58,59,1011,27,2551,104,23127],"class_list":{"0":"post-111911","1":"post","2":"type-post","3":"status-publish","4":"format-standard","5":"has-post-thumbnail","7":"category-arts-et-design","8":"tag-arts","9":"tag-arts-and-design","10":"tag-arts-et-design","11":"tag-design","12":"tag-divertissement","13":"tag-entertainment","14":"tag-fr","15":"tag-france","16":"tag-patrimoine","17":"tag-societe","18":"tag-tomate"},"share_on_mastodon":{"url":"https:\/\/pubeurope.com\/@fr\/114534875372203252","error":""},"_links":{"self":[{"href":"https:\/\/www.europesays.com\/fr\/wp-json\/wp\/v2\/posts\/111911","targetHints":{"allow":["GET"]}}],"collection":[{"href":"https:\/\/www.europesays.com\/fr\/wp-json\/wp\/v2\/posts"}],"about":[{"href":"https:\/\/www.europesays.com\/fr\/wp-json\/wp\/v2\/types\/post"}],"author":[{"embeddable":true,"href":"https:\/\/www.europesays.com\/fr\/wp-json\/wp\/v2\/users\/2"}],"replies":[{"embeddable":true,"href":"https:\/\/www.europesays.com\/fr\/wp-json\/wp\/v2\/comments?post=111911"}],"version-history":[{"count":0,"href":"https:\/\/www.europesays.com\/fr\/wp-json\/wp\/v2\/posts\/111911\/revisions"}],"wp:featuredmedia":[{"embeddable":true,"href":"https:\/\/www.europesays.com\/fr\/wp-json\/wp\/v2\/media\/111912"}],"wp:attachment":[{"href":"https:\/\/www.europesays.com\/fr\/wp-json\/wp\/v2\/media?parent=111911"}],"wp:term":[{"taxonomy":"category","embeddable":true,"href":"https:\/\/www.europesays.com\/fr\/wp-json\/wp\/v2\/categories?post=111911"},{"taxonomy":"post_tag","embeddable":true,"href":"https:\/\/www.europesays.com\/fr\/wp-json\/wp\/v2\/tags?post=111911"}],"curies":[{"name":"wp","href":"https:\/\/api.w.org\/{rel}","templated":true}]}}