{"id":111913,"date":"2025-05-19T14:04:14","date_gmt":"2025-05-19T14:04:14","guid":{"rendered":"https:\/\/www.europesays.com\/fr\/111913\/"},"modified":"2025-05-19T14:04:14","modified_gmt":"2025-05-19T14:04:14","slug":"un-acteur-bien-connu-sera-le-president-de-ledition-2025","status":"publish","type":"post","link":"https:\/\/www.europesays.com\/fr\/111913\/","title":{"rendered":"un acteur bien connu sera le pr\u00e9sident de l&rsquo;\u00e9dition 2025"},"content":{"rendered":"<p>            Par<br \/>\n        <strong><br \/>\n            <a href=\"https:\/\/actu.fr\/auteur\/amandine-mehl\" title=\"Consulter tous les articles de Amandine Mehl\" target=\"_blank\" rel=\"noopener\">Amandine Mehl<\/a><br \/>\n        <\/strong><\/p>\n<p>        Publi\u00e9 le<\/p>\n<p>            19 mai 2025 \u00e0 15h43        <\/p>\n<p>La 47\u1d49 \u00e9dition du <a href=\"https:\/\/actu.fr\/tag\/livre-sur-la-place\" target=\"_blank\" rel=\"noopener\">Livre sur la Place<\/a>, qui se d\u00e9roulera les 12, 13 et 14\u00a0septembre 2025 \u00e0 <strong>Nancy<\/strong>, a son <strong>pr\u00e9sident<\/strong>.<\/p>\n<p class=\" wall-content\">La Ville de Nancy vient en effet d\u2019annoncer que <strong>Guillaume Gallienne<\/strong>, acteur, sc\u00e9nariste et r\u00e9alisateur fran\u00e7ais, avait accept\u00e9 de pr\u00e9sider ce rendez-vous tr\u00e8s attendu.<\/p>\n<p>Anne Sinclair, Kamel Daoud et Mathias Malzieu pr\u00e9sidents de prix litt\u00e9raires<\/p>\n<p class=\" wall-content\">Pour l\u2019acteur, cette ann\u00e9e marque \u00e9galement la publication de son livre Le Buveur de brume. Un r\u00e9cit au sein duquel il \u00e9voque ses origines g\u00e9orgiennes et son pass\u00e9 familial.<\/p>\n<p class=\" wall-content\">La Ville de Nancy a par ailleurs d\u00e9voil\u00e9 <strong>trois autres pr\u00e9sidents<\/strong> pour trois prix litt\u00e9raires\u2009: <strong>Anne Sinclair<\/strong>, journaliste franco-am\u00e9ricaine, <strong>Kamel Daoud<\/strong>, laur\u00e9at du Goncourt 2024 pour Houris et l\u2019\u00e9crivain et musicien <strong>Mathias Malzieu<\/strong>.<\/p>\n<p class=\" wall-content\">Suivez toute l\u2019actualit\u00e9 de vos villes et m\u00e9dias favoris en vous inscrivant \u00e0 <a href=\"https:\/\/moncompte.actu.fr\" title=\"D\u00e9couvez Mon Actu\" rel=\"nofollow noopener\" data-trk=\"{&quot;cta&quot;:{&quot;action&quot;:&quot;https:\\\/\\\/moncompte.actu.fr&quot;,&quot;category&quot;:&quot;mon compte&quot;,&quot;from&quot;:&quot;article footer&quot;,&quot;name&quot;:&quot;Mon actu&quot;,&quot;type&quot;:&quot;cta&quot;}}\" target=\"_blank\">Mon Actu<\/a>.<\/p>\n","protected":false},"excerpt":{"rendered":"Par Amandine Mehl Publi\u00e9 le 19 mai 2025 \u00e0 15h43 La 47\u1d49 \u00e9dition du Livre sur la Place,&hellip;\n","protected":false},"author":2,"featured_media":111914,"comment_status":"","ping_status":"","sticky":false,"template":"","format":"standard","meta":{"footnotes":""},"categories":[1357],"tags":[1379,58,59,1011,27,23128,1380,1652],"class_list":{"0":"post-111913","1":"post","2":"type-post","3":"status-publish","4":"format-standard","5":"has-post-thumbnail","7":"category-livres","8":"tag-books","9":"tag-divertissement","10":"tag-entertainment","11":"tag-fr","12":"tag-france","13":"tag-livre-sur-la-place","14":"tag-livres","15":"tag-loisirs-culture"},"share_on_mastodon":{"url":"https:\/\/pubeurope.com\/@fr\/114534879596723110","error":""},"_links":{"self":[{"href":"https:\/\/www.europesays.com\/fr\/wp-json\/wp\/v2\/posts\/111913","targetHints":{"allow":["GET"]}}],"collection":[{"href":"https:\/\/www.europesays.com\/fr\/wp-json\/wp\/v2\/posts"}],"about":[{"href":"https:\/\/www.europesays.com\/fr\/wp-json\/wp\/v2\/types\/post"}],"author":[{"embeddable":true,"href":"https:\/\/www.europesays.com\/fr\/wp-json\/wp\/v2\/users\/2"}],"replies":[{"embeddable":true,"href":"https:\/\/www.europesays.com\/fr\/wp-json\/wp\/v2\/comments?post=111913"}],"version-history":[{"count":0,"href":"https:\/\/www.europesays.com\/fr\/wp-json\/wp\/v2\/posts\/111913\/revisions"}],"wp:featuredmedia":[{"embeddable":true,"href":"https:\/\/www.europesays.com\/fr\/wp-json\/wp\/v2\/media\/111914"}],"wp:attachment":[{"href":"https:\/\/www.europesays.com\/fr\/wp-json\/wp\/v2\/media?parent=111913"}],"wp:term":[{"taxonomy":"category","embeddable":true,"href":"https:\/\/www.europesays.com\/fr\/wp-json\/wp\/v2\/categories?post=111913"},{"taxonomy":"post_tag","embeddable":true,"href":"https:\/\/www.europesays.com\/fr\/wp-json\/wp\/v2\/tags?post=111913"}],"curies":[{"name":"wp","href":"https:\/\/api.w.org\/{rel}","templated":true}]}}