{"id":1119200,"date":"2026-08-10T11:12:15","date_gmt":"2026-08-10T11:12:15","guid":{"rendered":"https:\/\/www.europesays.com\/fr\/1119200\/"},"modified":"2026-08-10T11:12:15","modified_gmt":"2026-08-10T11:12:15","slug":"maxeville-agent-municipal-et-pompier-volontaire-il-a-combattu-le-feu-a-fontainebleau","status":"publish","type":"post","link":"https:\/\/www.europesays.com\/fr\/1119200\/","title":{"rendered":"Max\u00e9ville. Agent municipal et pompier volontaire, il a combattu le feu \u00e0 Fontainebleau"},"content":{"rendered":"<p>Micha\u00ebl Jolain est agent de la ville de Max\u00e9ville. Il occupe les fonctions d\u2019agent de pr\u00e9vention des risques professionnels et est rattach\u00e9 au service des ressources humaines. Ses fonctions l\u2019am\u00e8nent \u00e0 mettre en place tout ce qui est utile \u00e0 l\u2019ergonomie des postes de travail des agents de la ville.<\/p>\n<p>Il est \u00e9galement charg\u00e9 de la mise \u00e0 jour et du suivi du document unique des risques professionnels. Enfin il est formateur SST (sauveteur secouriste du travail) et dispense aussi aupr\u00e8s de ses coll\u00e8gues la formation \u00e0 la manipulation d\u2019extincteurs. Mais Micha\u00ebl Jolain a \u00e9galement une activit\u00e9 importante\u00a0: il est sapeur-pompier volontaire, et a suivi une sp\u00e9cialit\u00e9 \u00ab\u00a0feux de for\u00eats\u00a0\u00bb.<\/p>\n<p>Gr\u00e2ce \u00e0 une convention entre Max\u00e9ville et le service d\u00e9partemental d\u2019incendie et de secours, il b\u00e9n\u00e9ficie d\u2019am\u00e9nagements horaires lorsqu\u2019il est appel\u00e9 pour des secours. Il a l\u2019autorisation du maire de se lib\u00e9rer \u00e0 tout moment pour les incendies de for\u00eats.<\/p>\n<p>  Quatre jours de combats contre le feu<\/p>\n<p>C\u2019est pendant ses cong\u00e9s annuels qu\u2019il a \u00e9t\u00e9 appel\u00e9 \u00e0 intervenir sur l\u2019incendie de la for\u00eat de Fontainebleau, en juillet. Il est parti avec une dizaine de personnes, de Nancy, pour quatre jours et quatre nuits de combat.<\/p>\n<p>\u00ab\u00a0Les journ\u00e9es sont longues et les nuits tr\u00e8s courtes, mais c\u2019est notre devoir de faire le maximum, dit-il humblement. J\u2019aimerais vraiment qu\u2019on respecte et prot\u00e8ge la nature en \u00e9vitant les jets de m\u00e9gots et les barbecues. C\u2019est notre devoir \u00e0 tous de pr\u00e9server notre environnement.\u00a0\u00bb<\/p>\n","protected":false},"excerpt":{"rendered":"Micha\u00ebl Jolain est agent de la ville de Max\u00e9ville. Il occupe les fonctions d\u2019agent de pr\u00e9vention des risques&hellip;\n","protected":false},"author":2,"featured_media":1119201,"comment_status":"","ping_status":"","sticky":false,"template":"","format":"standard","meta":{"footnotes":"","_share_on_mastodon":"0"},"categories":[9635],"tags":[1111,11,1704,1777,674,1011,27,775,10061,10262,1702,12,25,104],"class_list":["post-1119200","post","type-post","status-publish","format-standard","has-post-thumbnail","category-nancy","tag-actu","tag-actualites","tag-edition-nancy-et-agglomeration","tag-eu","tag-europe","tag-fr","tag-france","tag-grand-est","tag-maxeville","tag-metropole-du-grand-nancy-54b5","tag-nancy","tag-news","tag-republique-francaise","tag-societe"],"share_on_mastodon":{"url":"https:\/\/pubeurope.com\/@fr\/117070918282672922","error":""},"_links":{"self":[{"href":"https:\/\/www.europesays.com\/fr\/wp-json\/wp\/v2\/posts\/1119200","targetHints":{"allow":["GET"]}}],"collection":[{"href":"https:\/\/www.europesays.com\/fr\/wp-json\/wp\/v2\/posts"}],"about":[{"href":"https:\/\/www.europesays.com\/fr\/wp-json\/wp\/v2\/types\/post"}],"author":[{"embeddable":true,"href":"https:\/\/www.europesays.com\/fr\/wp-json\/wp\/v2\/users\/2"}],"replies":[{"embeddable":true,"href":"https:\/\/www.europesays.com\/fr\/wp-json\/wp\/v2\/comments?post=1119200"}],"version-history":[{"count":0,"href":"https:\/\/www.europesays.com\/fr\/wp-json\/wp\/v2\/posts\/1119200\/revisions"}],"wp:featuredmedia":[{"embeddable":true,"href":"https:\/\/www.europesays.com\/fr\/wp-json\/wp\/v2\/media\/1119201"}],"wp:attachment":[{"href":"https:\/\/www.europesays.com\/fr\/wp-json\/wp\/v2\/media?parent=1119200"}],"wp:term":[{"taxonomy":"category","embeddable":true,"href":"https:\/\/www.europesays.com\/fr\/wp-json\/wp\/v2\/categories?post=1119200"},{"taxonomy":"post_tag","embeddable":true,"href":"https:\/\/www.europesays.com\/fr\/wp-json\/wp\/v2\/tags?post=1119200"}],"curies":[{"name":"wp","href":"https:\/\/api.w.org\/{rel}","templated":true}]}}