{"id":111935,"date":"2025-05-19T14:16:09","date_gmt":"2025-05-19T14:16:09","guid":{"rendered":"https:\/\/www.europesays.com\/fr\/111935\/"},"modified":"2025-05-19T14:16:09","modified_gmt":"2025-05-19T14:16:09","slug":"saint-etienne-deux-hommes-interpelles-apres-avoir-vole-un-sac-a-main-dans-un-bar","status":"publish","type":"post","link":"https:\/\/www.europesays.com\/fr\/111935\/","title":{"rendered":"Saint-Etienne. Deux hommes interpell\u00e9s apr\u00e8s avoir vol\u00e9 un sac \u00e0 main dans un bar"},"content":{"rendered":"<p>C\u2019est une belle op\u00e9ration men\u00e9e par les policiers qui a rendu le sourire \u00e0 une jeune femme, qui passait une agr\u00e9able soir\u00e9e dans un bar de Saint-Etienne situ\u00e9 dans la Grand\u2019rue \u00e0 quelques encablures de l\u2019universit\u00e9.<\/p>\n<p>Vers 1 heure, dans la nuit du samedi 17\u00a0mai, deux individus ont fait irruption dans un \u00e9tablissement de nuit et d\u00e9rober le sac \u00e0 main de cette jeune femme. Rapidement, les policiers sont avis\u00e9s du vol et re\u00e7oivent une description pr\u00e9cise des deux hommes qui ont pris la fuite \u00e0 pied.<\/p>\n<p>  Retrouv\u00e9s gr\u00e2ce \u00e0 une description pr\u00e9cise<\/p>\n<p>Apr\u00e8s quelques minutes, les fonctionnaires parviennent \u00e0 retrouver leur trace dans la rue Michelet o\u00f9 ces derniers seront interpell\u00e9s. Les forces de l\u2019ordre vont retrouver sur eux les objets vol\u00e9s \u00e0 la jeune femme, dont de l\u2019argent liquide et des \u00e9couteurs sans fil qui ont pu lui \u00eatre restitu\u00e9s.<\/p>\n<p>Plac\u00e9s en garde \u00e0 vue, les deux mis en cause, \u00e2g\u00e9s de 21 et 23 ans, seront prochainement convoqu\u00e9s devant le tribunal correctionnel de Saint-Etienne.<\/p>\n","protected":false},"excerpt":{"rendered":"C\u2019est une belle op\u00e9ration men\u00e9e par les policiers qui a rendu le sourire \u00e0 une jeune femme, qui&hellip;\n","protected":false},"author":2,"featured_media":111936,"comment_status":"","ping_status":"","sticky":false,"template":"","format":"standard","meta":{"footnotes":""},"categories":[9653],"tags":[1111,11,2430,271,272,7539,1777,674,274,1011,27,3367,12,25,4001,7538],"class_list":{"0":"post-111935","1":"post","2":"type-post","3":"status-publish","4":"format-standard","5":"has-post-thumbnail","7":"category-saint-etienne","8":"tag-actu","9":"tag-actualites","10":"tag-auvergne-rhone-alpes","11":"tag-crime","12":"tag-delit-et-contravention","13":"tag-edition-loire-sud","14":"tag-eu","15":"tag-europe","16":"tag-faits-divers-justice","17":"tag-fr","18":"tag-france","19":"tag-loire","20":"tag-news","21":"tag-republique-francaise","22":"tag-saint-etienne","23":"tag-saint-etienne-ville"},"share_on_mastodon":{"url":"https:\/\/pubeurope.com\/@fr\/114534926469393828","error":""},"_links":{"self":[{"href":"https:\/\/www.europesays.com\/fr\/wp-json\/wp\/v2\/posts\/111935","targetHints":{"allow":["GET"]}}],"collection":[{"href":"https:\/\/www.europesays.com\/fr\/wp-json\/wp\/v2\/posts"}],"about":[{"href":"https:\/\/www.europesays.com\/fr\/wp-json\/wp\/v2\/types\/post"}],"author":[{"embeddable":true,"href":"https:\/\/www.europesays.com\/fr\/wp-json\/wp\/v2\/users\/2"}],"replies":[{"embeddable":true,"href":"https:\/\/www.europesays.com\/fr\/wp-json\/wp\/v2\/comments?post=111935"}],"version-history":[{"count":0,"href":"https:\/\/www.europesays.com\/fr\/wp-json\/wp\/v2\/posts\/111935\/revisions"}],"wp:featuredmedia":[{"embeddable":true,"href":"https:\/\/www.europesays.com\/fr\/wp-json\/wp\/v2\/media\/111936"}],"wp:attachment":[{"href":"https:\/\/www.europesays.com\/fr\/wp-json\/wp\/v2\/media?parent=111935"}],"wp:term":[{"taxonomy":"category","embeddable":true,"href":"https:\/\/www.europesays.com\/fr\/wp-json\/wp\/v2\/categories?post=111935"},{"taxonomy":"post_tag","embeddable":true,"href":"https:\/\/www.europesays.com\/fr\/wp-json\/wp\/v2\/tags?post=111935"}],"curies":[{"name":"wp","href":"https:\/\/api.w.org\/{rel}","templated":true}]}}