{"id":111954,"date":"2025-05-19T14:27:09","date_gmt":"2025-05-19T14:27:09","guid":{"rendered":"https:\/\/www.europesays.com\/fr\/111954\/"},"modified":"2025-05-19T14:27:09","modified_gmt":"2025-05-19T14:27:09","slug":"liae-ecole-de-management-daix-forme-depuis-70-ans-les-futurs-managers","status":"publish","type":"post","link":"https:\/\/www.europesays.com\/fr\/111954\/","title":{"rendered":"L&rsquo;IAE, \u00e9cole de management d&rsquo;Aix, forme depuis 70 ans les futurs managers"},"content":{"rendered":"<p>Avec environ 850 \u00e9tudiants r\u00e9partis sur diff\u00e9rents niveaux, <a href=\"https:\/\/www.laprovence.com\/article\/region\/1703863516575715\/pour-sa-rentree-lecole-de-management-daix-veut-confirmer-son-rang-dexcellence-au-niveau-mondial\" target=\"_blank\" rel=\"noopener\">l&rsquo;IAE d&rsquo;Aix <\/a>propose une offre de formation riche, allant de la licence professionnelle aux masters et programmes ex\u00e9cutifs. L&rsquo;\u00e9tablissement, situ\u00e9 \u00e0 Puyricard, se distingue par un positionnement s\u00e9lectif et professionnalisant. D\u00e8s la licence, le programme Bamo (Bachelor en management op\u00e9rationnel) accueille une quinzaine d&rsquo;\u00e9tudiants en reconversion ou ayant une premi\u00e8re exp\u00e9rience professionnelle et souhaitant se former \u00e0 la gestion.<\/p>\n","protected":false},"excerpt":{"rendered":"Avec environ 850 \u00e9tudiants r\u00e9partis sur diff\u00e9rents niveaux, l&rsquo;IAE d&rsquo;Aix propose une offre de formation riche, allant de&hellip;\n","protected":false},"author":2,"featured_media":111955,"comment_status":"","ping_status":"","sticky":false,"template":"","format":"standard","meta":{"footnotes":""},"categories":[9566],"tags":[17,1111,11,1764,2430,13636,394,1122,33,1777,674,4988,1011,27,2731,23130,8657,12,25],"class_list":{"0":"post-111954","1":"post","2":"type-post","3":"status-publish","4":"format-standard","5":"has-post-thumbnail","7":"category-grenoble","8":"tag-17","9":"tag-actu","10":"tag-actualites","11":"tag-ans","12":"tag-auvergne-rhone-alpes","13":"tag-daix","14":"tag-depuis","15":"tag-ecole","16":"tag-economie","17":"tag-eu","18":"tag-europe","19":"tag-forme","20":"tag-fr","21":"tag-france","22":"tag-grenoble","23":"tag-liae","24":"tag-management","25":"tag-news","26":"tag-republique-francaise"},"share_on_mastodon":{"url":"https:\/\/pubeurope.com\/@fr\/114534970231292152","error":""},"_links":{"self":[{"href":"https:\/\/www.europesays.com\/fr\/wp-json\/wp\/v2\/posts\/111954","targetHints":{"allow":["GET"]}}],"collection":[{"href":"https:\/\/www.europesays.com\/fr\/wp-json\/wp\/v2\/posts"}],"about":[{"href":"https:\/\/www.europesays.com\/fr\/wp-json\/wp\/v2\/types\/post"}],"author":[{"embeddable":true,"href":"https:\/\/www.europesays.com\/fr\/wp-json\/wp\/v2\/users\/2"}],"replies":[{"embeddable":true,"href":"https:\/\/www.europesays.com\/fr\/wp-json\/wp\/v2\/comments?post=111954"}],"version-history":[{"count":0,"href":"https:\/\/www.europesays.com\/fr\/wp-json\/wp\/v2\/posts\/111954\/revisions"}],"wp:featuredmedia":[{"embeddable":true,"href":"https:\/\/www.europesays.com\/fr\/wp-json\/wp\/v2\/media\/111955"}],"wp:attachment":[{"href":"https:\/\/www.europesays.com\/fr\/wp-json\/wp\/v2\/media?parent=111954"}],"wp:term":[{"taxonomy":"category","embeddable":true,"href":"https:\/\/www.europesays.com\/fr\/wp-json\/wp\/v2\/categories?post=111954"},{"taxonomy":"post_tag","embeddable":true,"href":"https:\/\/www.europesays.com\/fr\/wp-json\/wp\/v2\/tags?post=111954"}],"curies":[{"name":"wp","href":"https:\/\/api.w.org\/{rel}","templated":true}]}}