{"id":1119603,"date":"2026-08-10T15:33:20","date_gmt":"2026-08-10T15:33:20","guid":{"rendered":"https:\/\/www.europesays.com\/fr\/1119603\/"},"modified":"2026-08-10T15:33:20","modified_gmt":"2026-08-10T15:33:20","slug":"ceuta-apres-londres-amsterdam-ou-belfast-la-mobilisation-contre-limmigration-massive-gagne-lespagne","status":"publish","type":"post","link":"https:\/\/www.europesays.com\/fr\/1119603\/","title":{"rendered":"Ceuta : apr\u00e8s Londres, Amsterdam ou Belfast, la mobilisation contre l&rsquo;immigration massive gagne l&rsquo;Espagne"},"content":{"rendered":"<p class=\"dm_article-chapeau\">\u00c0 Ceuta (Espagne), plusieurs milliers de manifestants se sont r\u00e9unis ce dimanche afin de protester contre la gestion de la crise migratoire par le gouvernement. Cette mobilisation s&rsquo;inscrit dans une s\u00e9rie de protestations similaires ces derni\u00e8res ann\u00e9es en Europe.<\/p>\n<p>Ils sont venus rappeler que Ceuta est l&rsquo;Europe. Ce dimanche 9 ao\u00fbt, plusieurs milliers de manifestants sont <a href=\"https:\/\/www.cnews.fr\/videos\/monde\/2026-08-10\/le-gouvernement-nous-abandonne-des-habitants-de-ceuta-manifestent-leur\" target=\"_blank\" rel=\"nofollow noopener\">descendus dans les rues de l&rsquo;enclave espagnole<\/a> afin d&rsquo;exprimer leur col\u00e8re face \u00e0 la gestion de la crise migratoire par Madrid.<\/p>\n<p>Plus de 70.000 migrants ont travers\u00e9 la fronti\u00e8re depuis le Maroc les 30 et 31 juillet derniers, provoquant des sc\u00e8nes de chaos dans l&rsquo;enclave espagnole. Certains commerces ont m\u00eame \u00e9t\u00e9 vis\u00e9s par des <a href=\"https:\/\/www.cnews.fr\/monde\/2026-08-09\/je-vis-dans-la-peur-ceuta-les-migrants-tentent-de-piller-certains-commerces\" target=\"_blank\" rel=\"nofollow noopener\">tentavies de pillage<\/a>. Cette mobilisation contre l&rsquo;immigration massive s&rsquo;inscrit toutefois dans un mouvement plus large observ\u00e9 depuis plusieurs ann\u00e9es \u00e0 travers l&rsquo;Europe.<\/p>\n<p>L&rsquo;exemple le plus r\u00e9cent remonte \u00e0 Thetford, dans l&rsquo;est de l&rsquo;Angleterre, o\u00f9 plusieurs jours de manifestations anti-immigration ont d\u00e9g\u00e9n\u00e9r\u00e9. Des policiers ont \u00e9t\u00e9 agress\u00e9s et des logements accueillant des migrants ont \u00e9t\u00e9 attaqu\u00e9s.\u00a0<\/p>\n<p>Le 16 mai dernier, des dizaines de milliers de Britanniques avaient \u00e9galement battu le pav\u00e9 \u00e0 Londres. Drapeaux nationaux en main, ils d\u00e9non\u00e7aient une immigration jug\u00e9e trop importante. Des rassemblements de ce type se r\u00e9p\u00e8tent r\u00e9guli\u00e8rement au <a href=\"https:\/\/www.cnews.fr\/royaume-uni\" target=\"_blank\" rel=\"nofollow noopener\">Royaume-Uni<\/a>. En septembre 2025, plus de 110.000 personnes s&rsquo;\u00e9taient d\u00e9j\u00e0 mobilis\u00e9es sur cette question.<\/p>\n<p>\u00abJe suis ici pour participer \u00e0 quelque chose qui montre que nous ne sommes pas des racistes intol\u00e9rants, simplement parce que nous sommes patriotes envers notre pays, pour brandir le drapeau et essayer d&rsquo;unir le pays plut\u00f4t que de le diviser\u00bb, expliquait l&rsquo;un des manifestants.<\/p>\n<p>une \u00abpression sur tous les domaines\u00bb<\/p>\n<p>Le 9 juin dernier, en <a href=\"https:\/\/www.cnews.fr\/irlande-du-nord\" target=\"_blank\" rel=\"nofollow noopener\">Irlande du Nord<\/a> cette fois, une manifestation contre l&rsquo;immigration avait aussi d\u00e9g\u00e9n\u00e9r\u00e9 apr\u00e8s que des manifestants en col\u00e8re ont incendi\u00e9 des b\u00e2timents et des v\u00e9hicules au lendemain d&rsquo;une agression au couteau mettant en cause un r\u00e9fugi\u00e9 soudanais.<\/p>\n<p>En octobre 2025 \u00e0 Amsterdam (<a href=\"https:\/\/www.cnews.fr\/pays-bas\" target=\"_blank\" rel=\"nofollow noopener\">Pays-Bas<\/a>), plusieurs centaines de personnes s&rsquo;\u00e9taient \u00e9galement r\u00e9unies pour protester contre une immigration jug\u00e9e trop massive.<\/p>\n<p>Selon plusieurs Hollandais pr\u00e9sents dans le cort\u00e8ge ce jour-l\u00e0, le ph\u00e9nom\u00e8ne exerce une \u00abpression sur tous les domaines\u00bb aux Pays-Bas, se traduisant par un manque de logements, une perte de qualit\u00e9 dans les soins de sant\u00e9 ou l&rsquo;\u00e9ducation.<\/p>\n<p>Et concernant l&rsquo;<a href=\"https:\/\/www.cnews.fr\/espagne\" target=\"_blank\" rel=\"nofollow noopener\">Espagne<\/a>, avant Ceuta, en octobre 2024, \u00e0 Las Palmas, aux Canaries, plusieurs milliers de personnes avaient manifest\u00e9, l\u00e0 encore, pour d\u00e9noncer l&rsquo;immigration massive ill\u00e9gale et invoquant les m\u00eames motifs.<\/p>\n","protected":false},"excerpt":{"rendered":"\u00c0 Ceuta (Espagne), plusieurs milliers de manifestants se sont r\u00e9unis ce dimanche afin de protester contre la gestion&hellip;\n","protected":false},"author":2,"featured_media":1119604,"comment_status":"","ping_status":"","sticky":false,"template":"","format":"standard","meta":{"footnotes":"","_share_on_mastodon":"0"},"categories":[1588],"tags":[11,24917,123,1777,674,1061,16776,2223,12,934,473,1853,1851,1850,1852],"class_list":["post-1119603","post","type-post","status-publish","format-standard","has-post-thumbnail","category-royaume-uni","tag-actualites","tag-crise-migratoire","tag-espagne","tag-eu","tag-europe","tag-immigration","tag-irlande-du-nord","tag-maroc","tag-news","tag-pays-bas","tag-royaume-uni","tag-royaume-uni-de-grande-bretagne-et-dirlande-du-nord","tag-uk","tag-united-kingdom","tag-united-kingdom-of-great-britain-and-northern-ireland"],"share_on_mastodon":{"url":"","error":""},"_links":{"self":[{"href":"https:\/\/www.europesays.com\/fr\/wp-json\/wp\/v2\/posts\/1119603","targetHints":{"allow":["GET"]}}],"collection":[{"href":"https:\/\/www.europesays.com\/fr\/wp-json\/wp\/v2\/posts"}],"about":[{"href":"https:\/\/www.europesays.com\/fr\/wp-json\/wp\/v2\/types\/post"}],"author":[{"embeddable":true,"href":"https:\/\/www.europesays.com\/fr\/wp-json\/wp\/v2\/users\/2"}],"replies":[{"embeddable":true,"href":"https:\/\/www.europesays.com\/fr\/wp-json\/wp\/v2\/comments?post=1119603"}],"version-history":[{"count":0,"href":"https:\/\/www.europesays.com\/fr\/wp-json\/wp\/v2\/posts\/1119603\/revisions"}],"wp:featuredmedia":[{"embeddable":true,"href":"https:\/\/www.europesays.com\/fr\/wp-json\/wp\/v2\/media\/1119604"}],"wp:attachment":[{"href":"https:\/\/www.europesays.com\/fr\/wp-json\/wp\/v2\/media?parent=1119603"}],"wp:term":[{"taxonomy":"category","embeddable":true,"href":"https:\/\/www.europesays.com\/fr\/wp-json\/wp\/v2\/categories?post=1119603"},{"taxonomy":"post_tag","embeddable":true,"href":"https:\/\/www.europesays.com\/fr\/wp-json\/wp\/v2\/tags?post=1119603"}],"curies":[{"name":"wp","href":"https:\/\/api.w.org\/{rel}","templated":true}]}}