{"id":11197,"date":"2025-04-08T21:45:15","date_gmt":"2025-04-08T21:45:15","guid":{"rendered":"https:\/\/www.europesays.com\/fr\/11197\/"},"modified":"2025-04-08T21:45:15","modified_gmt":"2025-04-08T21:45:15","slug":"lautoroute-doit-rouvrir-dans-le-sens-aix-marseille","status":"publish","type":"post","link":"https:\/\/www.europesays.com\/fr\/11197\/","title":{"rendered":"l&rsquo;autoroute doit rouvrir dans le sens Aix-Marseille"},"content":{"rendered":"<p>Jusqu&rsquo;\u00e0 quand va durer la gal\u00e8re pour les automobilistes aixois ? La situation est en passe d&rsquo;\u00e9voluer favorablement, apr\u00e8s le spectaculaire accident, en fin de nuit, lundi 7 avril 2025, d&rsquo;un poids lourd.<a href=\"https:\/\/www.laprovence.com\/article\/region\/1804960082321115\/accident-dun-poids-lourd-sur-la51-a-aix-le-trafic-sature-les-itineraires-et-deviations-mis-en-place\" target=\"_blank\" rel=\"nofollow noopener\"> Ce dernier a quitt\u00e9 l&rsquo;A8 alors qu&rsquo;il roulait dans le sens Nice-Salon pour s&rsquo;aplatir sur le terre-plein central de l&rsquo;A51<\/a> en contrebas avant de s&#8217;embraser. Les \u00e9quipes de la <a href=\"https:\/\/www.laprovence.com\/auteurs\/3e4pagr64-direction-interdepartementale-des-routes-mediterranee-dirmed\" target=\"_blank\" rel=\"nofollow noopener\">Dirmed <\/a>sont intervenues d\u00e8s le d\u00e9but de matin\u00e9e pour \u00e9vacuer le camion et remettre la chauss\u00e9e en \u00e9tat. Vers midi, les engins \u00e9taient en train de d\u00e9gager la structure calcin\u00e9e du poids lourd.<\/p>\n<p>Mais les d\u00e9g\u00e2ts sur le r\u00e9seau routier sont importants. La chauss\u00e9e, tr\u00e8s endommag\u00e9e, a d\u00fb faire l&rsquo;objet de r\u00e9parations d&rsquo;urgence. Les glissi\u00e8res de s\u00e9curit\u00e9 aussi devaient \u00eatre r\u00e9par\u00e9es Et un autre point g\u00e9n\u00e9rait une inqui\u00e9tude en d\u00e9but d&rsquo;apr\u00e8s-midi. Avec une question centrale : quel impact a pu avoir l&rsquo;incendie sur la structure du pont pr\u00e8s duquel le camion a br\u00fbl\u00e9 ?<\/p>\n<p>Des expertises ont \u00e9t\u00e9 men\u00e9es pour d\u00e9terminer si les diff\u00e9rents<a href=\"https:\/\/www.laprovence.com\/article\/edition-aix-pays-daix\/5709466\/les-autoroutes-vont-reajuster-leurs-bretelles.html\" target=\"_blank\" rel=\"nofollow noopener\"> ouvrages d&rsquo;art <\/a>avaient \u00e9t\u00e9 endommag\u00e9s. Il y a quelques minutes, la pr\u00e9fecture des Bouches-du-Rh\u00f4ne indiquait que les r\u00e9sultats n&rsquo;avaient r\u00e9v\u00e9l\u00e9 aucun d\u00e9g\u00e2t sur les ponts.<\/p>\n<p><img alt=\"Une vingtaine de pompiers et six engins sont intervenus au moment de l'accident du poids lourd, qui s'est embras\u00e9 apr\u00e8s sa chute.\" loading=\"lazy\" decoding=\"async\" data-nimg=\"fill\" class=\" TwicCore_img__i9TC1 undefined  undefined\" style=\"position:absolute;height:100%;width:100%;left:0;top:0;right:0;bottom:0;color:transparent;background-size:cover;background-position:50% 50%;background-repeat:no-repeat;background-image:url(&quot;data:image\/svg+xml;charset=utf-8,%3Csvg xmlns='http:\/\/www.w3.org\/2000\/svg' %3E%3Cfilter id='b' color-interpolation-filters='sRGB'%3E%3CfeGaussianBlur stdDeviation='20'\/%3E%3CfeColorMatrix values='1 0 0 0 0 0 1 0 0 0 0 0 1 0 0 0 0 0 100 -1' result='s'\/%3E%3CfeFlood x='0' y='0' width='100%25' height='100%25'\/%3E%3CfeComposite operator='out' in='s'\/%3E%3CfeComposite in2='SourceGraphic'\/%3E%3CfeGaussianBlur stdDeviation='20'\/%3E%3C\/filter%3E%3Cimage width='100%25' height='100%25' x='0' y='0' preserveAspectRatio='none' style='filter: url(%23b);' href='https:\/\/pictures.laprovence.com\/cdn-cgi\/image\/blur=250\/media\/melody\/2025\/04\/07\/intervention-sur-un-accident-de-poids-lourd-entre-les-autortoutes-a8-et-a51-a-aix-1744040282_1f1d34abe3f76932d34abe3f7b72d3v_.jpg'\/%3E%3C\/svg%3E&quot;)\"   src=\"https:\/\/www.europesays.com\/fr\/wp-content\/uploads\/2025\/04\/intervention-sur-un-accident-de-poids-lourd-entre-les-autortoutes-a8-et-a51-a-aix-1744040282_1f1d34a.jpeg\"\/>Une vingtaine de pompiers et six engins sont intervenus au moment de l&rsquo;accident du poids lourd, qui s&rsquo;est embras\u00e9 apr\u00e8s sa chute. Pompiers13<\/p>\n<p>Elle annon\u00e7ait\u00a0 une r\u00e9ouverture de l&rsquo;A51\u00a0 en deux temps : dans le sens Aix vers Marseille entre 17h et 18h, et dans le sens Marseille vers Aix, un retour \u00e0 la normale \u00ab\u00a0plus tardivement\u00a0\u00bb, selon les termes employ\u00e9s<\/p>\n<p>L\u00e9g\u00e8rement bless\u00e9, le chauffeur \u00ab\u00a0est un miracul\u00e9\u00a0\u00bb<\/p>\n<p>Les difficult\u00e9s de circulation devraient donc s&rsquo;estomper petit \u00e0 petit, alors que depuis le matin, le centre-ville aixois, sur lequel se reportait la circulation, et les axes p\u00e9riph\u00e9riques comme la route de Galice ou l&rsquo;avenue de l&rsquo;Europe, sont satur\u00e9s.<\/p>\n<p>De son c\u00f4t\u00e9, la <a href=\"https:\/\/www.laprovence.com\/article\/faits-divers-justice\/1462916470758415\/un-nouveau-patron-pour-la-crs-autoroutiere-provence\" target=\"_blank\" rel=\"nofollow noopener\">CRS autorouti\u00e8re<\/a> cherche, en parall\u00e8le, \u00e0 faire la lumi\u00e8re sur les circonstances exactes de cet incident.<\/p>\n<p>L&rsquo;heure des faits (vers 4 heures du matin) laisse supposer que le chauffeur a pu s&rsquo;endormir, entra\u00eenant cet accident aux lourdes cons\u00e9quences pour le trafic routier du pays d&rsquo;Aix. Les pr\u00e9l\u00e8vements d&rsquo;usage (stup\u00e9fiants et alcool) ont \u00e9t\u00e9 effectu\u00e9s, mais les r\u00e9sultats ne sont pas encore parvenus aux enqu\u00eateurs.<\/p>\n<p>Seulement l\u00e9g\u00e8rement bless\u00e9 alors que son camion a fait une chute d&rsquo;environ 5 m\u00e8tres avant de prendre feu, le chauffeur est tout simplement \u00ab\u00a0un miracul\u00e9\u00a0\u00bb,\u00a0 indique-t-on chez les sapeurs-pompiers, intervenus avec une vingtaine d&rsquo;hommes et six engins de secours apr\u00e8s avoir \u00e9t\u00e9 pr\u00e9venus de cet accident.<\/p>\n","protected":false},"excerpt":{"rendered":"Jusqu&rsquo;\u00e0 quand va durer la gal\u00e8re pour les automobilistes aixois ? La situation est en passe d&rsquo;\u00e9voluer favorablement,&hellip;\n","protected":false},"author":2,"featured_media":11198,"comment_status":"","ping_status":"","sticky":false,"template":"","format":"standard","meta":{"footnotes":""},"categories":[2814],"tags":[17,119,1111,11,5404,1777,674,1011,27,4068,5403,5402,884,12,5401,882,16,25,3356],"class_list":{"0":"post-11197","1":"post","2":"type-post","3":"status-publish","4":"format-standard","5":"has-post-thumbnail","7":"category-marseille","8":"tag-17","9":"tag-accident","10":"tag-actu","11":"tag-actualites","12":"tag-doit","13":"tag-eu","14":"tag-europe","15":"tag-fr","16":"tag-france","17":"tag-la51","18":"tag-lautoroute","19":"tag-lourd","20":"tag-marseille","21":"tag-news","22":"tag-poids","23":"tag-provence-alpes-cote-dazur","24":"tag-region","25":"tag-republique-francaise","26":"tag-sur"},"share_on_mastodon":{"url":"https:\/\/pubeurope.com\/@fr\/114304537368453412","error":""},"_links":{"self":[{"href":"https:\/\/www.europesays.com\/fr\/wp-json\/wp\/v2\/posts\/11197","targetHints":{"allow":["GET"]}}],"collection":[{"href":"https:\/\/www.europesays.com\/fr\/wp-json\/wp\/v2\/posts"}],"about":[{"href":"https:\/\/www.europesays.com\/fr\/wp-json\/wp\/v2\/types\/post"}],"author":[{"embeddable":true,"href":"https:\/\/www.europesays.com\/fr\/wp-json\/wp\/v2\/users\/2"}],"replies":[{"embeddable":true,"href":"https:\/\/www.europesays.com\/fr\/wp-json\/wp\/v2\/comments?post=11197"}],"version-history":[{"count":0,"href":"https:\/\/www.europesays.com\/fr\/wp-json\/wp\/v2\/posts\/11197\/revisions"}],"wp:featuredmedia":[{"embeddable":true,"href":"https:\/\/www.europesays.com\/fr\/wp-json\/wp\/v2\/media\/11198"}],"wp:attachment":[{"href":"https:\/\/www.europesays.com\/fr\/wp-json\/wp\/v2\/media?parent=11197"}],"wp:term":[{"taxonomy":"category","embeddable":true,"href":"https:\/\/www.europesays.com\/fr\/wp-json\/wp\/v2\/categories?post=11197"},{"taxonomy":"post_tag","embeddable":true,"href":"https:\/\/www.europesays.com\/fr\/wp-json\/wp\/v2\/tags?post=11197"}],"curies":[{"name":"wp","href":"https:\/\/api.w.org\/{rel}","templated":true}]}}