{"id":111970,"date":"2025-05-19T14:35:24","date_gmt":"2025-05-19T14:35:24","guid":{"rendered":"https:\/\/www.europesays.com\/fr\/111970\/"},"modified":"2025-05-19T14:35:24","modified_gmt":"2025-05-19T14:35:24","slug":"pres-de-nantes-une-femme-retrouvee-ecrasee-par-sa-voiture-dans-son-garage","status":"publish","type":"post","link":"https:\/\/www.europesays.com\/fr\/111970\/","title":{"rendered":"Pr\u00e8s de Nantes, une femme retrouv\u00e9e \u00e9cras\u00e9e par sa voiture dans son garage"},"content":{"rendered":"<p>            Par<br \/>\n        <strong><br \/>\n            <a href=\"https:\/\/actu.fr\/auteur\/tristan-mahe-actu-fr\" title=\"Consulter tous les articles de Tristan Mah\u00e9\" rel=\"nofollow noopener\" target=\"_blank\">Tristan Mah\u00e9<\/a><br \/>\n        <\/strong><\/p>\n<p>        Publi\u00e9 le<\/p>\n<p>            19 mai 2025 \u00e0 12h02        <\/p>\n<p>\u00c0 <strong>Saint-S\u00e9bastien-sur-Loire<\/strong>, dans la m\u00e9tropole de <a href=\"https:\/\/actu.fr\/nantes\" rel=\"nofollow noopener\" target=\"_blank\">Nantes<\/a>, ce dimanche 18\u00a0mai aux alentours de 13\u2009h\u200930, le Service d\u00e9partemental d\u2019incendie et de secours de Loire-Atlantique a \u00e9t\u00e9 appel\u00e9 <strong>rue des Cordi\u00e8res<\/strong>. Une femme \u00e2g\u00e9e de 74\u00a0ans s\u2019est fait \u00e9craser par sa voiture dans son garage.<\/p>\n<p>Neuf sapeurs-pompiers mobilis\u00e9s<\/p>\n<p class=\" wall-content\">Les secours sont arriv\u00e9s trop tard malgr\u00e9 la rapidit\u00e9 de l\u2019intervention, et n\u2019ont pu que constater le d\u00e9c\u00e8s de la victime. Quatre engins et neuf sapeurs-pompiers ont \u00e9t\u00e9 mobilis\u00e9s pour l\u2019op\u00e9ration.<\/p>\n<p class=\" wall-content\">La police et le SMUR (Structures mobiles d\u2019urgence et de r\u00e9animation) \u00e9taient\u00a0\u00e9galement pr\u00e9sents sur place.<\/p>\n<p class=\" wall-content\">Suivez toute l\u2019actualit\u00e9 de vos villes et m\u00e9dias favoris en vous inscrivant \u00e0 <a href=\"https:\/\/moncompte.actu.fr\" title=\"D\u00e9couvez Mon Actu\" rel=\"nofollow noopener\" data-trk=\"{&quot;cta&quot;:{&quot;action&quot;:&quot;https:\\\/\\\/moncompte.actu.fr&quot;,&quot;category&quot;:&quot;mon compte&quot;,&quot;from&quot;:&quot;article footer&quot;,&quot;name&quot;:&quot;Mon actu&quot;,&quot;type&quot;:&quot;cta&quot;}}\" target=\"_blank\">Mon Actu<\/a>.<\/p>\n","protected":false},"excerpt":{"rendered":"Par Tristan Mah\u00e9 Publi\u00e9 le 19 mai 2025 \u00e0 12h02 \u00c0 Saint-S\u00e9bastien-sur-Loire, dans la m\u00e9tropole de Nantes, ce&hellip;\n","protected":false},"author":2,"featured_media":55303,"comment_status":"","ping_status":"","sticky":false,"template":"","format":"standard","meta":{"footnotes":""},"categories":[2818],"tags":[1111,11,1777,674,118,1011,27,766,12,2636,1311,25],"class_list":{"0":"post-111970","1":"post","2":"type-post","3":"status-publish","4":"format-standard","5":"has-post-thumbnail","7":"category-nantes","8":"tag-actu","9":"tag-actualites","10":"tag-eu","11":"tag-europe","12":"tag-faits-divers","13":"tag-fr","14":"tag-france","15":"tag-nantes","16":"tag-news","17":"tag-pays-de-la-loire","18":"tag-pompiers","19":"tag-republique-francaise"},"share_on_mastodon":{"url":"https:\/\/pubeurope.com\/@fr\/114535001206675541","error":""},"_links":{"self":[{"href":"https:\/\/www.europesays.com\/fr\/wp-json\/wp\/v2\/posts\/111970","targetHints":{"allow":["GET"]}}],"collection":[{"href":"https:\/\/www.europesays.com\/fr\/wp-json\/wp\/v2\/posts"}],"about":[{"href":"https:\/\/www.europesays.com\/fr\/wp-json\/wp\/v2\/types\/post"}],"author":[{"embeddable":true,"href":"https:\/\/www.europesays.com\/fr\/wp-json\/wp\/v2\/users\/2"}],"replies":[{"embeddable":true,"href":"https:\/\/www.europesays.com\/fr\/wp-json\/wp\/v2\/comments?post=111970"}],"version-history":[{"count":0,"href":"https:\/\/www.europesays.com\/fr\/wp-json\/wp\/v2\/posts\/111970\/revisions"}],"wp:featuredmedia":[{"embeddable":true,"href":"https:\/\/www.europesays.com\/fr\/wp-json\/wp\/v2\/media\/55303"}],"wp:attachment":[{"href":"https:\/\/www.europesays.com\/fr\/wp-json\/wp\/v2\/media?parent=111970"}],"wp:term":[{"taxonomy":"category","embeddable":true,"href":"https:\/\/www.europesays.com\/fr\/wp-json\/wp\/v2\/categories?post=111970"},{"taxonomy":"post_tag","embeddable":true,"href":"https:\/\/www.europesays.com\/fr\/wp-json\/wp\/v2\/tags?post=111970"}],"curies":[{"name":"wp","href":"https:\/\/api.w.org\/{rel}","templated":true}]}}