{"id":111971,"date":"2025-05-19T14:36:12","date_gmt":"2025-05-19T14:36:12","guid":{"rendered":"https:\/\/www.europesays.com\/fr\/111971\/"},"modified":"2025-05-19T14:36:12","modified_gmt":"2025-05-19T14:36:12","slug":"les-syndicats-denoncent-les-fouilles-anxiogenes-devant-les-colleges-et-lycees","status":"publish","type":"post","link":"https:\/\/www.europesays.com\/fr\/111971\/","title":{"rendered":"les syndicats d\u00e9noncent les fouilles \u00abanxiog\u00e8nes\u00bb devant les coll\u00e8ges et lyc\u00e9es"},"content":{"rendered":"<p>Pr\u00e8s d\u2019un mois apr\u00e8s le drame qui a co\u00fbt\u00e9 la vie \u00e0 une lyc\u00e9enne nantaise, Force ouvri\u00e8re et la CGT appellent les services de l\u2019\u00c9tat \u00e0 investir dans la sant\u00e9 mentale des jeunes et non dans une \u00abd\u00e9magogie s\u00e9curitaire\u00bb qui manquerait \u00abde lucidit\u00e9 et de r\u00e9alisme\u00bb.<\/p>\n<p class=\"fig-paragraph\">Plus de soins et moins de s\u00e9curit\u00e9. Des syndicats demandent la lev\u00e9e des dispositifs de\u00a0<a href=\"http:\/\/www.lefigaro.fr\/actualite-france\/attaque-au-couteau-a-nantes-le-drame-relance-la-polemique-sur-la-securisation-des-etablissements-20250425\" target=\"_blank\" data-fig-type=\"Article\" rel=\"noopener\" data-gtm-custom-categorie=\"navigation\" data-gtm-custom-action=\"crossclick\" data-gtm-custom-label=\"Contextuel\" data-gtm-event=\"customEventSPE\" data-fig-domain=\"LEFIGARO\">s\u00e9curisation renforc\u00e9s des \u00e9tablissements scolaires<\/a>, pr\u00e8s d\u2019un mois apr\u00e8s\u00a0<a href=\"http:\/\/www.lefigaro.fr\/nantes\/attaque-au-couteau-a-nantes-au-lendemain-du-drame-des-interrogations-sur-le-profil-du-tueur-20250425\" target=\"_blank\" data-fig-type=\"NewsFlash\" rel=\"noopener\" data-gtm-custom-categorie=\"navigation\" data-gtm-custom-action=\"crossclick\" data-gtm-custom-label=\"Contextuel\" data-gtm-event=\"customEventSPE\" data-fig-domain=\"LEFIGARO\">l\u2019attaque au couteau qui a co\u00fbt\u00e9 la vie \u00e0 une adolescente de 16 ans<\/a>, le 24 avril dernier,\u00a0<a href=\"https:\/\/www.lefigaro.fr\/nantes\" target=\"_blank\" data-fig-type=\"Section\" rel=\"noopener\" data-gtm-custom-categorie=\"navigation\" data-gtm-custom-action=\"crossclick\" data-gtm-custom-label=\"Contextuel\" data-gtm-event=\"customEventSPE\" data-fig-domain=\"LEFIGARO\">\u00e0 Nantes<\/a>\u00a0(Loire-Atlantique). Mis en place au lendemain du drame \u00e0 la demande du premier ministre,\u00a0<a href=\"http:\/\/www.lefigaro.fr\/vox\/economie\/francois-d-orcival-bayrou-face-au-mur-de-la-dette-publique-francaise-20250516\" target=\"_blank\" data-fig-type=\"Article\" rel=\"noopener\" data-gtm-custom-categorie=\"navigation\" data-gtm-custom-action=\"crossclick\" data-gtm-custom-label=\"Contextuel\" data-gtm-event=\"customEventSPE\" data-fig-domain=\"LEFIGARO\">Fran\u00e7ois Bayrou<\/a>, et du ministre de l\u2019Int\u00e9rieur,\u00a0<a href=\"http:\/\/www.lefigaro.fr\/vox\/politique\/laetitia-strauch-bonart-bruno-retailleau-parviendra-t-il-a-reconcilier-les-conservateurs-et-les-liberaux-20250519\" target=\"_blank\" data-fig-type=\"Article\" rel=\"noopener\" data-gtm-custom-categorie=\"navigation\" data-gtm-custom-action=\"crossclick\" data-gtm-custom-label=\"Contextuel\" data-gtm-event=\"customEventSPE\" data-fig-domain=\"LEFIGARO\">Bruno Retailleau<\/a>, cette surveillance accrue, caract\u00e9ris\u00e9e en particulier par un contr\u00f4le plus intensif des sacs, serait en effet \u00abinefficace et anxiog\u00e8ne\u00bb, d\u00e9noncent les sections d\u00e9partementales des syndicats FO et CGT.<\/p>\n<p class=\"fig-paragraph\">D\u00e9non\u00e7ant une \u00abescalade autoritaire\u00bb qui n\u2019apporterait \u00abni s\u00e9curit\u00e9, ni s\u00e9r\u00e9nit\u00e9\u00bb, FO exige, dans un communiqu\u00e9 diffus\u00e9 le 15 mai, \u00abl\u2019arr\u00eat des fouilles intempestives \u00e0 l\u2019entr\u00e9e des \u00e9tablissements scolaires\u00bb, au profit de \u00abmoyens suppl\u00e9mentaires pour l\u2019\u00e9cole et l\u2019h\u00f4pital, en particulier la psychiatrie\u00bb. Selon le syndicat, ces fouilles intempestives &#8211; confi\u00e9es \u00e0 la police et \u00e0 la gendarmerie &#8211; concerneraient des \u00e9tablissements r\u00e9partis sur l\u2019ensemble du d\u00e9partement, du coll\u00e8ge Stendhal, \u00e0 Nantes, \u00e0 celui de Pierre Norange, \u00e0 Saint-Nazaire.<\/p>\n<p>\u00abCourse \u00e0 l\u2019\u00e9chalote s\u00e9curitaire\u00bb<\/p>\n<p class=\"fig-paragraph\">Vendredi 16 mai, la CGT a \u00e9galement regrett\u00e9 un recours \u00e0 des solutions \u00abqui manquent de lucidit\u00e9 et de r\u00e9alisme\u00bb, ainsi qu\u2019un tour de vis s\u00e9curitaire qui ne serait qu\u2019un pur produit d\u00e9magogique. \u00abLes portiques de s\u00e9curit\u00e9 existent depuis des ann\u00e9es voir des d\u00e9cennies aux USA. Pourtant ce pays conna\u00eet des assassinats deux \u00e0 trois fois par mois dans les \u00e9tablissements scolaires. Quant \u00e0 la fouille des affaires personnelles, c\u2019est irr\u00e9alisable de fa\u00e7on g\u00e9n\u00e9ralis\u00e9e sur du moyen et du long terme\u00bb, indique le syndicat. Comme FO, la CGT appelle les autorit\u00e9s \u00e0 renforcer plut\u00f4t les moyens accord\u00e9s \u00e0 la m\u00e9decine psychologique et \u00e0\u00a0<a href=\"http:\/\/sante.lefigaro.fr\/psychologie\/la-deterioration-de-la-sante-mentale-chez-les-jeunes-etait-amorcee-avant-le-covid-mais-s-est-accentuee-20250130\" target=\"_blank\" data-fig-type=\"Article\" rel=\"noopener\" data-gtm-custom-categorie=\"navigation\" data-gtm-custom-action=\"crossclick\" data-gtm-custom-label=\"Contextuel\" data-gtm-event=\"customEventSPE\" data-fig-domain=\"SANTE\">la sant\u00e9 mentale des jeunes<\/a>.<\/p>\n<p class=\"fig-body-link\">\n            \u00c0 lire aussi<br \/>\n        <a class=\"fig-body-link__link fig-premium-mark\" href=\"http:\/\/www.lefigaro.fr\/actualite-france\/attaque-au-couteau-dans-un-lycee-de-nantes-la-police-dans-les-meandres-de-la-piste-ideologique-20250505\" target=\"_blank\" data-fig-type=\"Article\" rel=\"noopener\" data-gtm-custom-categorie=\"navigation\" data-gtm-custom-action=\"crossclick\" data-gtm-custom-label=\"Contextuel\" data-gtm-event=\"customEventSPE\" data-fig-domain=\"LEFIGARO\">Attaque au couteau dans un lyc\u00e9e de Nantes\u00a0: la police dans les m\u00e9andres de la piste id\u00e9ologique<br \/>\n    <\/a>\n<\/p>\n<p class=\"fig-paragraph\">Scolaris\u00e9e au lyc\u00e9e Notre-Dame-de-Toutes-Aides, la jeune Lor\u00e8ne a \u00e9t\u00e9 tu\u00e9e le mois dernier, pendant un cours d\u2019anglais, poignard\u00e9e \u00e0 57 reprises par un autre \u00e9tudiant de l\u2019\u00e9tablissement. L\u2019attaque au couteau a fait trois autres bless\u00e9s, avant que l\u2019auteur des faits ne soit arr\u00eat\u00e9.\u00a0<a href=\"http:\/\/www.lefigaro.fr\/nantes\/idees-nazies-adolescent-fragile-qui-est-l-assaillant-responsable-de-l-attaque-dans-un-lycee-a-nantes-20250424\" target=\"_blank\" data-fig-type=\"Article\" rel=\"noopener\" data-gtm-custom-categorie=\"navigation\" data-gtm-custom-action=\"crossclick\" data-gtm-custom-label=\"Contextuel\" data-gtm-event=\"customEventSPE\" data-fig-domain=\"LEFIGARO\">Solitaire et taiseux<\/a>, le jeune homme a \u00e9t\u00e9 confi\u00e9\u00a0<a href=\"https:\/\/www.lefigaro.fr\/faits-divers\/en-direct-nantes-une-lyceenne-tuee-dans-une-attaque-au-couteau-dans-un-lycee-prive-bruno-retailleau-se-rend-sur-place-20250424\" target=\"_blank\" data-fig-type=\"Live\" rel=\"noopener\" data-gtm-custom-categorie=\"navigation\" data-gtm-custom-action=\"crossclick\" data-gtm-custom-label=\"Contextuel\" data-gtm-event=\"customEventSPE\" data-fig-domain=\"LEFIGARO\">\u00e0 un centre de soins psychiatrique<\/a>\u00a0apr\u00e8s un bref passage en garde \u00e0 vue.<\/p>\n<p class=\"fig-paragraph\">Annonc\u00e9es dans l\u2019\u00e9motion du drame, les mesures de s\u00e9curisation venaient renforcer la circulaire mettant en place, depuis le 27 mars, des \u00abfouilles inopin\u00e9es\u00bb des sacs des \u00e9l\u00e8ves. Les nouvelles mesures ont \u00e9t\u00e9 aussit\u00f4t d\u00e9nonc\u00e9es par une partie de classe politique. \u00ab(C\u2019est une) course \u00e0 l\u2019\u00e9chalote s\u00e9curitaire\u00bb, a en particulier critiqu\u00e9 l\u2019eurod\u00e9put\u00e9e de La France insoumise,\u00a0<a href=\"http:\/\/www.lefigaro.fr\/politique\/vous-ne-savez-pas-laisser-une-femme-finir-sa-phrase-echange-tres-tendu-entre-manon-aubry-et-julien-odoul-20241218\" target=\"_blank\" data-fig-type=\"NewsFlash\" rel=\"noopener\" data-gtm-custom-categorie=\"navigation\" data-gtm-custom-action=\"crossclick\" data-gtm-custom-label=\"Contextuel\" data-gtm-event=\"customEventSPE\" data-fig-domain=\"LEFIGARO\">Manon Aubry<\/a>, au lendemain de l\u2019attaque. Un sentiment \u00e9galement partag\u00e9 par le directeur du lyc\u00e9e Notre-Dame-de-Toutes-Aides, Pierre Cappelaere. \u00abCe ne sont certainement pas des portiques de s\u00e9curit\u00e9 qui construiront un monde plus s\u00fbr\u00bb, avait-il d\u00e9clar\u00e9 d\u00e9but mai.<\/p>\n","protected":false},"excerpt":{"rendered":"Pr\u00e8s d\u2019un mois apr\u00e8s le drame qui a co\u00fbt\u00e9 la vie \u00e0 une lyc\u00e9enne nantaise, Force ouvri\u00e8re et&hellip;\n","protected":false},"author":2,"featured_media":111972,"comment_status":"","ping_status":"","sticky":false,"template":"","format":"standard","meta":{"footnotes":""},"categories":[2818],"tags":[1111,11,14118,1777,674,462,1011,27,2640,2642,2825,766,2638,2643,2637,2639,2646,2645,2641,2635,2644,2647,12,2636,25,20681],"class_list":{"0":"post-111971","1":"post","2":"type-post","3":"status-publish","4":"format-standard","5":"has-post-thumbnail","7":"category-nantes","8":"tag-actu","9":"tag-actualites","10":"tag-attaque-au-couteau","11":"tag-eu","12":"tag-europe","13":"tag-fc-nantes","14":"tag-fr","15":"tag-france","16":"tag-hauts-paves-saint-felix","17":"tag-ile-de-nantes","18":"tag-insecurite","19":"tag-nantes","20":"tag-nantes-bellevue-chantenay-sainte-anne","21":"tag-nantes-breil-barberie","22":"tag-nantes-centre-ville","23":"tag-nantes-dervallieres-zola","24":"tag-nantes-doulon-bottiere","25":"tag-nantes-erdre","26":"tag-nantes-malakoff-saint-donatien","27":"tag-nantes-metropole","28":"tag-nantes-nord","29":"tag-nantes-sud","30":"tag-news","31":"tag-pays-de-la-loire","32":"tag-republique-francaise","33":"tag-violence-en-milieu-scolaire"},"share_on_mastodon":{"url":"","error":"Validation failed: Text character limit of 500 exceeded"},"_links":{"self":[{"href":"https:\/\/www.europesays.com\/fr\/wp-json\/wp\/v2\/posts\/111971","targetHints":{"allow":["GET"]}}],"collection":[{"href":"https:\/\/www.europesays.com\/fr\/wp-json\/wp\/v2\/posts"}],"about":[{"href":"https:\/\/www.europesays.com\/fr\/wp-json\/wp\/v2\/types\/post"}],"author":[{"embeddable":true,"href":"https:\/\/www.europesays.com\/fr\/wp-json\/wp\/v2\/users\/2"}],"replies":[{"embeddable":true,"href":"https:\/\/www.europesays.com\/fr\/wp-json\/wp\/v2\/comments?post=111971"}],"version-history":[{"count":0,"href":"https:\/\/www.europesays.com\/fr\/wp-json\/wp\/v2\/posts\/111971\/revisions"}],"wp:featuredmedia":[{"embeddable":true,"href":"https:\/\/www.europesays.com\/fr\/wp-json\/wp\/v2\/media\/111972"}],"wp:attachment":[{"href":"https:\/\/www.europesays.com\/fr\/wp-json\/wp\/v2\/media?parent=111971"}],"wp:term":[{"taxonomy":"category","embeddable":true,"href":"https:\/\/www.europesays.com\/fr\/wp-json\/wp\/v2\/categories?post=111971"},{"taxonomy":"post_tag","embeddable":true,"href":"https:\/\/www.europesays.com\/fr\/wp-json\/wp\/v2\/tags?post=111971"}],"curies":[{"name":"wp","href":"https:\/\/api.w.org\/{rel}","templated":true}]}}