{"id":1119746,"date":"2026-08-10T19:26:01","date_gmt":"2026-08-10T19:26:01","guid":{"rendered":"https:\/\/www.europesays.com\/fr\/1119746\/"},"modified":"2026-08-10T19:26:01","modified_gmt":"2026-08-10T19:26:01","slug":"le-disney-experiences-showcase-de-d23-diffuse-en-direct-sur-disney","status":"publish","type":"post","link":"https:\/\/www.europesays.com\/fr\/1119746\/","title":{"rendered":"Le Disney Experiences Showcase de D23 diffus\u00e9 en direct sur Disney+"},"content":{"rendered":"<p dir=\"auto\" style=\"text-align: justify;\">Les personnes qui n\u2019ont pas pu obtenir de billet pour <strong>D23 : The Ultimate Disney Fan Event<\/strong> pourront tout de m\u00eame suivre l\u2019un des moments forts de l\u2019\u00e9v\u00e9nement. Le <strong>Disney Experiences Showcase<\/strong> sera diffus\u00e9 en direct sur <strong>Disney+<\/strong> samedi soir.<\/p>\n<p>Un rendez-vous central pour l\u2019avenir des parcs<\/p>\n<p dir=\"auto\" style=\"text-align: justify;\">Le<strong> Disney Experiences Showcase<\/strong> constitue l\u2019une des pr\u00e9sentations les plus attendues de <strong>D23<\/strong>. C\u2019est lors de cette session que les \u00e9quipes des parcs<strong> Disney<\/strong> d\u00e9voilent des avanc\u00e9es sur les projets d\u2019attractions en cours et annoncent de nouvelles initiatives encore in\u00e9dites. Cette ann\u00e9e, le panel porte le titre \u00ab Horizons : A Carousel of Progress \u00bb et sera pr\u00e9sent\u00e9 par <strong>Neil Patrick Harris<\/strong>, et non par un responsable interne de <strong>The Walt Disney Company<\/strong>, comme ce fut le cas pendant des ann\u00e9es.<\/p>\n<p dir=\"auto\"><a href=\"https:\/\/www.europesays.com\/fr\/wp-content\/uploads\/2026\/08\/D23-Honda-Center.png\"><img data-lazyloaded=\"1\" data-od-added-loading=\"\" data-od-replaced- data-od-xpath=\"\/HTML\/BODY\/DIV[@id='page']\/*[4][self::DIV]\/*[2][self::DIV]\/*[1][self::DIV]\/*[1][self::MAIN]\/*[1][self::DIV]\/*[1][self::DIV]\/*[1][self::DIV]\/*[1][self::DIV]\/*[2][self::DIV]\/*[2][self::ARTICLE]\/*[2][self::DIV]\/*[5][self::P]\/*[1][self::A]\/*[1][self::IMG]\" loading=\"lazy\" decoding=\"async\" class=\"aligncenter wp-image-194340\" src=\"https:\/\/www.europesays.com\/fr\/wp-content\/uploads\/2026\/08\/D23-Honda-Center.png\" alt=\"\" width=\"400\" height=\"225\"  data-\/><\/a><\/p>\n<p dir=\"auto\" style=\"text-align: justify;\">L\u2019annonce de la diffusion en direct a \u00e9t\u00e9 faite par Disney Parks Blog et <strong>Disney+<\/strong> moins d\u2019une semaine avant la tenue de l\u2019\u00e9v\u00e9nement.<\/p>\n<p>Les intervenants confirm\u00e9s<\/p>\n<p dir=\"auto\" style=\"text-align: justify;\">Plusieurs dirigeants et cr\u00e9atifs monteront sur sc\u00e8ne pour parler de l\u2019avenir des parcs et des exp\u00e9riences <strong>Disney<\/strong>. Parmi eux figurent :<\/p>\n<ul dir=\"auto\">\n<li><strong>Thomas Mazloum<\/strong>, pr\u00e9sident de <strong>Disney Experiences<\/strong>,<\/li>\n<li><strong>Bruce Vaughn<\/strong>, pr\u00e9sident et directeur cr\u00e9atif de <strong>Walt Disney Imagineering<\/strong>,<\/li>\n<li style=\"text-align: justify;\"><strong>Ali Rubinstein<\/strong>, vice-pr\u00e9sidente principale en charge de la cr\u00e9ation mondiale et du d\u00e9veloppement des studios, <strong>Walt Disney Imagineering<\/strong>,<\/li>\n<li><strong>Michael Hundgen<\/strong>, vice-pr\u00e9sident cr\u00e9atif, <strong>Walt Disney World<\/strong>,<\/li>\n<li style=\"text-align: justify;\"><strong>Emily \u00ab Emo \u00bb O\u2019Brien<\/strong>, productrice cr\u00e9ative pour le portfeuille de <strong>Disneyland Resort<\/strong> et <strong>Tokyo Disney Resort<\/strong>,<\/li>\n<li><strong>Caroline May<\/strong>, directrice ex\u00e9cutive cr\u00e9ative, <strong>Walt Disney World<\/strong>,<\/li>\n<li><strong>Claire Weiss<\/strong>, designer principale et directrice cr\u00e9ative, <strong>Disney Cruise Line<\/strong>,<\/li>\n<li><strong>Brent Strong<\/strong>, directeur ex\u00e9cutif cr\u00e9atif,<\/li>\n<li><strong>Chris Beatty<\/strong>, directeur ex\u00e9cutif cr\u00e9atif pour le portefeuille de <strong>Walt Disney World<\/strong>,<\/li>\n<li><strong>Jason Grandt<\/strong>, directeur ex\u00e9cutif cr\u00e9atif, <strong>Walt Disney World<\/strong>.<\/li>\n<\/ul>\n<p>Une diffusion qui \u00e9largit l\u2019audience<\/p>\n<p dir=\"auto\" style=\"text-align: justify;\">Il y a deux ans, le <strong>Disney Experiences Showcase<\/strong> s\u2019\u00e9tait d\u00e9j\u00e0 distingu\u00e9 par une production soign\u00e9e au Honda Center. L\u2019absence de retransmission en direct \u00e0 l\u2019\u00e9poque en avait surpris plus d\u2019un n\u00e9anmoins. Cette ann\u00e9e, la diffusion sur <strong>Disney+<\/strong> permettra \u00e0 un public bien plus large de suivre la pr\u00e9sentation, y compris aux participants de<strong> D23<\/strong> qui n\u2019auront pas acc\u00e8s au Honda Center le samedi soir.<\/p>\n<p dir=\"auto\"><a href=\"https:\/\/www.europesays.com\/fr\/wp-content\/uploads\/2026\/08\/panel-disney-experiences-disney-plus.jpg\"><img data-lazyloaded=\"1\" data-od-added-loading=\"\" data-od-replaced- data-od-xpath=\"\/HTML\/BODY\/DIV[@id='page']\/*[4][self::DIV]\/*[2][self::DIV]\/*[1][self::DIV]\/*[1][self::MAIN]\/*[1][self::DIV]\/*[1][self::DIV]\/*[1][self::DIV]\/*[1][self::DIV]\/*[2][self::DIV]\/*[2][self::ARTICLE]\/*[2][self::DIV]\/*[14][self::P]\/*[1][self::A]\/*[1][self::IMG]\" loading=\"lazy\" decoding=\"async\" class=\"aligncenter wp-image-194338\" src=\"https:\/\/www.europesays.com\/fr\/wp-content\/uploads\/2026\/08\/panel-disney-experiences-disney-plus.jpg\" alt=\"panel disney experiences d23 2026\" width=\"400\" height=\"497\"  data-\/><\/a><\/p>\n<p dir=\"auto\" style=\"text-align: justify;\">Il faut dire que cette d\u00e9cision s\u2019inscrit dans la volont\u00e9 de<strong> Josh D\u2019Amaro<\/strong> de faire de<strong> Disney+<\/strong> une porte d\u2019entr\u00e9e vers l\u2019ensemble de l\u2019univers <strong>Disney <\/strong>et de proposer davantage d\u2019\u00e9v\u00e9nements en direct (qui plus est maison). La c\u00e9r\u00e9monie des <strong>Disney Legends<\/strong>, un autre temps fort de <strong>D23<\/strong>, avait d\u00e9j\u00e0 \u00e9t\u00e9 annonc\u00e9e pour une diffusion sur la plateforme le dimanche. Rendez-vous donc le dimanche matin de 4h \u00e0 6h du matin en France pour suivre en direct ce panel sur <strong>Disney+<\/strong> (et sur <strong>Disneyphile<\/strong> bien \u00e9videmment).<\/p>\n<p>\u00a9 Disneyphile 2026 \/ Tous droits r\u00e9serv\u00e9s \/ Reproduction interdite<\/p>\n<p>Partagez<a class=\"penci-social-item facebook\" target=\"_blank\" rel=\"noopener nofollow\" title=\"\" href=\"https:\/\/www.facebook.com\/sharer\/sharer.php?u=https%3A%2F%2Fwww.disneyphile.fr%2Fdisney-experiences-showcase-d23-disney-plus%2F\"><\/a><a class=\"penci-social-item twitter\" target=\"_blank\" rel=\"noopener nofollow\" title=\"\" href=\"https:\/\/twitter.com\/intent\/tweet?text=Le%20Disney%20Experiences%20Showcase%20de%20D23%20sera%20diffus\u00e9%20en%20direct%20sur%20Disney+%20-%20https:\/\/www.disneyphile.fr\/disney-experiences-showcase-d23-disney-plus\/\"><\/a><a class=\"penci-social-item email\" target=\"_blank\" rel=\"noopener\" href=\"mailto:?subject=Le%20Disney%20Experiences%20Showcase%20de%20D23%20sera%20diffus\u00e9%20en%20direct%20sur%20Disney+&amp;BODY=https:\/\/www.disneyphile.fr\/disney-experiences-showcase-d23-disney-plus\/\"><\/a><script async src=\"https:\/\/platform.twitter.com\/widgets.js\" charset=\"utf-8\"><\/script><\/p>\n","protected":false},"excerpt":{"rendered":"Les personnes qui n\u2019ont pas pu obtenir de billet pour D23 : The Ultimate Disney Fan Event pourront&hellip;\n","protected":false},"author":2,"featured_media":1119747,"comment_status":"","ping_status":"","sticky":false,"template":"","format":"standard","meta":{"footnotes":"","_share_on_mastodon":"0"},"categories":[1354],"tags":[328,49098,10451,58,59,1346,1011,27,1360],"class_list":["post-1119746","post","type-post","status-publish","format-standard","has-post-thumbnail","category-films","tag-a-la-une","tag-d23","tag-disney-plus","tag-divertissement","tag-entertainment","tag-films","tag-fr","tag-france","tag-movies"],"share_on_mastodon":{"url":"https:\/\/pubeurope.com\/@fr\/117072862177859865","error":""},"_links":{"self":[{"href":"https:\/\/www.europesays.com\/fr\/wp-json\/wp\/v2\/posts\/1119746","targetHints":{"allow":["GET"]}}],"collection":[{"href":"https:\/\/www.europesays.com\/fr\/wp-json\/wp\/v2\/posts"}],"about":[{"href":"https:\/\/www.europesays.com\/fr\/wp-json\/wp\/v2\/types\/post"}],"author":[{"embeddable":true,"href":"https:\/\/www.europesays.com\/fr\/wp-json\/wp\/v2\/users\/2"}],"replies":[{"embeddable":true,"href":"https:\/\/www.europesays.com\/fr\/wp-json\/wp\/v2\/comments?post=1119746"}],"version-history":[{"count":0,"href":"https:\/\/www.europesays.com\/fr\/wp-json\/wp\/v2\/posts\/1119746\/revisions"}],"wp:featuredmedia":[{"embeddable":true,"href":"https:\/\/www.europesays.com\/fr\/wp-json\/wp\/v2\/media\/1119747"}],"wp:attachment":[{"href":"https:\/\/www.europesays.com\/fr\/wp-json\/wp\/v2\/media?parent=1119746"}],"wp:term":[{"taxonomy":"category","embeddable":true,"href":"https:\/\/www.europesays.com\/fr\/wp-json\/wp\/v2\/categories?post=1119746"},{"taxonomy":"post_tag","embeddable":true,"href":"https:\/\/www.europesays.com\/fr\/wp-json\/wp\/v2\/tags?post=1119746"}],"curies":[{"name":"wp","href":"https:\/\/api.w.org\/{rel}","templated":true}]}}