{"id":111987,"date":"2025-05-19T14:44:11","date_gmt":"2025-05-19T14:44:11","guid":{"rendered":"https:\/\/www.europesays.com\/fr\/111987\/"},"modified":"2025-05-19T14:44:11","modified_gmt":"2025-05-19T14:44:11","slug":"marseille-organise-sa-premiere-slow-fashion-week-du-7-au-14-juin","status":"publish","type":"post","link":"https:\/\/www.europesays.com\/fr\/111987\/","title":{"rendered":"Marseille organise sa premi\u00e8re Slow Fashion Week du 7 au 14 juin"},"content":{"rendered":"<p class=\"article-content col-md-8 offset-md-1\">\n                                Alors que le rythme soutenu des Fashion Weeks traditionnelles est remis en question par les acteurs de l\u2019industrie, Marseille accueille cette ann\u00e9e sa premi\u00e8re Slow Fashion Week (SFW). Du 7 au 14 juin prochains, la cit\u00e9 phoc\u00e9enne sera le th\u00e9\u00e2tre d\u2019une initiative dont l\u2019objectif est de la couronner \u201ccapitale de la mode consciente\u201d.<\/p>\n<p><img decoding=\"async\" class=\"news-image\" style=\"width:100%;max-width:645px;\" src=\"https:\/\/www.europesays.com\/fr\/wp-content\/uploads\/2025\/05\/f8f6.png\" alt=\"La Slow Fashion Week de Marseille r\u00e9unira 70 marques membres du collectif BAGA\" loading=\"lazy\"\/>La Slow Fashion Week de Marseille r\u00e9unira 70 marques membres du collectif BAGA &#8211; Sabwisy pour Georgia Aura<\/p>\n<p class=\"col-md-8 offset-md-1 article-content--texte\">Organis\u00e9e par le collectif Baga, antenne marseillaise de <a class=\"fnwAddLinks\" href=\"https:\/\/fr.fashionnetwork.com\/tags-fashion-revolution\" title=\"Fashion Revolution\" rel=\"nofollow noopener\" target=\"_blank\">Fashion Revolution<\/a>, la SFW de Marseille r\u00e9unira plus de soixante-dix de ses marques membres, en plus d\u2019artisans du textile, de l\u2019\u00e9cole de mode \u00e9coresponsable marseillaise Studio Lausi\u00e9 et d\u2019acteurs de la seconde main. Parmi les marques pr\u00e9sentes: Marj, Sal\u00e9, Les Mains de Mamie, Loe Studio, Capobianco, CaptchaLab, Perturbation\u2026<\/p>\n<p>Tout comme chaque semaine de la mode, l&rsquo;\u00e9v\u00e9nement pr\u00e9voit plusieurs d\u00e9fil\u00e9s. La marque Les Mains de Mamie et ses pi\u00e8ces de maille fabriqu\u00e9es par un collectif de tricoteuses ouvrira le bal le 8 juin, sur le toit de l\u2019h\u00f4tel Nhow Marseille. Le deuxi\u00e8me d\u00e9fil\u00e9 sera celui de Jade Tekhil, qui pr\u00e9sentera sa collection \u201cCorps de m\u00e9moire\u201d. Entre drap\u00e9s, c\u00e9ramiques et macram\u00e9, le show se m\u00ealera \u00e0 la danse derri\u00e8re les portes du Palais Longchamp.<\/p>\n<p class=\"col-md-8 offset-md-1 article-content--texte\">La m\u00eame journ\u00e9e, une quinzaine de cr\u00e9ateurs et cr\u00e9atrices de mode, de bijoux et d\u2019accessoires organiseront un d\u00e9fil\u00e9 collectif au Parc des Soeurs Franciscaines. Le 13 juin, la maison de surcyclage Sal\u00e9 d\u00e9filera en collaboration avec l\u2019entreprise de location de v\u00eatements Studio Paillette, au bord de la mer. Pour clore la semaine, l\u2019\u00e9cole Studio Lausi\u00e9 pr\u00e9voit un d\u00e9fil\u00e9 avec le travail de 23 de ses \u00e9tudiants.<\/p>\n<p class=\"col-md-10 exergue\">\u00c0 la d\u00e9couverte de la mode locale<\/p>\n<p>Les d\u00e9fil\u00e9s ne constituent pas l\u2019unique proposition de la Slow Fashion Week de Marseille. L\u2019\u00e9v\u00e9nement souhaite cr\u00e9er une synergie locale entre entreprises et client\u00e8le, et renseigner les curieux. Apr\u00e8s leur d\u00e9fil\u00e9 collectif du 9 juin, les cr\u00e9ateurs se rassembleront pour former un march\u00e9 de mode et d\u2019accessoires local. Parmi les entreprises pr\u00e9vues, Mesure Cr\u00e9atif Club et Frankie Shop. <\/p>\n<p>Le 12 juin, le studio cr\u00e9atif 6tm organisera un workshop collaboratif entre 19h et 23h au Vallon des Auffes, o\u00f9 les curieux pourront travailler de la r\u00e9sine biosourc\u00e9e et en faire des \u0153uvres. Le jour suivant, la fondatrice de la marque Les mains de mamie, Aur\u00e9lie De Barros, animera une conf\u00e9rence sur les nouveaux business models de la mode engag\u00e9e. Parmi les intervenants: Isabelle Collignon, fondatrice de la marque \u00e9ponyme, Alexandre Zamora, fondateur du Saison Shop Marseille, et Ekhi Busquet, fondatrice de son studio de design \u00e9ponyme.<\/p>\n<p>Au total, la Slow Fashion Week de Marseille r\u00e9unira une quarantaine d\u2019\u00e9v\u00e9nements autour de la mode responsable dans les rues de la cit\u00e9 phoc\u00e9enne. La majorit\u00e9 seront gratuits et sur r\u00e9servation, et le collectif BAGA attend environ 5.000 visiteurs sur la semaine.<\/p>\n<p><img decoding=\"async\" class=\"news-image\" style=\"width:100%;max-width:774px;\" src=\"https:\/\/www.europesays.com\/fr\/wp-content\/uploads\/2025\/05\/1ee0.jpg\" alt=\"Le collectif BAGA pense d\u00e9j\u00e0 \u00e0 une seconde \u00e9dition marseillaise\" loading=\"lazy\"\/>Le collectif BAGA pense d\u00e9j\u00e0 \u00e0 une seconde \u00e9dition marseillaise &#8211; Mascarello<\/p>\n<p class=\"col-md-10 exergue\">Placer marseille sur la carte de la mode en France<\/p>\n<p>\u201cPour cette premi\u00e8re \u00e9dition, le collectif mettra \u00e0 l\u2019honneur des marques majoritairement marseillaises, mais Baga nourrit de grandes ambitions: devenir un v\u00e9ritable tremplin pour toutes les marques d\u2019upcycling ou de mode durable d\u00e9sireuses de transformer l&rsquo;industrie\u201d, communique le collectif marseillais. L<\/p>\n<p>\u2019\u00e9v\u00e9nement compte d\u2019ores et d\u00e9j\u00e0 sur le soutien de la Ville de Marseille, l\u2019<a class=\"fnwAddLinks\" href=\"https:\/\/fr.fashionnetwork.com\/tags-office\" title=\"Office\" rel=\"nofollow noopener\" target=\"_blank\">Office<\/a> de tourisme et congr\u00e8s Marseille, l\u2019association Clean my Calanques, le Fonds de dotation Maison Mode M\u00e9diterran\u00e9e, Fashion Revolution, et la R\u00e9serve des arts. \u201cNotre but premier est de placer Marseille sur la carte de la mode en France, de mettre en avant les savoir-faire et les cr\u00e9ateurs et cr\u00e9atrices de notre r\u00e9gion\u201d, explique <a class=\"fnwAddLinks\" href=\"https:\/\/fr.fashionnetwork.com\/tags-chloe\" title=\"Chlo\u00e9\" rel=\"nofollow noopener\" target=\"_blank\">Chlo\u00e9<\/a> Roques, fondatrice de la friperie Digger Club.<\/p>\n<p>En dehors de la France, d&rsquo;autres initiatives du m\u00eame type \u00e9closent un peu partout en Europe. En Belgique, c\u2019est la ville de Namur qui accueillera la sienne entre le 23 et le 27 avril. Les Pays-Bas organisent la neuvi\u00e8me \u00e9dition de leur Global Sustainable Fashion Week \u00e0 Budapest, qui aura lieu entre les 9 et 15 juin. Quelques mois plus tard, ce sera au tour du Royaume-Uni de mettre \u00e0 l\u2019honneur la mode durable, du 27 septembre au 5 octobre prochains.\u00a0\n                            <\/p>\n<p>\n                                Tous droits de reproduction et de repr\u00e9sentation r\u00e9serv\u00e9s.<br \/>\u00a9 2025 FashionNetwork.com\n                            <\/p>\n","protected":false},"excerpt":{"rendered":"Alors que le rythme soutenu des Fashion Weeks traditionnelles est remis en question par les acteurs de l\u2019industrie,&hellip;\n","protected":false},"author":2,"featured_media":111988,"comment_status":"","ping_status":"","sticky":false,"template":"","format":"standard","meta":{"footnotes":""},"categories":[2814],"tags":[1111,11,2424,23138,537,2423,1777,674,23139,1011,27,2425,884,985,12,2420,2298,2426,2427,882,25,2421,2422],"class_list":{"0":"post-111987","1":"post","2":"type-post","3":"status-publish","4":"format-standard","5":"has-post-thumbnail","7":"category-marseille","8":"tag-actu","9":"tag-actualites","10":"tag-beaute","11":"tag-chloe","12":"tag-contact","13":"tag-cosmetiques","14":"tag-eu","15":"tag-europe","16":"tag-fashion-revolution","17":"tag-fr","18":"tag-france","19":"tag-luxe","20":"tag-marseille","21":"tag-mode","22":"tag-news","23":"tag-office","24":"tag-parfum","25":"tag-professionnel","26":"tag-professionnels","27":"tag-provence-alpes-cote-dazur","28":"tag-republique-francaise","29":"tag-reseau","30":"tag-textile"},"share_on_mastodon":{"url":"https:\/\/pubeurope.com\/@fr\/114535036625787990","error":""},"_links":{"self":[{"href":"https:\/\/www.europesays.com\/fr\/wp-json\/wp\/v2\/posts\/111987","targetHints":{"allow":["GET"]}}],"collection":[{"href":"https:\/\/www.europesays.com\/fr\/wp-json\/wp\/v2\/posts"}],"about":[{"href":"https:\/\/www.europesays.com\/fr\/wp-json\/wp\/v2\/types\/post"}],"author":[{"embeddable":true,"href":"https:\/\/www.europesays.com\/fr\/wp-json\/wp\/v2\/users\/2"}],"replies":[{"embeddable":true,"href":"https:\/\/www.europesays.com\/fr\/wp-json\/wp\/v2\/comments?post=111987"}],"version-history":[{"count":0,"href":"https:\/\/www.europesays.com\/fr\/wp-json\/wp\/v2\/posts\/111987\/revisions"}],"wp:featuredmedia":[{"embeddable":true,"href":"https:\/\/www.europesays.com\/fr\/wp-json\/wp\/v2\/media\/111988"}],"wp:attachment":[{"href":"https:\/\/www.europesays.com\/fr\/wp-json\/wp\/v2\/media?parent=111987"}],"wp:term":[{"taxonomy":"category","embeddable":true,"href":"https:\/\/www.europesays.com\/fr\/wp-json\/wp\/v2\/categories?post=111987"},{"taxonomy":"post_tag","embeddable":true,"href":"https:\/\/www.europesays.com\/fr\/wp-json\/wp\/v2\/tags?post=111987"}],"curies":[{"name":"wp","href":"https:\/\/api.w.org\/{rel}","templated":true}]}}