{"id":1119882,"date":"2026-08-10T21:44:41","date_gmt":"2026-08-10T21:44:41","guid":{"rendered":"https:\/\/www.europesays.com\/fr\/1119882\/"},"modified":"2026-08-10T21:44:41","modified_gmt":"2026-08-10T21:44:41","slug":"un-ancien-pailladin-champion-du-monde-dea-sports-fc","status":"publish","type":"post","link":"https:\/\/www.europesays.com\/fr\/1119882\/","title":{"rendered":"Un ancien Pailladin champion du monde d&rsquo;EA Sports FC"},"content":{"rendered":"<p>                    Par<br \/>\n        <strong><br \/>\n            <a href=\"https:\/\/actu.fr\/auteur\/metropoop\" title=\"Consulter tous les articles de R\u00e9daction M\u00e9tropolitain\" rel=\"nofollow noopener\" target=\"_blank\">R\u00e9daction M\u00e9tropolitain<\/a><br \/>\n                    <\/strong><\/p>\n<p>        Publi\u00e9 le<\/p>\n<p>            8 ao\u00fbt 2026 \u00e0 17h39        <\/p>\n<p>Un ancien <strong>Montpelli\u00e9rain<\/strong> <strong>champion du monde<\/strong> de <strong>foot<\/strong> ? Oui, l\u2019information est \u00e0 prendre au s\u00e9rieux. M\u00eame si le sportif en question est un champion d\u2019<strong>e-sport<\/strong> (jeux vid\u00e9o), ancien licenci\u00e9 de <a href=\"https:\/\/actu.fr\/occitanie\/montpellier_34172\/le-mhsc-renforce-sa-presence-sur-le-terrain-de-l-esport-avec-une-equipe-pro-en-eligue-1_48834980.html\" rel=\"nofollow noopener\" target=\"_blank\">la structure mise en place par le MHSC en 2022<\/a> et arr\u00eat\u00e9e en septembre 2025.\u00a0<\/p>\n<p class=\" wall-content\"><strong>R\u0103zvan Puiu<\/strong>, plus connu par les gamers sous le pseudo <strong>RVPLegend10<\/strong>, a en effet remport\u00e9 le 26 juillet \u00e0 Paris le <strong>FC Pro World Championship<\/strong>, une troisi\u00e8me \u00e9dition du championnat du monde consacr\u00e9 \u00e0 la c\u00e9l\u00e8bre franchise d\u2019EA Sports (anciennement nomm\u00e9e FIFA). Le joueur de nationalit\u00e9 roumaine et d\u00e9sormais licenci\u00e9 de l\u2019\u00e9quipe Hyperspirit bas\u00e9e \u00e0 Bucarest, s\u2019est impos\u00e9 en finale contre l\u2019Allemand Levyfinn (6-5).\u00a0<\/p>\n<p class=\" wall-content\"><a href=\"https:\/\/www.instagram.com\/p\/DbRA7RgIfKe\/embed\" title=\"Ouvrir le lien sur Instagram\" rel=\"nofollow noopener\" target=\"_blank\">Visualiser le contenu sur Instagram<\/a><\/p>\n<p class=\" wall-content\">Recrut\u00e9 en 2024 par la section e-sport du MHSC, le joueur roumain avait \u00e9volu\u00e9 au sein du championnat d\u2019<strong>eLigue 1 Uber Eats<\/strong> o\u00f9 le club montpelli\u00e9rain n\u2019avait pas particuli\u00e8rement brill\u00e9, <a href=\"https:\/\/liquipedia.net\/easportsfc\/ELigue_1\/2024\" rel=\"nofollow noopener\" target=\"_blank\">finissant 12e sur 13 \u00e9quipes engag\u00e9es<\/a>. Apr\u00e8s cet \u00e9chec, le gamer s\u2019\u00e9tait envol\u00e9 vers d\u2019autres structures plus performantes.\u00a0<\/p>\n<p>    <img   decoding=\"async\" loading=\"lazy\" src=\"https:\/\/www.europesays.com\/fr\/wp-content\/uploads\/2026\/08\/design-sans-titre-1-003-800x640.png\" alt=\"c\" width=\"800\" height=\"640\"\/><br \/>\n    R\u0103zvan Puiu (\u00e0 droite) lors de la pr\u00e9sentation du trio de joueurs professionnels \u00e9voluant avec le MHSC en eLigue1 Uber Eats en 2024. (\u00a9MHSC)<\/p>\n<p class=\" wall-content\">Ce 26 juillet, il a \u00e9t\u00e9 sacr\u00e9 champion du monde sous le regard de Karim Benzema, parrain de cette \u00e9dition. Preuve de la professionnalisation de l\u2019e-sport, le joueur roumain de 22 ans est reparti de la Porte de Versailles avec une r\u00e9compense de 250 000 euros. Revivez les derniers matchs de ce tournoi en vid\u00e9o :\u00a0<\/p>\n<p class=\" wall-content\">\n<p class=\" wall-content\">Personnalisez votre actualit\u00e9 en ajoutant vos villes et m\u00e9dias en favori avec <a href=\"https:\/\/moncompte.actu.fr\" title=\"D\u00e9couvez Mon Actu\" rel=\"nofollow noopener\" data-trk=\"{&quot;cta&quot;:{&quot;action&quot;:&quot;https:\\\/\\\/moncompte.actu.fr&quot;,&quot;category&quot;:&quot;mon compte&quot;,&quot;from&quot;:&quot;article footer&quot;,&quot;name&quot;:&quot;Mon actu&quot;,&quot;type&quot;:&quot;cta&quot;}}\" target=\"_blank\">Mon Actu<\/a>.<\/p>\n<p>                    <script async src=\"\/\/www.instagram.com\/embed.js\"><\/script><\/p>\n","protected":false},"excerpt":{"rendered":"Par R\u00e9daction M\u00e9tropolitain Publi\u00e9 le 8 ao\u00fbt 2026 \u00e0 17h39 Un ancien Montpelli\u00e9rain champion du monde de foot&hellip;\n","protected":false},"author":2,"featured_media":1119883,"comment_status":"","ping_status":"","sticky":false,"template":"","format":"standard","meta":{"footnotes":"","_share_on_mastodon":"0"},"categories":[9599],"tags":[1111,11,3062,1777,674,1011,27,1036,463,2208,12,2680,25,60],"class_list":["post-1119882","post","type-post","status-publish","format-standard","has-post-thumbnail","category-montpellier","tag-actu","tag-actualites","tag-autres-sports","tag-eu","tag-europe","tag-fr","tag-france","tag-jeux-video","tag-mhsc","tag-montpellier","tag-news","tag-occitanie","tag-republique-francaise","tag-sports"],"share_on_mastodon":{"url":"https:\/\/pubeurope.com\/@fr\/117073404684244317","error":""},"_links":{"self":[{"href":"https:\/\/www.europesays.com\/fr\/wp-json\/wp\/v2\/posts\/1119882","targetHints":{"allow":["GET"]}}],"collection":[{"href":"https:\/\/www.europesays.com\/fr\/wp-json\/wp\/v2\/posts"}],"about":[{"href":"https:\/\/www.europesays.com\/fr\/wp-json\/wp\/v2\/types\/post"}],"author":[{"embeddable":true,"href":"https:\/\/www.europesays.com\/fr\/wp-json\/wp\/v2\/users\/2"}],"replies":[{"embeddable":true,"href":"https:\/\/www.europesays.com\/fr\/wp-json\/wp\/v2\/comments?post=1119882"}],"version-history":[{"count":0,"href":"https:\/\/www.europesays.com\/fr\/wp-json\/wp\/v2\/posts\/1119882\/revisions"}],"wp:featuredmedia":[{"embeddable":true,"href":"https:\/\/www.europesays.com\/fr\/wp-json\/wp\/v2\/media\/1119883"}],"wp:attachment":[{"href":"https:\/\/www.europesays.com\/fr\/wp-json\/wp\/v2\/media?parent=1119882"}],"wp:term":[{"taxonomy":"category","embeddable":true,"href":"https:\/\/www.europesays.com\/fr\/wp-json\/wp\/v2\/categories?post=1119882"},{"taxonomy":"post_tag","embeddable":true,"href":"https:\/\/www.europesays.com\/fr\/wp-json\/wp\/v2\/tags?post=1119882"}],"curies":[{"name":"wp","href":"https:\/\/api.w.org\/{rel}","templated":true}]}}