{"id":1119884,"date":"2026-08-10T21:46:30","date_gmt":"2026-08-10T21:46:30","guid":{"rendered":"https:\/\/www.europesays.com\/fr\/1119884\/"},"modified":"2026-08-10T21:46:30","modified_gmt":"2026-08-10T21:46:30","slug":"mercato-une-tres-jeune-pepite-de-montpellier-dans-le-viseur-du-psg","status":"publish","type":"post","link":"https:\/\/www.europesays.com\/fr\/1119884\/","title":{"rendered":"Mercato : une (tr\u00e8s) jeune p\u00e9pite de Montpellier dans le viseur du PSG"},"content":{"rendered":"<p>\n    Le Paris Saint-Germain s\u2019est mis en t\u00eate de d\u00e9baucher le jeune attaquant du MHSC Lacine Megnan-Pave cet \u00e9t\u00e9.<\/p>\n<p class=\"fig-paragraph\">Lacine Megnan-Pave, nouvelle recrue du PSG\u00a0? Non. Mais les dirigeants parisiens y travaillent. \u00c0 en croire\u00a0<a href=\"https:\/\/www.footmercato.net\/a3567925713134027949-le-psg-est-proche-de-recruter-lacine-megnan-pave\" target=\"_blank\" rel=\"nofollow noopener\" data-gtm-custom-categorie=\"navigation\" data-gtm-custom-action=\"crossclick\" data-gtm-custom-label=\"Contextuel\" data-gtm-event=\"customEventSPE\">Foot Mercato<\/a> \u00a0et plusieurs autres sources (L\u2019\u00c9quipe, RMC, Romano\u2026), le club de la capitale s\u2019est d\u00e9j\u00e0 mis d\u2019accord avec le jeune (16 ans) attaquant de Montpellier (L2) et aurait d\u00e9j\u00e0 transmis une offre aux alentours de 10 M\u20ac pour ce joueur qui serait suivi par de nombreuses formations (Arsenal, MU, Strasbourg, OM\u2026). Offre refus\u00e9e.<\/p>\n<p class=\"fig-paragraph\">Le MHSC souhaiterait n\u00e9anmoins conserver cet international U16 sous contrat jusqu\u2019en 2028 et qui a fait ses d\u00e9buts avec l\u2019\u00e9quipe premi\u00e8re contre Dijon (1-1), samedi dernier, lors de\u00a0<a href=\"https:\/\/www.lefigaro.fr\/sports\/football\/ligue-2\/calendrier-resultats?journee=1\" data-gtm-custom-categorie=\"navigation\" data-gtm-custom-action=\"crossclick\" data-gtm-custom-label=\"Contextuel\" data-gtm-event=\"customEventSPE\" rel=\"nofollow noopener\" target=\"_blank\">la premi\u00e8re journ\u00e9e de la Ligue 2<\/a>.<\/p>\n","protected":false},"excerpt":{"rendered":"Le Paris Saint-Germain s\u2019est mis en t\u00eate de d\u00e9baucher le jeune attaquant du MHSC Lacine Megnan-Pave cet \u00e9t\u00e9.&hellip;\n","protected":false},"author":2,"featured_media":1119885,"comment_status":"","ping_status":"","sticky":false,"template":"","format":"standard","meta":{"footnotes":"","_share_on_mastodon":"0"},"categories":[9599],"tags":[1111,11,1777,674,1011,27,463,2208,12,2680,93,25],"class_list":["post-1119884","post","type-post","status-publish","format-standard","has-post-thumbnail","category-montpellier","tag-actu","tag-actualites","tag-eu","tag-europe","tag-fr","tag-france","tag-mhsc","tag-montpellier","tag-news","tag-occitanie","tag-psg","tag-republique-francaise"],"share_on_mastodon":{"url":"https:\/\/pubeurope.com\/@fr\/117073411119288702","error":""},"_links":{"self":[{"href":"https:\/\/www.europesays.com\/fr\/wp-json\/wp\/v2\/posts\/1119884","targetHints":{"allow":["GET"]}}],"collection":[{"href":"https:\/\/www.europesays.com\/fr\/wp-json\/wp\/v2\/posts"}],"about":[{"href":"https:\/\/www.europesays.com\/fr\/wp-json\/wp\/v2\/types\/post"}],"author":[{"embeddable":true,"href":"https:\/\/www.europesays.com\/fr\/wp-json\/wp\/v2\/users\/2"}],"replies":[{"embeddable":true,"href":"https:\/\/www.europesays.com\/fr\/wp-json\/wp\/v2\/comments?post=1119884"}],"version-history":[{"count":0,"href":"https:\/\/www.europesays.com\/fr\/wp-json\/wp\/v2\/posts\/1119884\/revisions"}],"wp:featuredmedia":[{"embeddable":true,"href":"https:\/\/www.europesays.com\/fr\/wp-json\/wp\/v2\/media\/1119885"}],"wp:attachment":[{"href":"https:\/\/www.europesays.com\/fr\/wp-json\/wp\/v2\/media?parent=1119884"}],"wp:term":[{"taxonomy":"category","embeddable":true,"href":"https:\/\/www.europesays.com\/fr\/wp-json\/wp\/v2\/categories?post=1119884"},{"taxonomy":"post_tag","embeddable":true,"href":"https:\/\/www.europesays.com\/fr\/wp-json\/wp\/v2\/tags?post=1119884"}],"curies":[{"name":"wp","href":"https:\/\/api.w.org\/{rel}","templated":true}]}}