{"id":111991,"date":"2025-05-19T14:46:10","date_gmt":"2025-05-19T14:46:10","guid":{"rendered":"https:\/\/www.europesays.com\/fr\/111991\/"},"modified":"2025-05-19T14:46:10","modified_gmt":"2025-05-19T14:46:10","slug":"la-nouvelle-ere-du-parc-de-la-tete-dor-a-lyon","status":"publish","type":"post","link":"https:\/\/www.europesays.com\/fr\/111991\/","title":{"rendered":"la nouvelle \u00e8re du Parc de la T\u00eate d\u2019Or \u00e0 Lyon"},"content":{"rendered":"<p>Le Parc de la T\u00eate d\u2019Or est un v\u00e9ritable \u201cembl\u00e8me de Lyon et un bijou inestimable\u201d pour les Lyonnais, comme l\u2019a indiqu\u00e9 Gr\u00e9gory Doucet ce lundi lors d&rsquo;une conf\u00e9rence de presse. Plac\u00e9 au c\u0153ur du centre-ville, le poumon vert de la capitale des Gaules n\u2019a cess\u00e9 d\u2019\u00e9voluer depuis sa cr\u00e9ation.\u00a0<\/p>\n<p>Vous souhaitez vous reconnecter avec la nature ? Plus besoin d\u2019aller aux quatre coins du monde, car certaines plantes en voie de disparition n\u2019existeront plus qu\u2019au Parc de la T\u00eate d\u2019Or. En 2020, Lyon a lanc\u00e9 un chantier ambitieux pour transformer ce grand parc. Plus de 15 millions d\u2019euros ont d\u00e9j\u00e0 \u00e9t\u00e9 investis pour pr\u00e9server son patrimoine, renforcer sa r\u00e9silience face au changement climatique et am\u00e9liorer le confort des 7 millions de visiteurs annuels.<\/p>\n<p>Certains projets phares verront le jour dans les prochaines ann\u00e9es, notamment les serres historiques, ferm\u00e9es depuis 2006. Ces derni\u00e8res vont rena\u00eetre sous la forme d\u2019un vaste complexe de 2 600 m\u00b2 d\u00e9di\u00e9 \u00e0 la conservation et \u00e0 la m\u00e9diation, cofinanc\u00e9 par l\u2019\u00c9tat, la R\u00e9gion et la Fondation du Patrimoine.<\/p>\n<p>Les serres ne seront pas les seules \u00e0 se r\u00e9nover, puisque\u00a0l\u2019\u00c9cole de Botanique, dont la r\u00e9novation offrira un parcours syst\u00e9matique et ethnobotanique, ouvrira \u00e0 l\u2019automne 2025. De plus, une partie syst\u00e9matique permettant d\u2019illustrer la classification scientifique des plantes permettra aux plus curieux de d\u00e9couvrir le monde de la nature. Enfin,\u00a0le Chalet du Parc, futur tiers-lieu de la transition \u00e9cologique, proposera des restaurants z\u00e9ro gaspillage, des ateliers, des expositions et des r\u00e9sidences d\u2019artistes, avec un objectif de label pour une haute performance \u00e9nerg\u00e9tique et hydrique, avec une ouverture pr\u00e9vue en septembre 2026.<\/p>\n<p style=\"text-align:center\"><img loading=\"lazy\" decoding=\"async\" alt=\"\" height=\"500\" src=\"https:\/\/www.europesays.com\/fr\/wp-content\/uploads\/2025\/05\/chalet2.jpg\" width=\"600\"\/><\/p>\n<p>Au centre de cette r\u00e9novation, la r\u00e9vision de la Charte du Parc, adopt\u00e9e pour 20 ans, r\u00e9affirme trois priorit\u00e9s. Tout d\u2019abord, conserver l\u2019identit\u00e9 historique et paysag\u00e8re du Parc de la T\u00eate d&rsquo;Or, puis adapter les am\u00e9nagements aux nouveaux usages tout en ma\u00eetrisant la surfr\u00e9quentation, et renforcer la gestion \u00e9cologique.\u00a0<\/p>\n<p>\u201cCet espace unique, cet h\u00e9ritage fragile, nous devons le pr\u00e9server pour les g\u00e9n\u00e9rations futures. Notre engagement vise \u00e0 renforcer son r\u00f4le environnemental, \u00e9ducatif et social\u201d, a pr\u00e9cis\u00e9 Gautier Chapuis, l\u2019adjoint au Maire de Lyon d\u00e9l\u00e9gu\u00e9 \u00e0 la V\u00e9g\u00e9talisation, la Biodiversit\u00e9, la Condition Animale et l\u2019Alimentation<\/p>\n<p>En parall\u00e8le, des r\u00e9alisations r\u00e9centes ont d\u00e9j\u00e0 vu le jour, comme la For\u00eat d\u2019Asie au zoo, la Voie Lyonnaise n\u00b02 et la r\u00e9novation des vestiaires jardiniers.<\/p>\n","protected":false},"excerpt":{"rendered":"Le Parc de la T\u00eate d\u2019Or est un v\u00e9ritable \u201cembl\u00e8me de Lyon et un bijou inestimable\u201d pour les&hellip;\n","protected":false},"author":2,"featured_media":111992,"comment_status":"","ping_status":"","sticky":false,"template":"","format":"standard","meta":{"footnotes":""},"categories":[1889],"tags":[1111,11,2813,2190,2430,1109,251,1112,2811,1777,674,118,1011,27,1922,1110,1114,2428,2810,12,241,316,25,2812,517,800],"class_list":{"0":"post-111991","1":"post","2":"type-post","3":"status-publish","4":"format-standard","5":"has-post-thumbnail","7":"category-lyon","8":"tag-actu","9":"tag-actualites","10":"tag-article","11":"tag-asvel","12":"tag-auvergne-rhone-alpes","13":"tag-breves","14":"tag-culture","15":"tag-depeches","16":"tag-economique","17":"tag-eu","18":"tag-europe","19":"tag-faits-divers","20":"tag-fr","21":"tag-france","22":"tag-info","23":"tag-informations","24":"tag-infos","25":"tag-lyon","26":"tag-lyonmag","27":"tag-news","28":"tag-ol","29":"tag-politique","30":"tag-republique-francaise","31":"tag-sociale","32":"tag-sport","33":"tag-transports"},"share_on_mastodon":{"url":"https:\/\/pubeurope.com\/@fr\/114535044440862725","error":""},"_links":{"self":[{"href":"https:\/\/www.europesays.com\/fr\/wp-json\/wp\/v2\/posts\/111991","targetHints":{"allow":["GET"]}}],"collection":[{"href":"https:\/\/www.europesays.com\/fr\/wp-json\/wp\/v2\/posts"}],"about":[{"href":"https:\/\/www.europesays.com\/fr\/wp-json\/wp\/v2\/types\/post"}],"author":[{"embeddable":true,"href":"https:\/\/www.europesays.com\/fr\/wp-json\/wp\/v2\/users\/2"}],"replies":[{"embeddable":true,"href":"https:\/\/www.europesays.com\/fr\/wp-json\/wp\/v2\/comments?post=111991"}],"version-history":[{"count":0,"href":"https:\/\/www.europesays.com\/fr\/wp-json\/wp\/v2\/posts\/111991\/revisions"}],"wp:featuredmedia":[{"embeddable":true,"href":"https:\/\/www.europesays.com\/fr\/wp-json\/wp\/v2\/media\/111992"}],"wp:attachment":[{"href":"https:\/\/www.europesays.com\/fr\/wp-json\/wp\/v2\/media?parent=111991"}],"wp:term":[{"taxonomy":"category","embeddable":true,"href":"https:\/\/www.europesays.com\/fr\/wp-json\/wp\/v2\/categories?post=111991"},{"taxonomy":"post_tag","embeddable":true,"href":"https:\/\/www.europesays.com\/fr\/wp-json\/wp\/v2\/tags?post=111991"}],"curies":[{"name":"wp","href":"https:\/\/api.w.org\/{rel}","templated":true}]}}