{"id":112001,"date":"2025-05-19T14:51:13","date_gmt":"2025-05-19T14:51:13","guid":{"rendered":"https:\/\/www.europesays.com\/fr\/112001\/"},"modified":"2025-05-19T14:51:13","modified_gmt":"2025-05-19T14:51:13","slug":"les-livreurs-et-les-etudiants-de-la-sorbonne-presentent-leurs-nouveaux-solo-theatre-du-2-au-19-juin","status":"publish","type":"post","link":"https:\/\/www.europesays.com\/fr\/112001\/","title":{"rendered":"Les Livreurs et les \u00e9tudiants de La Sorbonne pr\u00e9sentent leurs nouveaux Solo Th\u00e9\u00e2tre du 2 au 19 juin"},"content":{"rendered":"<p><strong>Durant 3 semaines, du\u00a002 au 19 juin\u00a02025, les \u00e9tudiant(e)s de\u00a0<a href=\"https:\/\/www.facebook.com\/Lasorbonnesonore\" rel=\"nofollow noopener\" target=\"_blank\">La Sorbonne Sonore<\/a>\u00a0vous invitent \u00e0 d\u00e9couvrir leurs\u00a0nouveaux\u00a0Solo Th\u00e9\u00e2tre\u00a0dans le cadre du\u00a0festival\u00a0<a href=\"https:\/\/www.sorbonne-universite.fr\/sorbonne-en-scene\" rel=\"nofollow noopener\" target=\"_blank\">Sorbonne en Sc\u00e8ne<\/a>\u00a0!<\/strong><\/p>\n<p>Au programme\u00a0: Colette, Corneille, Cervantes, Gustave Flaubert, Victor Hugo, Moli\u00e8re, Sophocle, Voltaire et tant d\u2019autres !<\/p>\n<p>Seul(e) en sc\u00e8ne et avec sa voix comme unique alli\u00e9e,\u00a01 \u00e9tudiant(e)-interpr\u00e8te fait entendre 1 pi\u00e8ce de th\u00e9\u00e2tre en 1 heure. Ni d\u00e9cor, ni accessoire \u2014 pourtant tout y est : intensit\u00e9 des \u00e9motions, virtuosit\u00e9 des caract\u00e8res, \u00e9l\u00e9gance du verbe\u2026<\/p>\n<p>D\u00e9couvrez le programme complet <a href=\"https:\/\/leslivreurs.com\/solo-theatre\/\" rel=\"nofollow noopener\" target=\"_blank\">ici<\/a>.<\/p>\n<p>[Source : communiqu\u00e9 de presse]<\/p>\n<p><a href=\"https:\/\/www.clubartistikrezo.com\/\" target=\"_blank\" rel=\"noopener nofollow\"><b>\u00c9v\u00e9nement partenaire du Club Artistik Rezo<\/b><\/a><\/p>\n","protected":false},"excerpt":{"rendered":"Durant 3 semaines, du\u00a002 au 19 juin\u00a02025, les \u00e9tudiant(e)s de\u00a0La Sorbonne Sonore\u00a0vous invitent \u00e0 d\u00e9couvrir leurs\u00a0nouveaux\u00a0Solo Th\u00e9\u00e2tre\u00a0dans le&hellip;\n","protected":false},"author":2,"featured_media":112002,"comment_status":"","ping_status":"","sticky":false,"template":"","format":"standard","meta":{"footnotes":""},"categories":[1888],"tags":[1111,11,1777,674,849,1011,27,12,626,25,1347],"class_list":{"0":"post-112001","1":"post","2":"type-post","3":"status-publish","4":"format-standard","5":"has-post-thumbnail","7":"category-paris","8":"tag-actu","9":"tag-actualites","10":"tag-eu","11":"tag-europe","12":"tag-festival","13":"tag-fr","14":"tag-france","15":"tag-news","16":"tag-paris","17":"tag-republique-francaise","18":"tag-theatre"},"share_on_mastodon":{"url":"https:\/\/pubeurope.com\/@fr\/114535064166291572","error":""},"_links":{"self":[{"href":"https:\/\/www.europesays.com\/fr\/wp-json\/wp\/v2\/posts\/112001","targetHints":{"allow":["GET"]}}],"collection":[{"href":"https:\/\/www.europesays.com\/fr\/wp-json\/wp\/v2\/posts"}],"about":[{"href":"https:\/\/www.europesays.com\/fr\/wp-json\/wp\/v2\/types\/post"}],"author":[{"embeddable":true,"href":"https:\/\/www.europesays.com\/fr\/wp-json\/wp\/v2\/users\/2"}],"replies":[{"embeddable":true,"href":"https:\/\/www.europesays.com\/fr\/wp-json\/wp\/v2\/comments?post=112001"}],"version-history":[{"count":0,"href":"https:\/\/www.europesays.com\/fr\/wp-json\/wp\/v2\/posts\/112001\/revisions"}],"wp:featuredmedia":[{"embeddable":true,"href":"https:\/\/www.europesays.com\/fr\/wp-json\/wp\/v2\/media\/112002"}],"wp:attachment":[{"href":"https:\/\/www.europesays.com\/fr\/wp-json\/wp\/v2\/media?parent=112001"}],"wp:term":[{"taxonomy":"category","embeddable":true,"href":"https:\/\/www.europesays.com\/fr\/wp-json\/wp\/v2\/categories?post=112001"},{"taxonomy":"post_tag","embeddable":true,"href":"https:\/\/www.europesays.com\/fr\/wp-json\/wp\/v2\/tags?post=112001"}],"curies":[{"name":"wp","href":"https:\/\/api.w.org\/{rel}","templated":true}]}}