{"id":112003,"date":"2025-05-19T14:52:07","date_gmt":"2025-05-19T14:52:07","guid":{"rendered":"https:\/\/www.europesays.com\/fr\/112003\/"},"modified":"2025-05-19T14:52:07","modified_gmt":"2025-05-19T14:52:07","slug":"une-soiree-electro-inedite-bientot-organisee-au-parc-des-princes-des-places-encore-disponibles","status":"publish","type":"post","link":"https:\/\/www.europesays.com\/fr\/112003\/","title":{"rendered":"une soir\u00e9e \u00e9lectro in\u00e9dite bient\u00f4t organis\u00e9e au Parc des Princes, des places encore disponibles"},"content":{"rendered":"<p>            Par<br \/>\n        <strong><br \/>\n            <a href=\"https:\/\/actu.fr\/auteur\/antoine-grotteria02\" title=\"Consulter tous les articles de Antoine Grotteria\" rel=\"nofollow noopener\" target=\"_blank\">Antoine Grotteria<\/a><br \/>\n        <\/strong><\/p>\n<p>        Publi\u00e9 le<\/p>\n<p>            19 mai 2025 \u00e0 16h42        <\/p>\n<p>Un week-end de <strong>festivit\u00e9s<\/strong> au <a href=\"https:\/\/actu.fr\/tag\/parc-des-princes\/page\/3\" rel=\"nofollow noopener\" target=\"_blank\">Parc des Princes<\/a>. Tout un symbole. \u00c0 l\u2019aube d\u2019une fin de saison app\u00e9tissante, ponctu\u00e9e de la <a href=\"https:\/\/actu.fr\/ile-de-france\/paris_75056\/incomprehensible-apres-la-liesse-de-la-victoire-du-psg-face-a-arsenal-le-chaos-a-paris-des-blesses-graves_62610675.html\" rel=\"nofollow noopener\" target=\"_blank\">finale de la Ligue des champions<\/a>, le <a href=\"https:\/\/actu.fr\/tag\/paris-saint-germain-psg\" rel=\"nofollow noopener\" target=\"_blank\">Paris Saint-Germain<\/a> ouvre <strong>son stade au public<\/strong> du vendredi\u00a023 au dimanche 25\u00a0mai 2025. Au programme, deux propositions \u00ab\u2009immersives\u2009\u00bb m\u00ealant attractions et animations durant lesquelles les visiteurs pourront d\u00e9couvrir les <strong>coulisses<\/strong> de l\u2019enceinte de la porte de Saint-Cloud (16e) tout en se divertissant.<\/p>\n<p>La finale de la Coupe de France diffus\u00e9e<\/p>\n<p class=\" wall-content\">L\u2019\u00e9v\u00e9nement \u00ab\u2009Spring Party\u2009\u00bb sera inaugur\u00e9 par le c\u00e9l\u00e8bre duo <strong>Synapson<\/strong>. Les producteurs de musique \u00e9lectronique Alexandre Chi\u00e8re et Paul Cucuron, \u00e9cout\u00e9s par des millions de personnes, effectueront un <strong>set<\/strong> introductif ce vendredi 23\u00a0mai jusqu\u2019\u00e0 minuit. L\u2019occasion de s\u2019immerger dans une ambiance douce et contemplative. Pour ce faire, il faudra tout de m\u00eame d\u00e9bourser <strong>59\u00a0euros<\/strong>.<\/p>\n<p class=\" wall-content\">\n<p class=\" wall-content\">Ce tarif sera \u00e9galement appliqu\u00e9 \u00e0 la soir\u00e9e du samedi 24\u00a0mai. Dans le cadre de la finale de la <a href=\"https:\/\/actu.fr\/sports\/football\/coupe-de-france\" rel=\"nofollow noopener\" target=\"_blank\">Coupe de France<\/a> opposant le PSG \u00e0 Reims, le Parc des Princes accueillera des supporters des champions de France en titre. Ces derniers replongeront dans les souvenirs de l\u2019institution au moment de l\u2019arriv\u00e9e de <a href=\"https:\/\/actu.fr\/ile-de-france\/paris_75056\/le-psg-vend-une-partie-de-ses-parts-a-des-americains_60431299.html\" rel=\"nofollow noopener\" target=\"_blank\">Qatar Sports Investments<\/a>, au d\u00e9but des ann\u00e9es 2010, avec la pr\u00e9sence de l\u2019ex-attaquant <strong>Guillaume Hoarau<\/strong>. Le R\u00e9unionnais avait notamment offert le prestigieux troph\u00e9e hexagonal au club en 2010 en marquant un but d\u00e9cisif contre Monaco.<\/p>\n<p class=\" wall-content\">La diffusion du match ach\u00e8vera une journ\u00e9e \u00e9maill\u00e9e d\u2019animations. Une grande roue, des structures gonflables et des espaces de photographie seront install\u00e9es sur la pelouse. Le PSG exhibera ses troph\u00e9es sur le rond central. Et ce, alors que des rencontres impliquant des <strong>jeunes de 8 \u00e0 13\u00a0ans<\/strong> seront organis\u00e9es jusqu\u2019\u00e0 19\u00a0heures, samedi, et 21\u00a0heures, dimanche. Les tarifs vont de <strong>39\u00a0euros<\/strong> pour les moins de 13\u00a0ans \u00e0 <strong>49\u00a0euros<\/strong> pour les autres. Des places sont encore <strong>disponibles<\/strong>.<\/p>\n<p class=\" wall-content\">Suivez toute l\u2019actualit\u00e9 de vos villes et m\u00e9dias favoris en vous inscrivant \u00e0 <a href=\"https:\/\/moncompte.actu.fr\" title=\"D\u00e9couvez Mon Actu\" rel=\"nofollow noopener\" data-trk=\"{&quot;cta&quot;:{&quot;action&quot;:&quot;https:\\\/\\\/moncompte.actu.fr&quot;,&quot;category&quot;:&quot;mon compte&quot;,&quot;from&quot;:&quot;article footer&quot;,&quot;name&quot;:&quot;Mon actu&quot;,&quot;type&quot;:&quot;cta&quot;}}\" target=\"_blank\">Mon Actu<\/a>.<\/p>\n","protected":false},"excerpt":{"rendered":"Par Antoine Grotteria Publi\u00e9 le 19 mai 2025 \u00e0 16h42 Un week-end de festivit\u00e9s au Parc des Princes.&hellip;\n","protected":false},"author":2,"featured_media":112004,"comment_status":"","ping_status":"","sticky":false,"template":"","format":"standard","meta":{"footnotes":""},"categories":[1888],"tags":[11,1697,1777,674,1011,27,1652,12,2334,626,2332,25],"class_list":{"0":"post-112003","1":"post","2":"type-post","3":"status-publish","4":"format-standard","5":"has-post-thumbnail","7":"category-paris","8":"tag-actualites","9":"tag-concert","10":"tag-eu","11":"tag-europe","12":"tag-fr","13":"tag-france","14":"tag-loisirs-culture","15":"tag-news","16":"tag-parc-des-princes","17":"tag-paris","18":"tag-paris-saint-germain-psg","19":"tag-republique-francaise"},"share_on_mastodon":{"url":"https:\/\/pubeurope.com\/@fr\/114535067973581225","error":""},"_links":{"self":[{"href":"https:\/\/www.europesays.com\/fr\/wp-json\/wp\/v2\/posts\/112003","targetHints":{"allow":["GET"]}}],"collection":[{"href":"https:\/\/www.europesays.com\/fr\/wp-json\/wp\/v2\/posts"}],"about":[{"href":"https:\/\/www.europesays.com\/fr\/wp-json\/wp\/v2\/types\/post"}],"author":[{"embeddable":true,"href":"https:\/\/www.europesays.com\/fr\/wp-json\/wp\/v2\/users\/2"}],"replies":[{"embeddable":true,"href":"https:\/\/www.europesays.com\/fr\/wp-json\/wp\/v2\/comments?post=112003"}],"version-history":[{"count":0,"href":"https:\/\/www.europesays.com\/fr\/wp-json\/wp\/v2\/posts\/112003\/revisions"}],"wp:featuredmedia":[{"embeddable":true,"href":"https:\/\/www.europesays.com\/fr\/wp-json\/wp\/v2\/media\/112004"}],"wp:attachment":[{"href":"https:\/\/www.europesays.com\/fr\/wp-json\/wp\/v2\/media?parent=112003"}],"wp:term":[{"taxonomy":"category","embeddable":true,"href":"https:\/\/www.europesays.com\/fr\/wp-json\/wp\/v2\/categories?post=112003"},{"taxonomy":"post_tag","embeddable":true,"href":"https:\/\/www.europesays.com\/fr\/wp-json\/wp\/v2\/tags?post=112003"}],"curies":[{"name":"wp","href":"https:\/\/api.w.org\/{rel}","templated":true}]}}