{"id":112016,"date":"2025-05-19T14:59:11","date_gmt":"2025-05-19T14:59:11","guid":{"rendered":"https:\/\/www.europesays.com\/fr\/112016\/"},"modified":"2025-05-19T14:59:11","modified_gmt":"2025-05-19T14:59:11","slug":"le-royaume-uni-et-lue-concluent-un-nouveau-partenariat-strategique-cinq-ans-apres-le-brexit","status":"publish","type":"post","link":"https:\/\/www.europesays.com\/fr\/112016\/","title":{"rendered":"Le Royaume-Uni et l&rsquo;UE concluent un \u00ab\u00a0nouveau partenariat strat\u00e9gique\u00a0\u00bb, cinq ans apr\u00e8s le Brexit"},"content":{"rendered":"<p>Ce sommet \u00ab\u00a0marque une nouvelle \u00e8re dans notre relation\u00a0\u00bb, a d\u00e9clar\u00e9 le Premier ministre Keir Starmer lors d&rsquo;une conf\u00e9rence de presse conjointe avec la pr\u00e9sidente de la Commission europ\u00e9enne Ursula von der Leyen et le pr\u00e9sident du Conseil europ\u00e9en Antonio Costa.<\/p>\n<p>L&rsquo;accord conclu \u00ab\u00a0est gagnant-gagnant\u00a0\u00bb, a-t-il insist\u00e9, soulignant qu&rsquo;avec les accords commerciaux sign\u00e9s la semaine derni\u00e8re avec l&rsquo;Iran et les Etats-Unis, \u00ab\u00a0cela signifie des emplois (&#8230;) et plus de croissance cr\u00e9\u00e9e\u00a0\u00bb pour le Royaume-Uni.<\/p>\n<p>Apr\u00e8s des mois de n\u00e9gociations, Europ\u00e9ens et Britanniques ont notamment conclu un partenariat sur la d\u00e9fense et la s\u00e9curit\u00e9, trouv\u00e9 un compromis pour assouplir certaines barri\u00e8res commerciales et prolong\u00e9 un accord sur la p\u00eache.<\/p>\n<p>En revanche, les n\u00e9gociations n&rsquo;ont pas compl\u00e8tement abouti sur la mobilit\u00e9 des jeunes.<\/p>\n<p>Le dirigeant travailliste avait salu\u00e9 en ouvrant le sommet un \u00ab\u00a0nouveau partenariat strat\u00e9gique adapt\u00e9 \u00e0 notre \u00e9poque, qui apportera des avantages r\u00e9els et tangibles en mati\u00e8re de s\u00e9curit\u00e9, d&rsquo;immigration clandestine, de prix de l&rsquo;\u00e9nergie, d&rsquo;agroalimentaire, de commerce et autres\u00a0\u00bb.<\/p>\n<p>La cheffe de l&rsquo;ex\u00e9cutif europ\u00e9en a salu\u00e9 un \u00ab\u00a0moment historique\u00a0\u00bb entre des partenaires qui \u00ab\u00a0poursuivent les m\u00eames objectifs\u00a0\u00bb et \u00ab\u00a0partagent les m\u00eames valeurs\u00a0\u00bb.<\/p>\n<p>Apr\u00e8s le sommet, les trois dirigeants sont all\u00e9s d\u00e9jeuner sur la fr\u00e9gate HMS Sutherland, amarr\u00e9e au croiseur de la Seconde guerre mondiale HMS Belfast, sur la Tamise, \u00e0 Londres.<\/p>\n<p>A son arriv\u00e9e au pouvoir en juillet 2024, Keir Starmer avait promis de \u00ab\u00a0relancer\u00a0\u00bb les relations avec l&rsquo;UE, apr\u00e8s des ann\u00e9es de tensions entre les 27 et les pr\u00e9c\u00e9dents gouvernements conservateurs li\u00e9es au Brexit, intervenu le 31 janvier 2020.<\/p>\n<p>Depuis, la guerre d\u00e9clench\u00e9e par la Russie contre Ukraine et le risque d&rsquo;un d\u00e9sengagement am\u00e9ricain du continent europ\u00e9en ont confort\u00e9 Londres et Bruxelles dans leur volont\u00e9 de rapprochement dans la d\u00e9fense.<\/p>\n<p>&#8211; Normes phytosanitaires  &#8211;<\/p>\n<p>Dans le cadre du nouveau partenariat sur la d\u00e9fense et la s\u00e9curit\u00e9, le Royaume-Uni pourra participer \u00e0 des r\u00e9unions minist\u00e9rielles de l&rsquo;UE et rejoindre certaines missions militaires europ\u00e9ennes.<\/p>\n<p>Il ouvre \u00e9galement la voie \u00e0 l&rsquo;acc\u00e8s des entreprises britanniques au futur programme europ\u00e9en dot\u00e9 de 150 milliards d&rsquo;euros visant \u00e0 d\u00e9velopper la base industrielle de d\u00e9fense au sein de l&rsquo;UE. La participation \u00e0 ce programme exigera toutefois un autre accord ult\u00e9rieur, ainsi qu&rsquo;une contribution financi\u00e8re britannique.<\/p>\n<p><img alt=\"Le secr\u00e9taire d'Etat britannique aux Affaires \u00e9trang\u00e8res David Lammy arrive au sommet UK-UE \u00e0 Londres le 19 mai 2025\" loading=\"lazy\" decoding=\"async\" data-nimg=\"fill\" class=\" TwicCore_img__i9TC1 undefined  undefined\" style=\"position:absolute;height:100%;width:100%;left:0;top:0;right:0;bottom:0;color:transparent;background-size:cover;background-position:50% 50%;background-repeat:no-repeat;background-image:url(&quot;data:image\/svg+xml;charset=utf-8,%3Csvg xmlns='http:\/\/www.w3.org\/2000\/svg' %3E%3Cfilter id='b' color-interpolation-filters='sRGB'%3E%3CfeGaussianBlur stdDeviation='20'\/%3E%3CfeColorMatrix values='1 0 0 0 0 0 1 0 0 0 0 0 1 0 0 0 0 0 100 -1' result='s'\/%3E%3CfeFlood x='0' y='0' width='100%25' height='100%25'\/%3E%3CfeComposite operator='out' in='s'\/%3E%3CfeComposite in2='SourceGraphic'\/%3E%3CfeGaussianBlur stdDeviation='20'\/%3E%3C\/filter%3E%3Cimage width='100%25' height='100%25' x='0' y='0' preserveAspectRatio='none' style='filter: url(%23b);' href='https:\/\/pictures.laprovence.com\/cdn-cgi\/image\/blur=250\/media\/afp\/6ff23f1833b0b2cc799ac120ea372d309529d189.jpg'\/%3E%3C\/svg%3E&quot;)\"   src=\"https:\/\/www.europesays.com\/fr\/wp-content\/uploads\/2025\/05\/6ff23f1833b0b2cc799ac120ea372d309529d189.jpg\"\/>Le secr\u00e9taire d&rsquo;Etat britannique aux Affaires \u00e9trang\u00e8res David Lammy arrive au sommet UK-UE \u00e0 Londres le 19 mai 2025 PHOTO AFP \/ HENRY NICHOLLS<\/p>\n<p>Les tractations se sont poursuivies jusqu&rsquo;\u00e0 la derni\u00e8re minute pour lever les derniers blocages, notamment sur le dossier \u00e9pineux de la p\u00eache, particuli\u00e8rement sensible pour la France.<\/p>\n<p>Finalement, Londres et les 27 ont act\u00e9 la reconduction de l&rsquo;acc\u00e8s des p\u00eacheurs europ\u00e9ens aux eaux britanniques &#8211; qui devait expirer en 2026 &#8211; jusqu&rsquo;en 2038, et vice-versa.<\/p>\n<p>La ministre fran\u00e7aise de la Transition \u00e9cologique Agn\u00e8s Pannier-Runacher a salu\u00e9 \u00ab\u00a0une excellente nouvelle pour nos p\u00eacheurs\u00a0\u00bb.<\/p>\n<p>En contrepartie, les Britanniques pourront exporter plus facilement leurs produits alimentaires vers le march\u00e9 europ\u00e9en, gr\u00e2ce \u00e0 un \u00ab\u00a0alignement dynamique et rapide\u00a0\u00bb du Royaume-Uni sur les r\u00e8gles sanitaires europ\u00e9ennes.<\/p>\n<p>La suppression des formalit\u00e9s administratives et douani\u00e8res sur la \u00ab\u00a0grande majorit\u00e9\u00a0\u00bb des produits animaux et v\u00e9g\u00e9taux, \u00e9tait une des priorit\u00e9s du gouvernement travailliste pour soutenir la croissance \u00e9conomique. <\/p>\n<p>La Cour de justice de l&rsquo;Union europ\u00e9enne sera l&rsquo;autorit\u00e9 en dernier ressort, une concession susceptible de braquer les d\u00e9fenseurs du Brexit.<\/p>\n<p>Selon Downing Street, les mesures \u00e9conomiques doivent apporter \u00ab\u00a0pr\u00e8s de 9 milliards de livres (10,7 milliards d&rsquo;euros) \u00e0 l&rsquo;\u00e9conomie britannique d&rsquo;ici 2040\u00a0\u00bb.<\/p>\n<p>Cet accord est \u00ab\u00a0un soulagement\u00a0\u00bb pour les entreprises, s&rsquo;est r\u00e9jouie Rain Newton-Smith, pr\u00e9sidente de la principale organisation patronale britannique, la CBI.<\/p>\n<p>Les discussions doivent en revanche se poursuivre sur la mobilit\u00e9 des jeunes. <\/p>\n<p>Les deux parties se sont \u00e0 ce stade engag\u00e9es \u00e0 avancer vers un programme de visas permettant aux jeunes europ\u00e9ens d&rsquo;\u00e9tudier ou travailler au Royaume-Uni et vice-versa, et se sont mises d&rsquo;accord pour discuter d&rsquo;un \u00e9ventuel retour du Royaume-Uni au sein du programme d&rsquo;\u00e9change \u00e9tudiant europ\u00e9en Erasmus.<\/p>\n<p>Le sujet est sensible c\u00f4t\u00e9 britannique, avec la mont\u00e9e en puissance du parti europhobe et anti-immigration Reform UK dirig\u00e9 par Nigel Farage. <\/p>\n<p>Ces derni\u00e8res semaines, Keir Starmer avait r\u00e9p\u00e9t\u00e9 ses \u00ab\u00a0lignes rouges\u00a0\u00bb : pas question de revenir dans le march\u00e9 commun ni dans l&rsquo;union douani\u00e8re, pas question de r\u00e9tablir la libre circulation.<\/p>\n<p>Le vice-pr\u00e9sident de Reform UK Richard Tice a toutefois accus\u00e9 le gouvernement d&rsquo;avoir \u00ab\u00a0capitul\u00e9\u00a0\u00bb devant l&rsquo;UE.<\/p>\n<p>\u00ab\u00a0Nous redevenons soumis aux r\u00e8gles de Bruxelles\u00a0\u00bb, a d\u00e9nonc\u00e9 la cheffe de l&rsquo;opposition conservatrice Kemi Badenoch.<\/p>\n","protected":false},"excerpt":{"rendered":"Ce sommet \u00ab\u00a0marque une nouvelle \u00e8re dans notre relation\u00a0\u00bb, a d\u00e9clar\u00e9 le Premier ministre Keir Starmer lors d&rsquo;une&hellip;\n","protected":false},"author":2,"featured_media":112017,"comment_status":"","ping_status":"","sticky":false,"template":"","format":"standard","meta":{"footnotes":""},"categories":[1586],"tags":[17,11,3216,23141,1777,674,1779,1011,27,329,1861,12,4565,2766,25,473,3976,1778,364],"class_list":{"0":"post-112016","1":"post","2":"type-post","3":"status-publish","4":"format-standard","5":"has-post-thumbnail","7":"category-europe","8":"tag-17","9":"tag-actualites","10":"tag-cinq","11":"tag-concluent","12":"tag-eu","13":"tag-europe","14":"tag-european-union","15":"tag-fr","16":"tag-france","17":"tag-france-monde","18":"tag-lue","19":"tag-news","20":"tag-nouveau","21":"tag-partenariat","22":"tag-republique-francaise","23":"tag-royaume-uni","24":"tag-strategique","25":"tag-ue","26":"tag-union-europeenne"},"share_on_mastodon":{"url":"https:\/\/pubeurope.com\/@fr\/114535095581285867","error":""},"_links":{"self":[{"href":"https:\/\/www.europesays.com\/fr\/wp-json\/wp\/v2\/posts\/112016","targetHints":{"allow":["GET"]}}],"collection":[{"href":"https:\/\/www.europesays.com\/fr\/wp-json\/wp\/v2\/posts"}],"about":[{"href":"https:\/\/www.europesays.com\/fr\/wp-json\/wp\/v2\/types\/post"}],"author":[{"embeddable":true,"href":"https:\/\/www.europesays.com\/fr\/wp-json\/wp\/v2\/users\/2"}],"replies":[{"embeddable":true,"href":"https:\/\/www.europesays.com\/fr\/wp-json\/wp\/v2\/comments?post=112016"}],"version-history":[{"count":0,"href":"https:\/\/www.europesays.com\/fr\/wp-json\/wp\/v2\/posts\/112016\/revisions"}],"wp:featuredmedia":[{"embeddable":true,"href":"https:\/\/www.europesays.com\/fr\/wp-json\/wp\/v2\/media\/112017"}],"wp:attachment":[{"href":"https:\/\/www.europesays.com\/fr\/wp-json\/wp\/v2\/media?parent=112016"}],"wp:term":[{"taxonomy":"category","embeddable":true,"href":"https:\/\/www.europesays.com\/fr\/wp-json\/wp\/v2\/categories?post=112016"},{"taxonomy":"post_tag","embeddable":true,"href":"https:\/\/www.europesays.com\/fr\/wp-json\/wp\/v2\/tags?post=112016"}],"curies":[{"name":"wp","href":"https:\/\/api.w.org\/{rel}","templated":true}]}}