{"id":112022,"date":"2025-05-19T15:02:03","date_gmt":"2025-05-19T15:02:03","guid":{"rendered":"https:\/\/www.europesays.com\/fr\/112022\/"},"modified":"2025-05-19T15:02:03","modified_gmt":"2025-05-19T15:02:03","slug":"classement-des-lycees-2025-les-meilleurs-etablissements-de-france","status":"publish","type":"post","link":"https:\/\/www.europesays.com\/fr\/112022\/","title":{"rendered":"Classement des lyc\u00e9es 2025 : les meilleurs \u00e9tablissements de France ?"},"content":{"rendered":"<p><img loading=\"lazy\" decoding=\"async\" alt=\"Shutterstock - L'accompagnement des \u00e9l\u00e8ves est aussi un crit\u00e8re \u00e0 prendre en compte pour choisir un bon lyc\u00e9e.\" data-zoom-src=\"https:\/\/www.europesays.com\/fr\/wp-content\/uploads\/2025\/05\/initial-lycees-classement-2025.jpg\" data-zoomable=\"\" height=\"702\" src=\"https:\/\/www.europesays.com\/fr\/wp-content\/uploads\/2025\/05\/initial-lycees-classement-2025.jpg\" width=\"1248\"\/>  <\/p>\n<p class=\"article-desc\">Shutterstock &#8211; L&rsquo;accompagnement des \u00e9l\u00e8ves est aussi un crit\u00e8re \u00e0 prendre en compte pour choisir un bon lyc\u00e9e. <\/p>\n<p>Il n\u2019est pas toujours \u00e9vident de d\u00e9terminer ce qui d\u00e9finit un bon lyc\u00e9e. Si le crit\u00e8re de r\u00e9ussite au bac est souvent pris en compte dans les classements, la plateforme d\u2019orientation post-bac Diplomeo a publi\u00e9 un classement des lyc\u00e9es g\u00e9n\u00e9raux et technologiques en France, bas\u00e9 sur <strong>l\u2019accompagnement des \u00e9l\u00e8ves vers l\u2019obtention du bac et sur l\u2019ouverture sociale<\/strong>.\u00a0 <\/p>\n<p> Des crit\u00e8res in\u00e9dits pour juger la performance des lyc\u00e9es <\/p>\n<p>Ainsi, dans son \u00e9tude, Diplomeo n\u2019a pas pris en compte uniquement le taux de r\u00e9ussite. La plateforme a voulu analyser la <strong>capacit\u00e9 des lyc\u00e9es \u00e0 accompagner l\u2019ensemble des \u00e9l\u00e8ves,<\/strong> ceux qui rencontrent des <strong>difficult\u00e9s scolaires<\/strong> et\/ou ceux qui viennent de <strong>milieux d\u00e9favoris\u00e9s.\u00a0<\/strong> <\/p>\n<p>Le palmar\u00e8s prend en compte les donn\u00e9es publiques de l\u2019\u00c9ducation nationale : l\u2019<a href=\"https:\/\/data.education.gouv.fr\/explore\/dataset\/fr-en-indicateurs-de-resultat-des-lycees-gt_v2\/table\/?disjunctive.uai&amp;disjunctive.secteur&amp;disjunctive.libelle_commune&amp;disjunctive.libelle_departement&amp;disjunctive.libelle_academie&amp;disjunctive.libelle_region&amp;sort=num_ligne\" rel=\"nofollow noopener\" target=\"_blank\">IVAL<\/a> (Indicateur de valeur ajout\u00e9e des lyc\u00e9es) et l\u2019<a href=\"https:\/\/data.education.gouv.fr\/explore\/dataset\/fr-en-ips-lycees-ap2023\/table\/?sort=-num_ligne\" rel=\"nofollow noopener\" target=\"_blank\">IPS<\/a> (l\u2019Indice de position sociale). Ensuite, Diplomeo a \u00e9tabli son classement sur sept indicateurs : <\/p>\n<ul>\n<li>\n<p>la valeur ajout\u00e9e du taux de r\u00e9ussite au bac ; <\/p>\n<\/li>\n<li>\n<p>la valeur ajout\u00e9e du taux de mention au bac ; <\/p>\n<\/li>\n<li>\n<p>la valeur ajout\u00e9e du taux d&rsquo;acc\u00e8s en terminale ; <\/p>\n<\/li>\n<li>\n<p>le taux de mention au bac ; <\/p>\n<\/li>\n<li>\n<p>le taux de r\u00e9ussite au bac ; <\/p>\n<\/li>\n<li>\n<p>le taux d&rsquo;acc\u00e8s en terminale ; <\/p>\n<\/li>\n<li>\n<p>l\u2019IPS.\u00a0 <\/p>\n<\/li>\n<\/ul>\n<p> Le top 25 des meilleurs lyc\u00e9es g\u00e9n\u00e9raux et technologiques de France en 2025 <\/p>\n<p>Ce classement montre la performance des<strong> lyc\u00e9es du sud de la France et de la Bretagne<\/strong>. L\u2019\u00e9tude met en \u00e9vidence \u00e9galement une<strong> majorit\u00e9 d\u2019\u00e9tablissements priv\u00e9s de r\u00e9gion<\/strong>. Comme le souligne Diplomeo, ces lyc\u00e9es proposent des <strong>frais de scolarit\u00e9 moins \u00e9lev\u00e9s<\/strong> et attirent des profils plus diversifi\u00e9s.\u00a0<\/p>\n<p>Certains<strong> lyc\u00e9es des quartiers d\u00e9favoris\u00e9s <\/strong>sont tr\u00e8s bien plac\u00e9s comme le lyc\u00e9e Notre-Dame-de-la-Viste situ\u00e9 dans les quartiers nord de Marseille, qui arrive en t\u00eate du classement.\u00a0 <\/p>\n<p>\u00a0Il est \u00e9galement important de noter la pr\u00e9sence de nombreux \u00e9tablissements dans les petites villes.\u00a0Ce qui montre qu\u2019<strong>avec des effectifs r\u00e9duits et un accompagnement personnalis\u00e9, n\u2019importe quel \u00e9l\u00e8ve est capable de d\u00e9crocher son bac avec mentions.<\/strong> <\/p>\n<tr style=\"height:50.5pt\">\n<td>\n<p>Rang <\/p>\n<\/td>\n<td>\n<p>\u00c9tablissement <\/p>\n<\/td>\n<td>\n<p>Ville <\/p>\n<\/td>\n<td>\n<p>Secteur <\/p>\n<\/td>\n<\/tr>\n<tr style=\"height:50.5pt\">\n<td>\n<p>1 <\/p>\n<\/td>\n<td>\n<p>Lyc\u00e9e Notre-Dame-De-La-Viste <\/p>\n<\/td>\n<td>\n<p>Marseille 15e (13) <\/p>\n<\/td>\n<td>\n<p>priv\u00e9 <\/p>\n<\/td>\n<\/tr>\n<tr style=\"height:50.5pt\">\n<td>\n<p>2 <\/p>\n<\/td>\n<td>\n<p>Lyc\u00e9e St-Esprit <\/p>\n<\/td>\n<td>\n<p>Landivisiau (29) <\/p>\n<\/td>\n<td>\n<p>priv\u00e9 <\/p>\n<\/td>\n<\/tr>\n<tr style=\"height:50.5pt\">\n<td>\n<p>3 <\/p>\n<\/td>\n<td>\n<p>Lyc\u00e9e St-Louis <\/p>\n<\/td>\n<td>\n<p>Ch\u00e2teaulin (29) <\/p>\n<\/td>\n<td>\n<p>priv\u00e9 <\/p>\n<\/td>\n<\/tr>\n<tr style=\"height:50.5pt\">\n<td>\n<p>4 <\/p>\n<\/td>\n<td>\n<p>Lyc\u00e9e Saint-Blaise <\/p>\n<\/td>\n<td>\n<p>Douarnenez (29) <\/p>\n<\/td>\n<td>\n<p>priv\u00e9 <\/p>\n<\/td>\n<\/tr>\n<tr style=\"height:50.5pt\">\n<td>\n<p>5 <\/p>\n<\/td>\n<td>\n<p>Lyc\u00e9e Sainte-Marie <\/p>\n<\/td>\n<td>\n<p>Stains (93) <\/p>\n<\/td>\n<td>\n<p>priv\u00e9 <\/p>\n<\/td>\n<\/tr>\n<tr style=\"height:50.5pt\">\n<td>\n<p>6 <\/p>\n<\/td>\n<td>\n<p>Lyc\u00e9e Sainte-Chr\u00e9tienne <\/p>\n<\/td>\n<td>\n<p>Sarreguemines (57) <\/p>\n<\/td>\n<td>\n<p>priv\u00e9 <\/p>\n<\/td>\n<\/tr>\n<tr style=\"height:50.5pt\">\n<td>\n<p>7 <\/p>\n<\/td>\n<td>\n<p>Lyc\u00e9e Charles De Foucauld <\/p>\n<\/td>\n<td>\n<p>Paris 18e (75) <\/p>\n<\/td>\n<td>\n<p>priv\u00e9 <\/p>\n<\/td>\n<\/tr>\n<tr style=\"height:50.5pt\">\n<td>\n<p>8 <\/p>\n<\/td>\n<td>\n<p>Lyc\u00e9e Stendhal <\/p>\n<\/td>\n<td>\n<p>Aiguillon (47) <\/p>\n<\/td>\n<td>\n<p>public <\/p>\n<\/td>\n<\/tr>\n<tr style=\"height:50.5pt\">\n<td>\n<p>9 <\/p>\n<\/td>\n<td>\n<p>Lyc\u00e9e St-Joseph <\/p>\n<\/td>\n<td>\n<p>Lamballe (22) <\/p>\n<\/td>\n<td>\n<p>priv\u00e9 <\/p>\n<\/td>\n<\/tr>\n<tr style=\"height:50.5pt\">\n<td>\n<p>10 <\/p>\n<\/td>\n<td>\n<p>Lyc\u00e9e Ferdinand Fabre <\/p>\n<\/td>\n<td>\n<p>B\u00e9darieux (34) <\/p>\n<\/td>\n<td>\n<p>public <\/p>\n<\/td>\n<\/tr>\n<tr style=\"height:50.5pt\">\n<td>\n<p>11 <\/p>\n<\/td>\n<td>\n<p>Lyc\u00e9e Fr\u00e9d\u00e9ric Kirschleger <\/p>\n<\/td>\n<td>\n<p>Munster (68) <\/p>\n<\/td>\n<td>\n<p>public <\/p>\n<\/td>\n<\/tr>\n<tr style=\"height:50.5pt\">\n<td>\n<p>12 <\/p>\n<\/td>\n<td>\n<p>Lyc\u00e9e de Tour Sainte <\/p>\n<\/td>\n<td>\n<p>Marseille 14e (13) <\/p>\n<\/td>\n<td>\n<p>priv\u00e9 <\/p>\n<\/td>\n<\/tr>\n<tr style=\"height:50.5pt\">\n<td>\n<p>13 <\/p>\n<\/td>\n<td>\n<p>Lyc\u00e9e St Gabriel <\/p>\n<\/td>\n<td>\n<p>Pont l&rsquo;Abb\u00e9 (29) <\/p>\n<\/td>\n<td>\n<p>priv\u00e9 <\/p>\n<\/td>\n<\/tr>\n<tr style=\"height:50.5pt\">\n<td>\n<p>14 <\/p>\n<\/td>\n<td>\n<p>Lyc\u00e9e Saint-Joseph-La-Salle <\/p>\n<\/td>\n<td>\n<p>Pantin (93) <\/p>\n<\/td>\n<td>\n<p>priv\u00e9 <\/p>\n<\/td>\n<\/tr>\n<tr style=\"height:50.5pt\">\n<td>\n<p>15 <\/p>\n<\/td>\n<td>\n<p>Lyc\u00e9e St-Charles Camas <\/p>\n<\/td>\n<td>\n<p>Marseille 5e (13) <\/p>\n<\/td>\n<td>\n<p>priv\u00e9 <\/p>\n<\/td>\n<\/tr>\n<tr style=\"height:50.5pt\">\n<td>\n<p>16 <\/p>\n<\/td>\n<td>\n<p>Lyc\u00e9e La Croix Rouge La Salle <\/p>\n<\/td>\n<td>\n<p>Brest (29) <\/p>\n<\/td>\n<td>\n<p>priv\u00e9 <\/p>\n<\/td>\n<\/tr>\n<tr style=\"height:50.5pt\">\n<td>\n<p>17 <\/p>\n<\/td>\n<td>\n<p>Lyc\u00e9e \u00c9cole Libre Sainte-Anne <\/p>\n<\/td>\n<td>\n<p>Strasbourg (67) <\/p>\n<\/td>\n<td>\n<p>priv\u00e9 <\/p>\n<\/td>\n<\/tr>\n<tr style=\"height:50.5pt\">\n<td>\n<p>18 <\/p>\n<\/td>\n<td>\n<p>Lyc\u00e9e Alliance <\/p>\n<\/td>\n<td>\n<p>Les Pavillons-Sous-Bois (93) <\/p>\n<\/td>\n<td>\n<p>priv\u00e9 <\/p>\n<\/td>\n<\/tr>\n<tr style=\"height:50.5pt\">\n<td>\n<p>19 <\/p>\n<\/td>\n<td>\n<p>Lyc\u00e9e Saint-Joseph <\/p>\n<\/td>\n<td>\n<p>Fontaine Les Vervins (02) <\/p>\n<\/td>\n<td>\n<p>priv\u00e9 <\/p>\n<\/td>\n<\/tr>\n<tr style=\"height:50.5pt\">\n<td>\n<p>20 <\/p>\n<\/td>\n<td>\n<p>Lyc\u00e9e St Sauveur <\/p>\n<\/td>\n<td>\n<p>Redon (35) <\/p>\n<\/td>\n<td>\n<p>priv\u00e9 <\/p>\n<\/td>\n<\/tr>\n<tr style=\"height:50.5pt\">\n<td>\n<p>21 <\/p>\n<\/td>\n<td>\n<p>Lyc\u00e9e Sacr\u00e9-C\u0153ur <\/p>\n<\/td>\n<td>\n<p>Rouen (76) <\/p>\n<\/td>\n<td>\n<p>priv\u00e9 <\/p>\n<\/td>\n<\/tr>\n<tr style=\"height:50.5pt\">\n<td>\n<p>22 <\/p>\n<\/td>\n<td>\n<p>Lyc\u00e9e Sainte Anne <\/p>\n<\/td>\n<td>\n<p>Verdun (55) <\/p>\n<\/td>\n<td>\n<p>priv\u00e9 <\/p>\n<\/td>\n<\/tr>\n<tr style=\"height:50.5pt\">\n<td>\n<p>23 <\/p>\n<\/td>\n<td>\n<p>Lyc\u00e9e Notre-Dame De La Tourteli\u00e8re <\/p>\n<\/td>\n<td>\n<p>Pouzauges (85) <\/p>\n<\/td>\n<td>\n<p>priv\u00e9 <\/p>\n<\/td>\n<\/tr>\n<tr style=\"height:50.5pt\">\n<td>\n<p>24 <\/p>\n<\/td>\n<td>\n<p>Lyc\u00e9e Ort Leon Bramson <\/p>\n<\/td>\n<td>\n<p>Marseille 10e (13) <\/p>\n<\/td>\n<td>\n<p>priv\u00e9 <\/p>\n<\/td>\n<\/tr>\n<tr style=\"height:50.5pt\">\n<td>\n<p>25 <\/p>\n<\/td>\n<td>\n<p>Lyc\u00e9e Du Diois <\/p>\n<\/td>\n<td>\n<p>Die (26) <\/p>\n<\/td>\n<td>\n<p>public <\/p>\n<\/td>\n<\/tr>\n","protected":false},"excerpt":{"rendered":"Shutterstock &#8211; L&rsquo;accompagnement des \u00e9l\u00e8ves est aussi un crit\u00e8re \u00e0 prendre en compte pour choisir un bon lyc\u00e9e.&hellip;\n","protected":false},"author":2,"featured_media":112023,"comment_status":"","ping_status":"","sticky":false,"template":"","format":"standard","meta":{"footnotes":""},"categories":[4],"tags":[11,1981,23143,1011,27,23142,12,25],"class_list":{"0":"post-112022","1":"post","2":"type-post","3":"status-publish","4":"format-standard","5":"has-post-thumbnail","7":"category-france","8":"tag-actualites","9":"tag-classement","10":"tag-diplomeo","11":"tag-fr","12":"tag-france","13":"tag-lycu00e9es","14":"tag-news","15":"tag-republique-francaise"},"share_on_mastodon":{"url":"https:\/\/pubeurope.com\/@fr\/114535107342510348","error":""},"_links":{"self":[{"href":"https:\/\/www.europesays.com\/fr\/wp-json\/wp\/v2\/posts\/112022","targetHints":{"allow":["GET"]}}],"collection":[{"href":"https:\/\/www.europesays.com\/fr\/wp-json\/wp\/v2\/posts"}],"about":[{"href":"https:\/\/www.europesays.com\/fr\/wp-json\/wp\/v2\/types\/post"}],"author":[{"embeddable":true,"href":"https:\/\/www.europesays.com\/fr\/wp-json\/wp\/v2\/users\/2"}],"replies":[{"embeddable":true,"href":"https:\/\/www.europesays.com\/fr\/wp-json\/wp\/v2\/comments?post=112022"}],"version-history":[{"count":0,"href":"https:\/\/www.europesays.com\/fr\/wp-json\/wp\/v2\/posts\/112022\/revisions"}],"wp:featuredmedia":[{"embeddable":true,"href":"https:\/\/www.europesays.com\/fr\/wp-json\/wp\/v2\/media\/112023"}],"wp:attachment":[{"href":"https:\/\/www.europesays.com\/fr\/wp-json\/wp\/v2\/media?parent=112022"}],"wp:term":[{"taxonomy":"category","embeddable":true,"href":"https:\/\/www.europesays.com\/fr\/wp-json\/wp\/v2\/categories?post=112022"},{"taxonomy":"post_tag","embeddable":true,"href":"https:\/\/www.europesays.com\/fr\/wp-json\/wp\/v2\/tags?post=112022"}],"curies":[{"name":"wp","href":"https:\/\/api.w.org\/{rel}","templated":true}]}}