{"id":112026,"date":"2025-05-19T15:04:08","date_gmt":"2025-05-19T15:04:08","guid":{"rendered":"https:\/\/www.europesays.com\/fr\/112026\/"},"modified":"2025-05-19T15:04:08","modified_gmt":"2025-05-19T15:04:08","slug":"ils-seront-six-tourangeaux-a-defendre-leur-titre-de-champion-lan-prochain","status":"publish","type":"post","link":"https:\/\/www.europesays.com\/fr\/112026\/","title":{"rendered":"ils seront six Tourangeaux \u00e0 d\u00e9fendre leur titre de champion l\u2019an prochain"},"content":{"rendered":"<p>Les Tourangeaux ont c\u00e9l\u00e9br\u00e9 ensemble une derni\u00e8re fois. Et quelle derni\u00e8re fois, avec ce troph\u00e9e de la MSL brandi devant leur public de Grenon\u00a0! Ce succ\u00e8s face \u00e0 Poitiers (1-3 \u00e0 l\u2019aller, <a target=\"_self\" href=\"https:\/\/www.lanouvellerepublique.fr\/poitiers\/msl-le-sacre-pour-tours-la-fierte-de-poitiers-1747520021\" rel=\"nofollow noopener\">3-0 au retour<\/a>), ce titre de champion de France, restera comme l\u2019apoth\u00e9ose d\u2019une saison o\u00f9 le TVB sera pass\u00e9 par toutes les \u00e9motions, o\u00f9 les joueurs tourangeaux auront tout connu.<\/p>\n<p>Mais l\u2019histoire s\u2019arr\u00eate donc l\u00e0. \u00c0 ce 17\u00a0mai 2025 m\u00e9morable. Comme chaque ann\u00e9e, le groupe va se disloquer et chacun reprendra le fil de sa carri\u00e8re. Certains la poursuivront \u00e0 Tours, d\u2019autres ailleurs. Le point sur ceux qui restent et ceux qui partent.<\/p>\n<p>Ils restent<\/p>\n<p>Zeljko Coric et Leandro Aracaju, arriv\u00e9s ensemble au TVB en 2020, seront toujours les pierres angulaires du projet 2025-2026. Tout comme Luca Ramon qui s\u2019est impos\u00e9 comme le patron de la d\u00e9fense, et l\u2019un des tout meilleurs liberos fran\u00e7ais, ce qu\u2019il devrait pouvoir d\u00e9montrer en int\u00e9grant l\u2019\u00e9quipe de France avec la VNL en ligne de mire.<\/p>\n<p>La stabilit\u00e9 sera de mise au centre avec, outre Aracaju, Guilherme Voss qui reste. Une \u00e9vidence si l\u2019on consid\u00e8re qu\u2019il a, comme pr\u00e9dit par Thomas Royer \u00e0 l\u2019intersaison, \u00ab\u00a0apport\u00e9 sa grinta br\u00e9silienne et son pragmatisme am\u00e9ricain\u00a0\u00bb tout en \u00ab\u00a0bousculant la hi\u00e9rarchie\u00a0\u00bb, comme l\u2019avait aussi imagin\u00e9 Fran\u00e7ois Bruneau, le pr\u00e9sident tourangeau. Michael Marshman, qui lui a r\u00e9trograd\u00e9 dans cette hi\u00e9rarchie, a \u00e9galement choisi de rester. N\u00e9anmoins, la porte demeure ouverte car le TVB est bien conscient que la place de 3e\u00a0ne collera pas tout \u00e0 fait \u00e0 ses ambitions initiales\u2026<\/p>\n<p>Enfin, et cela le club l\u2019a annonc\u00e9 depuis d\u00e9cembre, Alexandre Strehlau a \u00e9t\u00e9 prolong\u00e9 jusqu\u2019en 2027. Et il prendra forc\u00e9ment du galon, lui qui a termin\u00e9 la saison en titulaire affirm\u00e9.<\/p>\n<p>Ils partent<\/p>\n<p>\u00c0 partir du moment o\u00f9 le Tours\u00a0VB a annonc\u00e9, fin avril, <a target=\"_self\" href=\"https:\/\/www.lanouvellerepublique.fr\/poitiers\/volley-ball-le-tvb-enrole-la-pepite-mujanovic-pour-la-saison-prochaine-1745853487\" rel=\"nofollow noopener\">l\u2019arriv\u00e9e de Nik Mujanovic<\/a> \u00e0 la pointe, il n\u2019y a gu\u00e8re de surprise du c\u00f4t\u00e9 des joueurs sur le d\u00e9part. Au premier rang desquels, donc, Ryan Sclater. <a target=\"_self\" href=\"https:\/\/www.lanouvellerepublique.fr\/tours\/coupe-cev-pothron-et-le-tours-volley-ball-veulent-kiffer-leur-demi-finale-europeenne-1741543082\" rel=\"nofollow noopener\">Antoine Pothron<\/a> va relever le challenge de la Pologne et de Belchat\u00f3w, comme il l\u2019a confirm\u00e9 d\u00e8s le mois de mars.<\/p>\n<p>Le poste de r\u00e9ceptionneur-attaquant va conna\u00eetre un large renouvellement. Malmen\u00e9 pendant l\u2019essentiel de la saison, entre blessures et deuil familial, <a target=\"_self\" href=\"https:\/\/www.lanouvellerepublique.fr\/tours\/msl-cette-demi-finale-aura-donc-ete-le-moment-de-roland-gergye-1746538341\" rel=\"nofollow noopener\">Roland Gergye a su se montrer d\u00e9cisif \u00e0 la fin<\/a>. Mais au regard de l\u2019importance qu\u2019il aurait d\u00fb prendre et qu\u2019il a finalement eue, il est logique que le TVB ait fait le choix de ne pas poursuivre avec le Hongrois qui va partir en Italie\u00a0: il est en effet annonc\u00e9 en Serie\u00a0A, a priori chez le promu Cuneo.<\/p>\n<p>Gonzalo Quiroga ne sera, lui aussi, rest\u00e9 qu\u2019une saison en Touraine. S\u2019il a \u00e9t\u00e9 souvent titulaire, au gr\u00e9 des \u00e9v\u00e9nements qui ont \u00e9maill\u00e9 cette saison, l\u2019Argentin n\u2019est pas parvenu \u00e0 \u00e9lever son\u00a0niveau, \u00e0 peser autant qu\u2019attendu. Il devrait retrouver le championnat polonais. Idem pour <a target=\"_self\" href=\"https:\/\/www.lanouvellerepublique.fr\/tours\/msl-une-double-dose-de-bonheur-pour-wiktor-rasjner-1747575029\" rel=\"nofollow noopener\">Wiktor Rajsner qui a fini, dans l\u2019all\u00e9gresse, sa pige en Touraine<\/a> et qui a confirm\u00e9 son retour en Pologne.<\/p>\n<p>Enfin, c\u2019est la fin de l\u2019aventure commune pour le jeune duo venu de Narbonne Faganas et Gabin qui auront donc achev\u00e9 sur un titre de champions leur apprentissage du haut niveau avec le TVB.<\/p>\n<p>Reste \u00e0 conna\u00eetre maintenant les pi\u00e8ces qui viendront s\u2019ajouter au puzzle 2025-2026.<\/p>\n","protected":false},"excerpt":{"rendered":"Les Tourangeaux ont c\u00e9l\u00e9br\u00e9 ensemble une derni\u00e8re fois. Et quelle derni\u00e8re fois, avec ce troph\u00e9e de la MSL&hellip;\n","protected":false},"author":2,"featured_media":112027,"comment_status":"","ping_status":"","sticky":false,"template":"","format":"standard","meta":{"footnotes":""},"categories":[1417],"tags":[1011,27,1387,1655,60,1390,1471,2767,1470,1469],"class_list":{"0":"post-112026","1":"post","2":"type-post","3":"status-publish","4":"format-standard","5":"has-post-thumbnail","7":"category-volley","8":"tag-fr","9":"tag-france","10":"tag-indre-et-loire","11":"tag-ligue-a","12":"tag-sports","13":"tag-tours","14":"tag-tours-volley-ball","15":"tag-tvb-37","16":"tag-volley","17":"tag-volleyball"},"share_on_mastodon":{"url":"https:\/\/pubeurope.com\/@fr\/114535115256236401","error":""},"_links":{"self":[{"href":"https:\/\/www.europesays.com\/fr\/wp-json\/wp\/v2\/posts\/112026","targetHints":{"allow":["GET"]}}],"collection":[{"href":"https:\/\/www.europesays.com\/fr\/wp-json\/wp\/v2\/posts"}],"about":[{"href":"https:\/\/www.europesays.com\/fr\/wp-json\/wp\/v2\/types\/post"}],"author":[{"embeddable":true,"href":"https:\/\/www.europesays.com\/fr\/wp-json\/wp\/v2\/users\/2"}],"replies":[{"embeddable":true,"href":"https:\/\/www.europesays.com\/fr\/wp-json\/wp\/v2\/comments?post=112026"}],"version-history":[{"count":0,"href":"https:\/\/www.europesays.com\/fr\/wp-json\/wp\/v2\/posts\/112026\/revisions"}],"wp:featuredmedia":[{"embeddable":true,"href":"https:\/\/www.europesays.com\/fr\/wp-json\/wp\/v2\/media\/112027"}],"wp:attachment":[{"href":"https:\/\/www.europesays.com\/fr\/wp-json\/wp\/v2\/media?parent=112026"}],"wp:term":[{"taxonomy":"category","embeddable":true,"href":"https:\/\/www.europesays.com\/fr\/wp-json\/wp\/v2\/categories?post=112026"},{"taxonomy":"post_tag","embeddable":true,"href":"https:\/\/www.europesays.com\/fr\/wp-json\/wp\/v2\/tags?post=112026"}],"curies":[{"name":"wp","href":"https:\/\/api.w.org\/{rel}","templated":true}]}}