{"id":1120299,"date":"2026-08-11T07:22:26","date_gmt":"2026-08-11T07:22:26","guid":{"rendered":"https:\/\/www.europesays.com\/fr\/1120299\/"},"modified":"2026-08-11T07:22:26","modified_gmt":"2026-08-11T07:22:26","slug":"top-14-vannes-devrait-delocaliser-deux-rencontres-a-rennes-et-nantes","status":"publish","type":"post","link":"https:\/\/www.europesays.com\/fr\/1120299\/","title":{"rendered":"Top 14 : Vannes devrait d\u00e9localiser deux rencontres \u00e0 Rennes et Nantes"},"content":{"rendered":"<p>\n    Le promu breton souhaite recevoir Toulouse et l\u2019UBB dans des stades plus grands.<\/p>\n<p class=\"fig-paragraph\">L\u2019information est\u00a0<a href=\"https:\/\/www.rugbyrama.fr\/2026\/08\/10\/top-14-vannes-deux-delocalisations-a-letude-dont-une-reception-du-stade-toulousain-au-roazhon-park-de-rennes-13503514.php\" target=\"_blank\" rel=\"nofollow noopener\" data-gtm-custom-categorie=\"navigation\" data-gtm-custom-action=\"crossclick\" data-gtm-custom-label=\"Contextuel\" data-gtm-event=\"customEventSPE\">r\u00e9v\u00e9l\u00e9e par Midi Olympique<\/a>. Le RC\u00a0<a href=\"http:\/\/www.lefigaro.fr\/sports\/rugby\/pro-d2-en-chiffres-la-fabuleuse-saison-du-rc-vannes-en-route-vers-la-remontee-dans-l-elite-20260422\" data-fig-type=\"NewsFlash\" data-gtm-custom-categorie=\"navigation\" data-gtm-custom-action=\"crossclick\" data-gtm-custom-label=\"Contextuel\" data-gtm-event=\"customEventSPE\" data-fig-domain=\"LEFIGARO\" rel=\"nofollow noopener\" target=\"_blank\">Vannes, de retour en Top 14\u00a0<\/a>apr\u00e8s un aller-retour en Pro D2, souhaite profiter de l\u2019engouement autour de ses couleurs en d\u00e9localisant des rencontres dans des enceintes plus grandes que le stade de La Rabine (12.500 places), qui affiche r\u00e9guli\u00e8rement guichets ferm\u00e9s.<\/p>\n<p class=\"fig-paragraph\">Ainsi le match de la 3e journ\u00e9e de Top 14 entre le RCV et le Stade toulousain pourrait \u00eatre d\u00e9localis\u00e9 au Roazhon Park de Rennes, d\u2019une capacit\u00e9 de 30.000 places. D\u00e9j\u00e0 programm\u00e9 en prime time le samedi 19 septembre, le duel face au champion de France en titre devrait faire le plein sans mal.<\/p>\n<p>                                            <a class=\"fig-a11y-skip\" href=\"#fig-a11y-skip-main-inarticle\" is=\"fig-a11y-skip\" data-trigger-mode=\"visible-once\"><br \/>\n    Passer la publicit\u00e9<br \/>\n<\/a>            <\/p>\n<p>                                            L\u2019UBB \u00e0 la Beaujoire\u00a0?<\/p>\n<p class=\"fig-paragraph\">Le pr\u00e9sident du club breton, Olivier Cloarec, \u00e9tudie \u00e9galement la faisabilit\u00e9 de recevoir l\u2019Union Bordeaux-B\u00e8gles \u00e0 Nantes, lors de la 9e journ\u00e9e de Top 14, le week-end du 7-8 novembre. \u00abNantes et son stade de la Beaujoire de 38.000 places font partie de l\u2019histoire de la Bretagne. Cette situation g\u00e9ographique nous int\u00e9resse \u00e9videmment\u00bb, a r\u00e9cemment confi\u00e9 le dirigeant du RCV.<\/p>\n","protected":false},"excerpt":{"rendered":"Le promu breton souhaite recevoir Toulouse et l\u2019UBB dans des stades plus grands. L\u2019information est\u00a0r\u00e9v\u00e9l\u00e9e par Midi Olympique.&hellip;\n","protected":false},"author":2,"featured_media":1120300,"comment_status":"","ping_status":"","sticky":false,"template":"","format":"standard","meta":{"footnotes":"","_share_on_mastodon":"0"},"categories":[2821],"tags":[1111,11,829,1777,674,1011,27,766,12,3164,584,25],"class_list":["post-1120299","post","type-post","status-publish","format-standard","has-post-thumbnail","category-rennes","tag-actu","tag-actualites","tag-bretagne","tag-eu","tag-europe","tag-fr","tag-france","tag-nantes","tag-news","tag-rc-vannes","tag-rennes","tag-republique-francaise"],"share_on_mastodon":{"url":"https:\/\/pubeurope.com\/@fr\/117075675965772504","error":""},"_links":{"self":[{"href":"https:\/\/www.europesays.com\/fr\/wp-json\/wp\/v2\/posts\/1120299","targetHints":{"allow":["GET"]}}],"collection":[{"href":"https:\/\/www.europesays.com\/fr\/wp-json\/wp\/v2\/posts"}],"about":[{"href":"https:\/\/www.europesays.com\/fr\/wp-json\/wp\/v2\/types\/post"}],"author":[{"embeddable":true,"href":"https:\/\/www.europesays.com\/fr\/wp-json\/wp\/v2\/users\/2"}],"replies":[{"embeddable":true,"href":"https:\/\/www.europesays.com\/fr\/wp-json\/wp\/v2\/comments?post=1120299"}],"version-history":[{"count":0,"href":"https:\/\/www.europesays.com\/fr\/wp-json\/wp\/v2\/posts\/1120299\/revisions"}],"wp:featuredmedia":[{"embeddable":true,"href":"https:\/\/www.europesays.com\/fr\/wp-json\/wp\/v2\/media\/1120300"}],"wp:attachment":[{"href":"https:\/\/www.europesays.com\/fr\/wp-json\/wp\/v2\/media?parent=1120299"}],"wp:term":[{"taxonomy":"category","embeddable":true,"href":"https:\/\/www.europesays.com\/fr\/wp-json\/wp\/v2\/categories?post=1120299"},{"taxonomy":"post_tag","embeddable":true,"href":"https:\/\/www.europesays.com\/fr\/wp-json\/wp\/v2\/tags?post=1120299"}],"curies":[{"name":"wp","href":"https:\/\/api.w.org\/{rel}","templated":true}]}}