{"id":112030,"date":"2025-05-19T15:06:19","date_gmt":"2025-05-19T15:06:19","guid":{"rendered":"https:\/\/www.europesays.com\/fr\/112030\/"},"modified":"2025-05-19T15:06:19","modified_gmt":"2025-05-19T15:06:19","slug":"roland-garros-atp-hambourg-zverev-avant-de-changer-davis-cest-completement-ridicule","status":"publish","type":"post","link":"https:\/\/www.europesays.com\/fr\/112030\/","title":{"rendered":"Roland Garros, ATP &#8211; Hambourg > Zverev, avant de changer d&rsquo;avis : \u00ab\u00a0C&rsquo;est compl\u00e8tement ridicule\u00a0\u00bb"},"content":{"rendered":"<p>Alors qu\u2019il a pris la d\u00e9ci\u00adsion de jouer l\u2019ATP 500 d\u2019Hambourg cette semaine (18 au 24 mai), juste avant Roland\u2010Garros (25 mai au 8 juin), Alexander Zverev avait critiqu\u00e9 la nouvelle program\u00adma\u00adtion du tournoi, qui se d\u00e9rou\u00adlait g\u00e9n\u00e9\u00adra\u00adle\u00adment apr\u00e8s Wimbledon en juillet.<\/p>\n<p>\u00ab\u202fJ\u2019adore jouer \u00e0 Hambourg. J\u2019aimerais pouvoir y jouer chaque ann\u00e9e. Je ne sais tout simple\u00adment pas qui a eu l\u2019id\u00e9e de programmer Hambourg avant Roland\u2010Garros. C\u2019est compl\u00e8\u00adte\u00adment stupide. Je ne sais pas qui a eu cette id\u00e9e. Aucun joueur de haut niveau ou personne qui souhaite remporter Roland\u2010Garros ne peut disputer la finale \u00e0 Hambourg samedi et jouer le premier tour de Roland\u2010Garros lundi\u202f\u00bb, l\u00e2chait l\u2019Allemand dans des propos relay\u00e9s ce lundi par <a href=\"https:\/\/tennisuptodate.com\/atp\/how-stupid-can-that-be-alexander-zverev-signs-up-to-play-hamburg-open-weeks-after-openly-berating-scheduling\" data-wpel-link=\"external\" target=\"_blank\" rel=\"nofollow external noopener\">Tennis Uptodate<\/a>.<\/p>\n<p>L\u2019actuel num\u00e9ro 3 mondial a fina\u00adle\u00adment chang\u00e9 d\u2019avis et a expliqu\u00e9 son choix apr\u00e8s avoir \u00e9t\u00e9 battu en quarts de finale \u00e0 Rome par Lorenzo Musetti la semaine derni\u00e8re.<\/p>\n<p><strong>\u00ab\u202fC\u2019\u00e9tait une d\u00e9ci\u00adsion spon\u00adtan\u00e9e de venir \u00e0 Hambourg. J\u2019\u00e9tais chez moi quelques jours apr\u00e8s le tournoi de Rome, je me suis repos\u00e9, puis mon \u00e9quipe et les orga\u00adni\u00adsa\u00adteurs du tournoi ont eu des discus\u00adsions inten\u00adsives. Hier apr\u00e8s\u2010midi, c\u2019\u00e9tait clair\u00a0: je joue \u00e0 Hambourg. Je suis ici pour gagner des matchs, mais aussi pour profiter de l\u2019am\u00adbiance. Le soutien des fans compte beau\u00adcoup pour moi. Si j\u2019at\u00adteins la finale ici, c\u2019est exac\u00adte\u00adment l\u2019\u00e9mo\u00adtion que je veux emporter avec moi. J\u2019aurai deux jours pour me pr\u00e9parer pour Paris, c\u2019est suffisant.\u202f\u00bb<\/strong><\/p>\n<p class=\"post-published-date\" style=\"color: silver; font-size: 75%; text-align: left;\">Publi\u00e9 le lundi 19 mai 2025 \u00e0 15:18<\/p>\n","protected":false},"excerpt":{"rendered":"Alors qu\u2019il a pris la d\u00e9ci\u00adsion de jouer l\u2019ATP 500 d\u2019Hambourg cette semaine (18 au 24 mai), juste&hellip;\n","protected":false},"author":2,"featured_media":112031,"comment_status":"","ping_status":"","sticky":false,"template":"","format":"standard","meta":{"footnotes":""},"categories":[1415],"tags":[1011,27,60,1467,4542],"class_list":{"0":"post-112030","1":"post","2":"type-post","3":"status-publish","4":"format-standard","5":"has-post-thumbnail","7":"category-tennis","8":"tag-fr","9":"tag-france","10":"tag-sports","11":"tag-tennis","12":"tag-zverev"},"share_on_mastodon":{"url":"https:\/\/pubeurope.com\/@fr\/114535123025463160","error":""},"_links":{"self":[{"href":"https:\/\/www.europesays.com\/fr\/wp-json\/wp\/v2\/posts\/112030","targetHints":{"allow":["GET"]}}],"collection":[{"href":"https:\/\/www.europesays.com\/fr\/wp-json\/wp\/v2\/posts"}],"about":[{"href":"https:\/\/www.europesays.com\/fr\/wp-json\/wp\/v2\/types\/post"}],"author":[{"embeddable":true,"href":"https:\/\/www.europesays.com\/fr\/wp-json\/wp\/v2\/users\/2"}],"replies":[{"embeddable":true,"href":"https:\/\/www.europesays.com\/fr\/wp-json\/wp\/v2\/comments?post=112030"}],"version-history":[{"count":0,"href":"https:\/\/www.europesays.com\/fr\/wp-json\/wp\/v2\/posts\/112030\/revisions"}],"wp:featuredmedia":[{"embeddable":true,"href":"https:\/\/www.europesays.com\/fr\/wp-json\/wp\/v2\/media\/112031"}],"wp:attachment":[{"href":"https:\/\/www.europesays.com\/fr\/wp-json\/wp\/v2\/media?parent=112030"}],"wp:term":[{"taxonomy":"category","embeddable":true,"href":"https:\/\/www.europesays.com\/fr\/wp-json\/wp\/v2\/categories?post=112030"},{"taxonomy":"post_tag","embeddable":true,"href":"https:\/\/www.europesays.com\/fr\/wp-json\/wp\/v2\/tags?post=112030"}],"curies":[{"name":"wp","href":"https:\/\/api.w.org\/{rel}","templated":true}]}}