{"id":112034,"date":"2025-05-19T15:09:09","date_gmt":"2025-05-19T15:09:09","guid":{"rendered":"https:\/\/www.europesays.com\/fr\/112034\/"},"modified":"2025-05-19T15:09:09","modified_gmt":"2025-05-19T15:09:09","slug":"lauriane-nolot-sacree-championne-deurope-neuf-mois-apres-largent-aux-jo-de-paris","status":"publish","type":"post","link":"https:\/\/www.europesays.com\/fr\/112034\/","title":{"rendered":"Lauriane Nolot sacr\u00e9e championne d&rsquo;Europe, neuf mois apr\u00e8s l\u2019argent aux JO de Paris"},"content":{"rendered":"<p>De retour de blessure, la Fran\u00e7aise a obtenu, ce lundi en Turquie, son troisi\u00e8me titre europ\u00e9en dans la discipline.<\/p>\n<p class=\"fig-paragraph\">Neuf mois apr\u00e8s sa m\u00e9daille d&rsquo;argent aux Jeux olympiques,<a href=\"http:\/\/www.lefigaro.fr\/sports\/jeux-olympiques\/jo-paris-2024-en-kite-foil-pour-lauriane-nolot-l-argent-ne-fait-pas-le-bonheur-20240808\" target=\"_blank\" data-fig-type=\"Article\" rel=\"noopener\" data-gtm-custom-categorie=\"navigation\" data-gtm-custom-action=\"crossclick\" data-gtm-custom-label=\"Contextuel\" data-gtm-event=\"customEventSPE\" data-fig-domain=\"LEFIGARO\">\u00a0la Fran\u00e7aise Lauriane Nolot<\/a>, tout juste de retour de blessure, a obtenu lundi son troisi\u00e8me titre europ\u00e9en en kitefoil \u00e0 Urla en Turquie.<\/p>\n<p class=\"fig-paragraph\">D\u00e9j\u00e0 premi\u00e8re des qualifications, la Varoise de 26 ans s&rsquo;est impos\u00e9e lors des phases finales, devant la Britannique Lily Young et la jeune Lysa Caval, autre membre de la d\u00e9l\u00e9gation tricolore. Vice-championne olympique sur le plan d&rsquo;eau de Marseille l&rsquo;\u00e9t\u00e9 dernier, Nolot \u00e9tait revenue \u00e0 la comp\u00e9tition fin avril seulement apr\u00e8s une grave fracture au pied droit contract\u00e9e au lendemain de la c\u00e9r\u00e9monie de cl\u00f4ture.<\/p>\n<p class=\"fig-paragraph\">\u00abAu d\u00e9but, j&rsquo;\u00e9tais d\u00e9\u00e7ue de ma m\u00e9daille d&rsquo;argent mais j&rsquo;ai rapidement r\u00e9ussi \u00e0 passer \u00e0 autre chose. Aujourd&rsquo;hui, ce qui me motive vraiment, c&rsquo;est de viser l&rsquo;or olympique \u00e0 Los Angeles\u00bb, a-t-elle expliqu\u00e9 \u00e0 l&rsquo;AFP il y a quelques semaines.<\/p>\n<p class=\"fig-paragraph\">La Fran\u00e7aise poss\u00e8de l&rsquo;un des plus beaux palmar\u00e8s de cette discipline spectaculaire, qui a fait son entr\u00e9e aux JO l&rsquo;\u00e9t\u00e9 dernier, avec d\u00e9j\u00e0 deux titres de championne du monde (2023, 2024) et d\u00e9sormais trois titres europ\u00e9ens (2022, 2024, 2025).<\/p>\n<p class=\"fig-paragraph\">Chez les hommes, Benoit Gomez et Axel Mazella, les deux Fran\u00e7ais les mieux class\u00e9s, ont termin\u00e9 respectivement 6e et 10e des Championnats d&rsquo;Europe, loin derri\u00e8re le Singapourien Maximilian Maeder, vainqueur.<\/p>\n","protected":false},"excerpt":{"rendered":"De retour de blessure, la Fran\u00e7aise a obtenu, ce lundi en Turquie, son troisi\u00e8me titre europ\u00e9en dans la&hellip;\n","protected":false},"author":2,"featured_media":112035,"comment_status":"","ping_status":"","sticky":false,"template":"","format":"standard","meta":{"footnotes":""},"categories":[1412],"tags":[23147,23152,23149,1451,1452,1453,1454,1455,1011,27,23148,23145,23151,23150,23144,60,23146,10887],"class_list":{"0":"post-112034","1":"post","2":"type-post","3":"status-publish","4":"format-standard","5":"has-post-thumbnail","7":"category-f1","8":"tag-coupe-de-lamerique","9":"tag-equipage","10":"tag-europa-race","11":"tag-f1","12":"tag-formula-1","13":"tag-formula1","14":"tag-formule-1","15":"tag-formule1","16":"tag-fr","17":"tag-france","18":"tag-jacques-vabre","19":"tag-la-solitaire","20":"tag-monocoque","21":"tag-multicoques","22":"tag-route-du-rhum","23":"tag-sports","24":"tag-vendee-globe","25":"tag-voile"},"share_on_mastodon":{"url":"https:\/\/pubeurope.com\/@fr\/114535134891074347","error":""},"_links":{"self":[{"href":"https:\/\/www.europesays.com\/fr\/wp-json\/wp\/v2\/posts\/112034","targetHints":{"allow":["GET"]}}],"collection":[{"href":"https:\/\/www.europesays.com\/fr\/wp-json\/wp\/v2\/posts"}],"about":[{"href":"https:\/\/www.europesays.com\/fr\/wp-json\/wp\/v2\/types\/post"}],"author":[{"embeddable":true,"href":"https:\/\/www.europesays.com\/fr\/wp-json\/wp\/v2\/users\/2"}],"replies":[{"embeddable":true,"href":"https:\/\/www.europesays.com\/fr\/wp-json\/wp\/v2\/comments?post=112034"}],"version-history":[{"count":0,"href":"https:\/\/www.europesays.com\/fr\/wp-json\/wp\/v2\/posts\/112034\/revisions"}],"wp:featuredmedia":[{"embeddable":true,"href":"https:\/\/www.europesays.com\/fr\/wp-json\/wp\/v2\/media\/112035"}],"wp:attachment":[{"href":"https:\/\/www.europesays.com\/fr\/wp-json\/wp\/v2\/media?parent=112034"}],"wp:term":[{"taxonomy":"category","embeddable":true,"href":"https:\/\/www.europesays.com\/fr\/wp-json\/wp\/v2\/categories?post=112034"},{"taxonomy":"post_tag","embeddable":true,"href":"https:\/\/www.europesays.com\/fr\/wp-json\/wp\/v2\/tags?post=112034"}],"curies":[{"name":"wp","href":"https:\/\/api.w.org\/{rel}","templated":true}]}}