{"id":1120400,"date":"2026-08-11T08:36:15","date_gmt":"2026-08-11T08:36:15","guid":{"rendered":"https:\/\/www.europesays.com\/fr\/1120400\/"},"modified":"2026-08-11T08:36:15","modified_gmt":"2026-08-11T08:36:15","slug":"meteo-quel-temps-est-il-prevu-a-vandoeuvre-les-nancy-et-ses-environs-le-dimanche-9-aout-2026","status":"publish","type":"post","link":"https:\/\/www.europesays.com\/fr\/1120400\/","title":{"rendered":"M\u00e9t\u00e9o. Quel temps est-il pr\u00e9vu \u00e0 Vand\u0153uvre-l\u00e8s-Nancy et ses environs le dimanche 9 ao\u00fbt 2026 ?"},"content":{"rendered":"<p data-ofstats-scroll=\"read_depth_20\">La matin\u00e9e d\u00e9butera sous un voile de nuages \u00e9lev\u00e9s, avec des temp\u00e9ratures d\u00e9j\u00e0 douces autour de 23 \u00e0 24 \u00b0C. Elles augmenteront pour atteindre environ 29 \u00b0C en fin de matin\u00e9e, pr\u00e9parant une journ\u00e9e chaude. Le vent restera faible, proche de 5 km\/h, avec des rafales passant de 10 \u00e0 15 km\/h, tandis que sa provenance \u00e9voluera du Sud-Sud-Ouest vers le Sud puis le Sud-Ouest. L\u2019humidit\u00e9 reculera et le ciel deviendra couvert vers 11 h, annon\u00e7ant la suite de la journ\u00e9e.<\/p>\n<p data-ofstats-scroll=\"read_depth_40\">L\u2019apr\u00e8s-midi sera chaude, avec des temp\u00e9ratures se maintenant autour de 30 \u00e0 32 \u00b0C et un l\u00e9ger pic en milieu de p\u00e9riode dans la continuit\u00e9 du r\u00e9chauffement matinal. Le ciel restera couvert, \u00e0 l\u2019exception d\u2019une phase plus d\u00e9gag\u00e9e vers le milieu d\u2019apr\u00e8s-midi. Le vent tournera de l\u2019Ouest-Sud-Ouest vers le Nord-Nord-Ouest puis le Nord, soufflant le plus souvent \u00e0 10 km\/h, avec des rafales pouvant atteindre 55 km\/h. L\u2019humidit\u00e9 \u00e9voluera peu, avec une hausse en d\u00e9but d\u2019apr\u00e8s-midi.<\/p>\n<p data-ofstats-scroll=\"read_depth_50\">En soir\u00e9e, la temp\u00e9rature restera \u00e9lev\u00e9e, autour de 32 \u00b0C en d\u00e9but de p\u00e9riode, avant de diminuer pour atteindre environ 28 \u00b0C vers 23 h, prolongeant l\u2019ambiance chaude de l\u2019apr\u00e8s-midi. Le ciel, d\u2019abord clair, sera couvert par un voile de nuages \u00e9lev\u00e9s autour de 20 h, puis se d\u00e9gagera ensuite. Le vent, de secteur Nord-Ouest, basculera vers l\u2019Ouest-Nord-Ouest puis le Nord-Nord-Ouest, oscillant entre 5 et 15 km\/h, avec des rafales pouvant atteindre 30 km\/h. L\u2019humidit\u00e9 augmentera au fil des heures.<\/p>\n<p data-ofstats-scroll=\"read_depth_70\">Durant la nuit, la temp\u00e9rature restera \u00e9lev\u00e9e, oscillant entre 24 et 26 \u00b0C, avec un l\u00e9ger rafra\u00eechissement avant l\u2019aube, dans le prolongement de la baisse observ\u00e9e en soir\u00e9e. Le vent d\u00e9butera faible \u00e0 5 km\/h, puis se renforcera jusqu\u2019\u00e0 15 km\/h, avec des rafales atteignant 30 km\/h en fin de nuit. Il pivotera du Nord-Nord-Est vers le Sud-Sud-Ouest. Le ciel passera d\u2019un \u00e9tat d\u00e9gag\u00e9 \u00e0 un voile de nuages \u00e9lev\u00e9s, tandis que l\u2019humidit\u00e9 augmentera vers le matin.<\/p>\n<p data-ofstats-scroll=\"read_depth_90\">Demain, les temp\u00e9ratures \u00e9volueront de 23 \u00e0 34 \u00b0C, prolongeant la tendance chaude de la nuit avec une matin\u00e9e douce suivie d\u2019un net r\u00e9chauffement vers la mi-journ\u00e9e, puis un maintien de fortes valeurs l\u2019apr\u00e8s-midi. Le vent soufflera d\u2019abord du Sud-Sud-Ouest \u00e0 15 \u00e0 20 km\/h, avec des rafales jusqu\u2019\u00e0 35 km\/h, puis basculera au Sud-Ouest, Ouest-Sud-Ouest et enfin Ouest, autour de 10 \u00e0 15 km\/h. Le ciel passera d\u2019une couche nuageuse \u00e9lev\u00e9e matinale \u00e0 un aspect plus d\u00e9gag\u00e9, tandis que l\u2019humidit\u00e9 diminuera.<\/p>\n<p data-ofstats-scroll=\"read_depth_90\"><a href=\"https:\/\/www.ouest-france.fr\/meteo\/grand-est\/vandoeuvre-les-nancy-54500\/\" rel=\"nofollow noopener\" target=\"_blank\">Suivez la m\u00e9t\u00e9o de votre commune en temps r\u00e9el<\/a><\/p>\n<p data-ofstats-scroll=\"read_depth_100\">Ouest-France vous donne \u00e9galement la possibilit\u00e9 de conna\u00eetre la m\u00e9t\u00e9o de votre commune, heure par heure, sur notre page m\u00e9t\u00e9o d\u00e9di\u00e9e<\/p>\n","protected":false},"excerpt":{"rendered":"La matin\u00e9e d\u00e9butera sous un voile de nuages \u00e9lev\u00e9s, avec des temp\u00e9ratures d\u00e9j\u00e0 douces autour de 23 \u00e0&hellip;\n","protected":false},"author":2,"featured_media":1100884,"comment_status":"","ping_status":"","sticky":false,"template":"","format":"standard","meta":{"footnotes":"","_share_on_mastodon":"0"},"categories":[9635],"tags":[1111,11,11734,1777,674,1011,27,775,1702,9847,12,25,24495,5711],"class_list":["post-1120400","post","type-post","status-publish","format-standard","has-post-thumbnail","category-nancy","tag-actu","tag-actualites","tag-bois-de-haye","tag-eu","tag-europe","tag-fr","tag-france","tag-grand-est","tag-nancy","tag-neuves-maisons","tag-news","tag-republique-francaise","tag-richardmenil","tag-vandoeuvre-les-nancy"],"share_on_mastodon":{"url":"https:\/\/pubeurope.com\/@fr\/117075966959256760","error":""},"_links":{"self":[{"href":"https:\/\/www.europesays.com\/fr\/wp-json\/wp\/v2\/posts\/1120400","targetHints":{"allow":["GET"]}}],"collection":[{"href":"https:\/\/www.europesays.com\/fr\/wp-json\/wp\/v2\/posts"}],"about":[{"href":"https:\/\/www.europesays.com\/fr\/wp-json\/wp\/v2\/types\/post"}],"author":[{"embeddable":true,"href":"https:\/\/www.europesays.com\/fr\/wp-json\/wp\/v2\/users\/2"}],"replies":[{"embeddable":true,"href":"https:\/\/www.europesays.com\/fr\/wp-json\/wp\/v2\/comments?post=1120400"}],"version-history":[{"count":0,"href":"https:\/\/www.europesays.com\/fr\/wp-json\/wp\/v2\/posts\/1120400\/revisions"}],"wp:featuredmedia":[{"embeddable":true,"href":"https:\/\/www.europesays.com\/fr\/wp-json\/wp\/v2\/media\/1100884"}],"wp:attachment":[{"href":"https:\/\/www.europesays.com\/fr\/wp-json\/wp\/v2\/media?parent=1120400"}],"wp:term":[{"taxonomy":"category","embeddable":true,"href":"https:\/\/www.europesays.com\/fr\/wp-json\/wp\/v2\/categories?post=1120400"},{"taxonomy":"post_tag","embeddable":true,"href":"https:\/\/www.europesays.com\/fr\/wp-json\/wp\/v2\/tags?post=1120400"}],"curies":[{"name":"wp","href":"https:\/\/api.w.org\/{rel}","templated":true}]}}