{"id":112046,"date":"2025-05-19T15:15:16","date_gmt":"2025-05-19T15:15:16","guid":{"rendered":"https:\/\/www.europesays.com\/fr\/112046\/"},"modified":"2025-05-19T15:15:16","modified_gmt":"2025-05-19T15:15:16","slug":"ariane-empeche-durieux-de-sen-prendre-a-la-juge-luna-a-une-bonne-nouvelle-le-resume-de-lepisode-336-du-mardi-20-mai-2025","status":"publish","type":"post","link":"https:\/\/www.europesays.com\/fr\/112046\/","title":{"rendered":"Ariane emp\u00eache Durieux de s&rsquo;en prendre \u00e0 la juge, Luna a une bonne nouvelle&#8230; Le r\u00e9sum\u00e9 de l&rsquo;\u00e9pisode 336 du mardi 20 mai 2025"},"content":{"rendered":"<p><b>Mardi 20 mai 2025 dans <\/b><b>Plus belle la vie<\/b> &#8211; r\u00e9cemment marqu\u00e9e par <a href=\"https:\/\/www.programme-tv.net\/news\/series-tv\/378681-plus-belle-la-vie-apres-david-brecourt-une-autre-star-de-sous-le-soleil-rejoint-le-casting-de-la-serie-de-tf1\/\" data-api-deeplink=\"teleloisirs:\/\/news\/378681\" target=\"_blank\" rel=\"noopener\">le d\u00e9c\u00e8s d&rsquo;une com\u00e9dienne<\/a>&#8230; Apr\u00e8s <a href=\"https:\/\/www.programme-tv.net\/news\/series-tv\/379060-plus-belle-la-vie-en-avance-la-juge-colbert-echappe-a-un-meurtre-steve-reste-a-marseille-le-resume-de-l-episode-335-du-lundi-19-mai-2025\/\" data-api-deeplink=\"teleloisirs:\/\/news\/379060\" target=\"_blank\" rel=\"noopener\">les \u00e9v\u00e8nements terribles de la veille<\/a>, la juge Colbert est encore plus sous le choc quand elle apprend qu&rsquo;elle \u00e9tait s\u00fbrement la v\u00e9ritable cible du tireur. Interrog\u00e9e par Ariane sur de possibles suspects, la magistrate ne voit pas qui en particulier pourrait lui en vouloir. La flic et ses coll\u00e8gues vont donc devoir v\u00e9rifier toutes les affaires sur lesquelles la juge a travaill\u00e9. De son c\u00f4t\u00e9, Durieux met la pression \u00e0 Nebout pour rapidement obtenir des r\u00e9sultats. Avec une telle tension, le mari de Babeth n&rsquo;h\u00e9site pas \u00e0 exprimer son agacement quant au comportement d&rsquo;Ariane. Pour lui, elle doit se calmer. Mais, \u00e7a n&rsquo;en prend pas le chemin&#8230; Plus tard, alors que la maman de Zo\u00e9 est en train de travailler, le procureur arrive, et exprime sa joie de travailler avec elle sur cette affaire. Tandis que la jeune femme &#8211; <a href=\"https:\/\/www.programme-tv.net\/news\/series-tv\/378768-plus-belle-la-vie-ariane-va-vivre-du-harcelement-au-travail-lola-marois-fait-des-revelations-sur-la-nouvelle-intrigue-de-son-personnage\/\" data-api-deeplink=\"teleloisirs:\/\/news\/378768\" target=\"_blank\" rel=\"noopener\">victime de harc\u00e8lement au travail<\/a> &#8211; est sur la d\u00e9fensive, l&rsquo;homme la d\u00e9visage de haut en bas, et croit \u00e0 un possible jeu de s\u00e9duction entre eux. Rabrou\u00e9, l&rsquo;homme de justice n&rsquo;h\u00e9site pas \u00e0 la menacer de la muter si elle ne change pas de comportement&#8230;<\/p>\n<p>                        Plus belle la vie en avance : Apolline fuit Augustin, cache-t-elle un secret ?<\/p>\n<p>Au petit matin, alors qu&rsquo;Apolline se r\u00e9jouit aupr\u00e8s d&rsquo;Ulysse de l&rsquo;ouverture d&rsquo;une information judiciaire contre S\u00e9bastien, Augustin multiplie les appels. Refusant de d\u00e9crocher, la jeune femme minimise alors le probl\u00e8me aupr\u00e8s de son patron. Pourtant, plus tard, \u00e0 la r\u00e9sidence, alors qu&rsquo;elle discute avec Nisma, elle n&rsquo;h\u00e9site carr\u00e9ment pas \u00e0 se cacher quand son pr\u00e9tendant d\u00e9barque. De quoi surprendre l&rsquo;ancienne petite amie de Steve, qui souhaite comprendre la situation. Mais, l&rsquo;\u00e9tudiante ne semble pas pr\u00eate \u00e0 parler. Alors qu&rsquo;elles boivent un verre en ext\u00e9rieur, Apolline refuse de rentrer de peur de le croiser. Nisma ne comprend pas son appr\u00e9hension, et met finalement \u00e7a sur le compte de la peur de lui faire de la peine. Pourtant, une fois son amie partie, Apolline semble plus inqui\u00e8te que jamais. Que cache-t-elle ?<\/p>\n<p>Plus belle la vie en avance : Chlo\u00e9 accepte la proposition de Luna, qui lui apprend une tr\u00e8s bonne nouvelle<\/p>\n<p>A la r\u00e9sidence, Luna n&rsquo;est pas tr\u00e8s contente de Chlo\u00e9. Celle-ci a loup\u00e9 son cours d&rsquo;alphab\u00e9tisation de la veille. Mais la jeune femme lui fait comprendre que sa priorit\u00e9 est de bosser davantage pour obtenir un appartement. Elle explique m\u00eame \u00e0 la m\u00e8re de Rudy que, d\u00e9sormais, elle demande \u00e0 ses clients de lui donner leurs consignes par message vocal. Une technique maligne, mais qui n&#8217;emp\u00eache pas Luna de lui proposer \u00e0 nouveau de lui apprendre \u00e0 lire. Elle empreinte alors un ouvrage p\u00e9dagogique dans ce sens. Un livre sur lequel tombe L\u00e9a, lorsque Chlo\u00e9 arrive chez elle pour le m\u00e9nage. Se m\u00e9prenant, la compagne de Jean-Paul croit que c&rsquo;est pour sa fille. Honteuse, elle n&rsquo;ose pas la contredire. De quoi la surmotiver pour sa premi\u00e8re le\u00e7on de lecture avec Luna, m\u00eame si elle trouve l&rsquo;apprentissage difficile. Mais bient\u00f4t, elle re\u00e7oit une nouvelle qui lui donne un regain d&rsquo;\u00e9nergie. Luna lui a obtenu une demi-journ\u00e9e avec sa fille, et ce, d\u00e8s le surlendemain. Chlo\u00e9 est tr\u00e8s \u00e9mue.<\/p>\n<p>            Plus belle la vie en avance : Ariane emp\u00eache Durieux d&rsquo;agresser Colbert<\/p>\n<p>Sur la sc\u00e8ne de crime, Charlotte et Boher d\u00e9termine l&#8217;emplacement du tireur. Deux hypoth\u00e8ses s&rsquo;\u00e9chafaudent alors. Soit, il a \u00e9t\u00e9 d\u00e9rang\u00e9, soit ce n&rsquo;\u00e9tait pas un professionnel, dans la mesure o\u00f9 il a clairement rat\u00e9 sa cible. Le soir venu, le compagnon de L\u00e9a vient donner ses conclusions \u00e0 Ariane. Pour lui, il y a huit suspects potentiels. Lui demandant d&rsquo;aller porter ses conclusions \u00e0 la juge, le flic se prend l&rsquo;agressivit\u00e9 de la compagne de Djawad. Il ne croit pas \u00e0 ses accusations contre Durieux, et lui conseille de rester professionnelle. Pourtant, lorsqu&rsquo;elle vient porter le dossier \u00e0 la juge, Ariane assiste \u00e0 une sc\u00e8ne qui pourrait bien tout changer. Ainsi, \u00e0 travers la porte, elle entend une conversation houleuse entre elle et Durieux. La magistrate l&rsquo;intime m\u00eame de ne pas s&rsquo;approcher car elle sait de quoi il est capable. N&rsquo;\u00e9coutant que son intuition, Ariane entre alors dans le bureau, surprenant Colbert, mais surtout le procureur&#8230;<\/p>\n","protected":false},"excerpt":{"rendered":"Mardi 20 mai 2025 dans Plus belle la vie &#8211; r\u00e9cemment marqu\u00e9e par le d\u00e9c\u00e8s d&rsquo;une com\u00e9dienne&#8230; Apr\u00e8s&hellip;\n","protected":false},"author":2,"featured_media":112047,"comment_status":"","ping_status":"","sticky":false,"template":"","format":"standard","meta":{"footnotes":""},"categories":[1356],"tags":[244,58,1367,59,1011,27,5249,1368,7309,7311,7310,252,199,1364],"class_list":{"0":"post-112046","1":"post","2":"type-post","3":"status-publish","4":"format-standard","5":"has-post-thumbnail","7":"category-television","8":"tag-commentaire","9":"tag-divertissement","10":"tag-encore-plus-belle","11":"tag-entertainment","12":"tag-fr","13":"tag-france","14":"tag-mytf1-max","15":"tag-plus-belle-la-vie","16":"tag-plus-belle-la-vie-en-avance","17":"tag-ru00e9sumu00e9-plus-belle-la-vie","18":"tag-ru00e9sumu00e9-plus-belle-la-vie-en-avance","19":"tag-television","20":"tag-tf1","21":"tag-tv"},"share_on_mastodon":{"url":"https:\/\/pubeurope.com\/@fr\/114535158435035241","error":""},"_links":{"self":[{"href":"https:\/\/www.europesays.com\/fr\/wp-json\/wp\/v2\/posts\/112046","targetHints":{"allow":["GET"]}}],"collection":[{"href":"https:\/\/www.europesays.com\/fr\/wp-json\/wp\/v2\/posts"}],"about":[{"href":"https:\/\/www.europesays.com\/fr\/wp-json\/wp\/v2\/types\/post"}],"author":[{"embeddable":true,"href":"https:\/\/www.europesays.com\/fr\/wp-json\/wp\/v2\/users\/2"}],"replies":[{"embeddable":true,"href":"https:\/\/www.europesays.com\/fr\/wp-json\/wp\/v2\/comments?post=112046"}],"version-history":[{"count":0,"href":"https:\/\/www.europesays.com\/fr\/wp-json\/wp\/v2\/posts\/112046\/revisions"}],"wp:featuredmedia":[{"embeddable":true,"href":"https:\/\/www.europesays.com\/fr\/wp-json\/wp\/v2\/media\/112047"}],"wp:attachment":[{"href":"https:\/\/www.europesays.com\/fr\/wp-json\/wp\/v2\/media?parent=112046"}],"wp:term":[{"taxonomy":"category","embeddable":true,"href":"https:\/\/www.europesays.com\/fr\/wp-json\/wp\/v2\/categories?post=112046"},{"taxonomy":"post_tag","embeddable":true,"href":"https:\/\/www.europesays.com\/fr\/wp-json\/wp\/v2\/tags?post=112046"}],"curies":[{"name":"wp","href":"https:\/\/api.w.org\/{rel}","templated":true}]}}