{"id":112054,"date":"2025-05-19T15:19:11","date_gmt":"2025-05-19T15:19:11","guid":{"rendered":"https:\/\/www.europesays.com\/fr\/112054\/"},"modified":"2025-05-19T15:19:11","modified_gmt":"2025-05-19T15:19:11","slug":"football-michele-kang-annonce-la-naissance-dol-lyonnes-une-transformation-historique","status":"publish","type":"post","link":"https:\/\/www.europesays.com\/fr\/112054\/","title":{"rendered":"Football. Michele Kang annonce la naissance d\u2019OL Lyonnes\u00a0: \u00ab\u00a0Une transformation historique\u00a0\u00bb"},"content":{"rendered":"<blockquote class=\"question\"><p>Pourquoi a-t-il \u00e9t\u00e9 si important de changer le nom et le logo\u00a0?<\/p><\/blockquote>\n<p>\u00ab\u00a0Quand je suis arriv\u00e9e ici, l\u2018\u00e9quipe des femmes \u00e9tait secondaire \u00e0 celle des hommes. Sur le plan sportif, un staff de seulement 11 personnes leur \u00e9tait d\u00e9di\u00e9. Toutes les autres ressources \u00e9taient partag\u00e9es. Et ce n\u2019est pas, selon moi, une fa\u00e7on de d\u00e9velopper l\u2019\u00e9quipe f\u00e9minine qui est la meilleure de l\u2019histoire, et qui m\u00e9ritait davantage d\u2019attention et de moyens. Elle ne peut pas \u00eatre juste une petite s\u0153ur de la section masculine. Elle doit disposer de ses propres terrains, de ses propres installations de pointe. Et donc de sa propre identit\u00e9 que nous voulions cr\u00e9er et donner \u00e0 notre \u00e9quipe. Nous l\u2019avons fait dans le contexte de l\u2019OL parce que nous sommes n\u00e9s dans la famille de l\u2019OL et que nous en faisons partie. Il n\u2019est pas question de remettre en cause cet h\u00e9ritage. L\u2019\u00e9quipe f\u00e9minine est n\u00e9e et a grandi avec l\u2019OL. Nous en faisons et nous en ferons toujours partie.\u00a0\u00bb<\/p>\n<p>  \u00ab\u00a0Nouvelle histoire, m\u00eame l\u00e9gende\u00a0\u00bb<\/p>\n<blockquote class=\"question\"><p>Le nouveau nom OL Lyonnes r\u00e9pond \u00e0 cet objectif\u00a0?<\/p><\/blockquote>\n<p>\u00ab\u00a0Cette nouvelle identit\u00e9 s\u2019accompagne d\u2019un slogan fort\u00a0: \u00ab\u00a0Nouvelle histoire, m\u00eame l\u00e9gende\u00a0\u00bb et d\u2019un nouveau logo qu\u2019OL Lyonnes arborera fi\u00e8rement d\u00e8s la prochaine saison. Nous utilisons les m\u00eames couleurs rouge et bleu embl\u00e9matiques du club. Nous avons chang\u00e9 le lion pour lui donner une version plus f\u00e9minine. C\u2019est pourquoi ce logo repr\u00e9sente une t\u00eate de lionne rugissante \u00e9galement surmont\u00e9e d\u2019une couronne qui est le symbole d\u2019un succ\u00e8s pass\u00e9\u2026 et \u00e0 venir. En rempla\u00e7ant le i de Lionnes par un y, nous voulons que tout le monde comprenne que nous sommes des Lyonnaises, avec notre propre identit\u00e9. Ce nom d\u2019OL Lyonnes est donc un tout\u00a0: nous faisons \u00e0 la fois partie de la famille OL et de la ville de Lyon.\u00a0\u00bb<\/p>\n<p>    &#13;<br \/>\n    &#13;<br \/>\n    &#13;<br \/>\n    <a href=\"https:\/\/cdn-s-www.leprogres.fr\/images\/b15cbbb6-a580-4aca-947b-3c97ac71a586\/NW_raw\/le-nouveau-logo-de-l-ol-lyonnes-photo-ol-lyonnes-1747659354.jpg\" title=\"Le nouveau logo de l&#039;OL Lyonnes. \u00a0 Photo OL Lyonnes\" class=\"chocolat-image GA-tracking\" data-ga_type=\"click\" data-ga_category=\"D\u00e9tail\" data-ga_action=\"zoomer\" data-ga_label=\"aggrandir image\" target=\"_blank\" rel=\"noopener\">&#13;<br \/>\n        <img src=\"https:\/\/www.europesays.com\/fr\/wp-content\/uploads\/2025\/05\/le-nouveau-logo-de-l-ol-lyonnes-photo-ol-lyonnes-1747659354.jpg\"   alt=\"Le nouveau logo de l'OL Lyonnes. \u00a0 Photo OL Lyonnes\" fetchpriority=\"high\" decoding=\"async\" data-mobile=\"NW_listA_M|1747659354\" data-base=\"NW_listA|1747659354\"\/>&#13;<br \/>\n    <\/a>&#13;<\/p>\n<p> Le nouveau logo de l&rsquo;OL Lyonnes. \u00a0 Photo OL Lyonnes <\/p>\n<blockquote class=\"question\"><p>Le lien va donc rester fort entre la nouvelle identit\u00e9 et l\u2019histoire de Lyon et de l\u2019OL\u00a0?<\/p><\/blockquote>\n<p>\u00ab\u00a0Absolument. Nous cherchons \u00e0 faire le lien avec l\u2019histoire, l\u2019h\u00e9ritage, et nous n\u2019oublions pas d\u2019o\u00f9 nous venons. C\u2019est aussi pourquoi nous avons choisi de nous \u00e9tablir au <a href=\"https:\/\/www.leprogres.fr\/p\/groupama-stadium\" target=\"_blank\" rel=\"noopener\">Groupama Stadium<\/a>. D\u00e8s la saison prochaine, OL Lyonnes y disputera tous ses matchs de championnat, de Ligue des champions et de Coupe de France dans ce stade familial qui r\u00e9pond \u00e0 nos besoins et nos attentes. Nous faisons toujours partie de l\u2019OL mais c\u2019est un peu comme dans une famille o\u00f9 les enfants grandissent et deviennent ind\u00e9pendants.\u00a0\u00bb<\/p>\n<p>  \u00ab\u00a0On travaille toujours sur un nouveau stade\u00a0\u00bb<\/p>\n<blockquote class=\"question\"><p>Est-ce qu\u2019en vous \u00e9tablissant au Groupama Stadium, vous avez renonc\u00e9 \u00e0 votre projet de construction de stade\u00a0?<\/p><\/blockquote>\n<p>\u00ab\u00a0Nous travaillons toujours sur <a href=\"https:\/\/www.leprogres.fr\/sport\/2024\/02\/08\/michele-kang-va-construire-son-propre-stade\" target=\"_blank\" rel=\"noopener\">cette possibilit\u00e9 de construire un stade<\/a> de 20 ou 25 000 places car un stade de 57\u00a0000 places est effectivement surdimensionn\u00e9. Mais il nous fallait une solution qui soit rapide. On ne pouvait pas attendre 3, 4, 5, 6 ans. C\u2019est en tout cas une d\u00e9cision historique puisque OL Lyonnes deviendra la premi\u00e8re \u00e9quipe f\u00e9minine en Europe \u00e0 \u00e9tablir son domicile permanent dans un stade jusque-l\u00e0 r\u00e9serv\u00e9 au football masculin. Cet accord symbolise aussi une volont\u00e9 commune de b\u00e2tir un environnement innovant o\u00f9 les deux entit\u00e9s se soutiennent dans une dynamique de croissance partag\u00e9e.\u00a0\u00bb<\/p>\n<p><strong><a href=\"https:\/\/www.leprogres.fr\/p\/vincent-ponsot\" target=\"_blank\" rel=\"noopener\">Vincent Ponsot<\/a>, directeur g\u00e9n\u00e9ral\u00a0:<\/strong>\u00a0 \u00ab\u00a0Alterner le Groupama Stadium et le terrain du centre d\u2019entra\u00eenement est probl\u00e9matique. C\u2019est tr\u00e8s compliqu\u00e9, au centre d\u2019entra\u00eenement, de construire une exp\u00e9rience client pour les fans et de les fid\u00e9liser. Le fait d\u2019avoir l\u2019accord sur le Groupama Stadium pour les prochaines ann\u00e9es va nous permettre de continuer \u00e0 travailler, avec le maire de Lyon, sur un projet de stade plus petit avec une capacit\u00e9 compl\u00e8tement adapt\u00e9e \u00e0 l\u2018\u00e9quipe f\u00e9minine. La r\u00e9flexion est complexe car en tout \u00e9tat de cause, on veut jouer les grands matchs dans un stade comme le Groupama Stadium. Apr\u00e8s, il y a effectivement ces matchs plus interm\u00e9diaires o\u00f9 il faudra se poser la question de la bonne capacit\u00e9.\u00a0\u00bb<\/p>\n<blockquote class=\"question\"><p>Pourquoi les autres projets, comme Gerland qui aurait \u00e9t\u00e9 partag\u00e9 avec le Lou, ou encore les sites de La Duch\u00e8re et de V\u00e9nissieux avec l\u2019ancien stade de rugby, n\u2019ont-ils pas abouti\u00a0?<\/p><\/blockquote>\n<p>\u00ab\u00a0Je ne pense pas qu\u2019ils ont \u00e9chou\u00e9. On a juste d\u00e9cid\u00e9, parmi toutes les alternatives que l\u2019on a explor\u00e9es, que le Groupama Stadium est pour le moment la meilleure solution. C\u2019est un stade au top. Gerland avait une pelouse artificielle et nos joueuses doivent jouer sur une pelouse naturelle. C\u2019est mieux aussi pour nous de rester en tant que la famille OL. Les hommes et les femmes jouent au m\u00eame endroit et seront sur un m\u00eame pied d\u2019\u00e9galit\u00e9.\u00a0Cela pr\u00e9serve la famille OL. On reste tous ensemble. L\u2019argent que j\u2019investis le sera pour l\u2019OL, et non dans un autre endroit. On a donc pens\u00e9 que c\u2018\u00e9tait la meilleure solution, mais encore une fois, il ne faut pas parler d\u2019\u00e9chec des autres options. Avec cet accord, on se donne le temps de travailler un projet qui va n\u00e9cessairement prendre quelques ann\u00e9es.\u00a0\u00bb<\/p>\n<p>  \u00ab\u00a0On veut construire une exp\u00e9rience unique pour nos fans\u00a0\u00bb<\/p>\n<blockquote class=\"question\"><p>Comment attirer davantage de public vers le foot f\u00e9minin, malgr\u00e9 tous les efforts d\u00e9j\u00e0 consentis\u00a0?<\/p><\/blockquote>\n<p>\u00ab\u00a0Depuis le premier jour, nous avons commenc\u00e9 \u00e0 travailler pour construire une communaut\u00e9 de fans en s\u2019adressant \u00e0 des cibles comme les familles avec des enfants. Notre objectif, c\u2019est de cr\u00e9er une exp\u00e9rience partag\u00e9e avec l\u2018\u00e9quipe f\u00e9minine qui joue et qui gagne. Ce n\u2019est pas seulement 90 minutes de match. C\u2019est une exp\u00e9rience avant, pendant et apr\u00e8s le match.<\/p>\n<p>Nous voulons cr\u00e9er des exp\u00e9riences uniques pour que les fans puissent s\u2019amuser toute l\u2019apr\u00e8s-midi plut\u00f4t que de juste regarder un match. Si je peux prendre l\u2019exp\u00e9rience de Washington comme exemple, \u00e7a a probablement pris deux ans pour se d\u00e9velopper. Mais on remplit maintenant le stade et les fans sont incroyablement enthousiastes. Le stade, qui s\u2019appelait Audi, est devenu le \u00ab\u00a0Rowdy Audi\u00a0\u00bb en r\u00e9f\u00e9rence aux supporters qui encouragent tr\u00e8s bruyamment leur \u00e9quipe. On veut d\u00e9velopper la m\u00eame exp\u00e9rience ici m\u00eame si cela prendra du temps.\u00a0\u00bb<\/p>\n<blockquote class=\"question\"><p>Quel est votre point de vue sur la mani\u00e8re dont on consid\u00e8re le foot f\u00e9minin en France\u00a0? Qu\u2019est-ce qui manque encore\u00a0?<\/p><\/blockquote>\n<p>\u00ab\u00a0Je pense que la communication est tr\u00e8s importante. Beaucoup de gens ne savent pas que leur \u00e9quipe a une \u00e9quipe f\u00e9minine ou alors pensaient que c\u2019\u00e9taient des amatrices. Quand je suis arriv\u00e9e, j\u2019ai demand\u00e9 \u00e0 nos fans de venir voir les matchs des f\u00e9minines. Et ils m\u2019ont r\u00e9pondu qu\u2019elles allaient gagner de toute fa\u00e7on. Nous avons fait des sondages aupr\u00e8s des fans actuels et futurs. Beaucoup de gens me disent que les matchs des femmes ne sont pas aussi int\u00e9ressants que ceux des hommes. Ou tout simplement qu\u2019ils ne sont pas int\u00e9ress\u00e9s par les sports f\u00e9minins. Je leur dis qu\u2019il faut juste venir \u00e0 un match. Je leur donne le billet. Venez au stade et regardez au moins une fois. Je suis absolument convaincue que vous changerez d\u2019avis. Et je vous dirais m\u00eame que beaucoup ont \u00e9t\u00e9 convaincus. C\u2019est d\u2019ailleurs comme \u00e7a que je l\u2019ai \u00e9t\u00e9.<\/p>\n<p>Nous avons regard\u00e9 toutes nos bases de fans, et nous nous sommes demand\u00e9\u00a0: qu\u2019est-ce qui leur permettrait de venir\u00a0? Et nous avons un plan. Avec beaucoup de communication, des opportunit\u00e9s d\u2019exp\u00e9rimenter les matchs au Groupama Stadium, avec le centre d\u2019entra\u00eenement, dans un environnement professionnel, je pense que nous allons commencer \u00e0 faire la diff\u00e9rence.\u00a0\u00bb<\/p>\n<p>  \u00ab\u00a0Vous jouez au centre d\u2019entra\u00eenement, donc les gens pensent que c\u2019est une Ligue mineure\u00a0\u00bb<\/p>\n<blockquote class=\"question\"><p>Comment changer cette mentalit\u00e9\u00a0?<\/p><\/blockquote>\n<p>\u00ab\u00a0C\u2019est ce qui nous motive. Actuellement, c\u2019est un cercle vicieux. Parce qu\u2019il n\u2019y a pas d\u2019argent, vous n\u2019investissez pas. Vous jouez au centre d\u2019entra\u00eenement donc les gens pensent que c\u2019est une ligue mineure, voire du football amateur. \u00c0 un moment donn\u00e9, quelqu\u2019un doit venir et dire \u00ab\u00a0Ok stop. Nous allons jouer au Groupama, nous allons avoir un centre d\u2019entra\u00eenement d\u00e9di\u00e9 aux f\u00e9minines et montrer que c\u2019est professionnel.\u00a0\u00bb Si nous ne nous valorisons pas, surtout nous en tant que femmes, qui va le faire\u00a0? Il faut commencer \u00e0 investir, faire en sorte que les filles ne soient pas secondaires par rapport \u00e0 l\u2018\u00e9quipe masculine.\u00a0C\u2019est pourquoi nous devons investir, pour montrer qu\u2019il y a un chemin.\u00a0\u00bb<\/p>\n<blockquote class=\"question\"><p>Est-ce que l\u2019OL n\u2019est pas un peu trop seul, \u00e0 France, \u00e0 avoir des ambitions dans un championnat qui manque d\u2019attractivit\u00e9\u00a0?<\/p><\/blockquote>\n<p>\u00ab\u00a0Ce n\u2019est pas tout \u00e0 fait vrai. Regardez ce que le Paris FC est parvenu \u00e0 faire cette saison. Je ne pense pas qu\u2019ils ont investi comme nous l\u2019avons fait, mais ils sont tr\u00e8s comp\u00e9titifs. Le PSG est toujours l\u00e0 aussi. Bien s\u00fbr, je voudrais que les choses aillent encore plus vite mais je suis tr\u00e8s optimiste car nous allons dans la bonne direction. Cela prend du temps mais ce que nous avons fait \u00e0 l\u2019OL a ouvert une voie.\u00a0\u00bb<\/p>\n<p><strong>Vincent Ponsot\u00a0:<\/strong>\u00a0 \u00ab\u00a0On a vu cette saison que Nantes et Strasbourg ont fait de tr\u00e8s belles choses. Et Strasbourg, gr\u00e2ce \u00e0 son lien avec Chelsea, veut continuer de d\u00e9velopper son \u00e9quipe f\u00e9minine. On a \u00e9galement Marseille et Lens qui sont promus cette saison, et on sait que l\u2019OM aura des ambitions.\u00a0Comme la Ligue l\u2019a indiqu\u00e9 il y a quelques jours, la ministre des Sports va faire \u00e9voluer la loi pour permettre l\u2019arriv\u00e9e d\u2019un plus grand nombre d\u2019investisseurs ext\u00e9rieurs.\u00a0\u00bb<\/p>\n<p>  \u00ab\u00a0Nos joueuses ne jouent pas pour la charit\u00e9\u00a0\u00bb<\/p>\n<blockquote class=\"question\"><p>Dans le football f\u00e9minin aujourd\u2019hui, il n\u2019y a pas forc\u00e9ment d\u2019argent \u00e0 gagner. Qu\u2019est ce qui vous motive \u00e0 investir autant\u00a0?<\/p><\/blockquote>\n<p>(Elle rit.) \u00ab\u00a0Globalement, le sport, ce n\u2019est pas tr\u00e8s rentable. Il n\u2019y a que quelques sports masculins qui le sont. Une des choses qui rend le sport rentable, ce sont les droits t\u00e9l\u00e9. Donc, si vous n\u2019en avez pas\u2026 Regardez les \u00e9quipes masculines en France en ce moment, avec le probl\u00e8me des droits t\u00e9l\u00e9. Eux aussi ont beaucoup de d\u00e9fis \u00e0 surmonter. Donc, rendre les sports rentables, c\u2019est extr\u00eamement challengeant pour tout le monde, pas seulement pour les \u00e9quipes f\u00e9minines. Mais nous avons un plan pour le faire. La viabilit\u00e9 commerciale est tr\u00e8s importante pour les femmes. Mais comme je l\u2019ai dit, les sports f\u00e9minins ne sont pas de la charit\u00e9. Nos joueuses ne jouent pas pour la charit\u00e9.<\/p>\n<p>La viabilit\u00e9 financi\u00e8re et commerciale est tr\u00e8s importante. Mais ce n\u2019est pas diff\u00e9rent de la Silicon Valley o\u00f9 il y a beaucoup de startups technologiques. Pas tout le monde fait de l\u2019argent. Beaucoup d\u2019entreprises qui ont des grands noms ne sont pas encore rentables. Mais, vous savez peut-\u00eatre qu\u2019ils y arriveront. Certaines ne pourront jamais y arriver, mais d\u2019autres oui. Nous consid\u00e9rons absolument la viabilit\u00e9 financi\u00e8re et commerciale tr\u00e8s importante et nous y arriverons.\u00a0\u00bb<\/p>\n","protected":false},"excerpt":{"rendered":"Pourquoi a-t-il \u00e9t\u00e9 si important de changer le nom et le logo\u00a0? \u00ab\u00a0Quand je suis arriv\u00e9e ici, l\u2018\u00e9quipe&hellip;\n","protected":false},"author":2,"featured_media":112055,"comment_status":"","ping_status":"","sticky":false,"template":"","format":"standard","meta":{"footnotes":""},"categories":[9],"tags":[2757,107,63,1011,27,2428,2756,2755,23153,2429,517,60],"class_list":{"0":"post-112054","1":"post","2":"type-post","3":"status-publish","4":"format-standard","5":"has-post-thumbnail","7":"category-sports","8":"tag-edition-lyon-villeurbanne","9":"tag-fil-info","10":"tag-football","11":"tag-fr","12":"tag-france","13":"tag-lyon","14":"tag-lyon-bassin","15":"tag-ol-olympique-lyonnais-football","16":"tag-ol-lyonnes-olympique-lyonnais-feminin","17":"tag-rhone","18":"tag-sport","19":"tag-sports"},"share_on_mastodon":{"url":"https:\/\/pubeurope.com\/@fr\/114535174249395209","error":""},"_links":{"self":[{"href":"https:\/\/www.europesays.com\/fr\/wp-json\/wp\/v2\/posts\/112054","targetHints":{"allow":["GET"]}}],"collection":[{"href":"https:\/\/www.europesays.com\/fr\/wp-json\/wp\/v2\/posts"}],"about":[{"href":"https:\/\/www.europesays.com\/fr\/wp-json\/wp\/v2\/types\/post"}],"author":[{"embeddable":true,"href":"https:\/\/www.europesays.com\/fr\/wp-json\/wp\/v2\/users\/2"}],"replies":[{"embeddable":true,"href":"https:\/\/www.europesays.com\/fr\/wp-json\/wp\/v2\/comments?post=112054"}],"version-history":[{"count":0,"href":"https:\/\/www.europesays.com\/fr\/wp-json\/wp\/v2\/posts\/112054\/revisions"}],"wp:featuredmedia":[{"embeddable":true,"href":"https:\/\/www.europesays.com\/fr\/wp-json\/wp\/v2\/media\/112055"}],"wp:attachment":[{"href":"https:\/\/www.europesays.com\/fr\/wp-json\/wp\/v2\/media?parent=112054"}],"wp:term":[{"taxonomy":"category","embeddable":true,"href":"https:\/\/www.europesays.com\/fr\/wp-json\/wp\/v2\/categories?post=112054"},{"taxonomy":"post_tag","embeddable":true,"href":"https:\/\/www.europesays.com\/fr\/wp-json\/wp\/v2\/tags?post=112054"}],"curies":[{"name":"wp","href":"https:\/\/api.w.org\/{rel}","templated":true}]}}