{"id":112056,"date":"2025-05-19T15:20:12","date_gmt":"2025-05-19T15:20:12","guid":{"rendered":"https:\/\/www.europesays.com\/fr\/112056\/"},"modified":"2025-05-19T15:20:12","modified_gmt":"2025-05-19T15:20:12","slug":"lacteur-kevin-spacey-accuse-dagression-sexuelle-recevra-un-prix-en-marge-du-festival-de-cannes","status":"publish","type":"post","link":"https:\/\/www.europesays.com\/fr\/112056\/","title":{"rendered":"L&rsquo;acteur Kevin Spacey, accus\u00e9 d\u2019agression sexuelle, recevra un prix en marge du Festival de Cannes"},"content":{"rendered":"<p>L\u2019acteur oscaris\u00e9 pour American Beauty et Usual Suspects sera honor\u00e9 par la fondation Better World Fund \u00ab\u00a0pour ses d\u00e9cennies de g\u00e9nie artistique\u00a0\u00bb. Il a fait l\u2019objet d\u2019une nouvelle proc\u00e9dure pour agression sexuelle \u00e0 Londres.<\/p>\n<p class=\"fig-paragraph\">Malgr\u00e9 des accusations toujours en cours, l&rsquo;acteur am\u00e9ricain\u00a0<a href=\"http:\/\/www.lefigaro.fr\/culture\/l-acteur-kevin-spacey-a-nouveau-vise-par-une-plainte-pour-agression-sexuelle-20250212\" target=\"_blank\" data-fig-type=\"NewsFlash\" rel=\"noopener\" data-gtm-custom-categorie=\"navigation\" data-gtm-custom-action=\"crossclick\" data-gtm-custom-label=\"Contextuel\" data-gtm-event=\"customEventSPE\" data-fig-domain=\"LEFIGARO\">Kevin Spacey<\/a>, oscaris\u00e9 pour American Beauty et Usual Suspects, recevra un prix pour l&rsquo;ensemble de sa carri\u00e8re en marge du\u00a0<a href=\"http:\/\/www.lefigaro.fr\/festival-de-cannes\/les-films-a-succes-diriges-par-des-femmes-restent-incroyablement-bas-constate-nicole-kidman-20250519\" target=\"_blank\" data-fig-type=\"NewsFlash\" rel=\"noopener\" data-gtm-custom-categorie=\"navigation\" data-gtm-custom-action=\"crossclick\" data-gtm-custom-label=\"Contextuel\" data-gtm-event=\"customEventSPE\" data-fig-domain=\"LEFIGARO\">Festival de Cannes<\/a>\u00a0mardi, a indiqu\u00e9 \u00e0 l&rsquo;AFP la fondation Better World Fund, ind\u00e9pendante de l&rsquo;\u00e9v\u00e9nement, qui d\u00e9cerne cette r\u00e9compense.<\/p>\n<p class=\"fig-paragraph\">Kevin Spacey sera honor\u00e9 \u00ab\u00a0pour ses d\u00e9cennies de g\u00e9nie artistique\u00a0\u00bb lors d&rsquo;un gala de charit\u00e9, selon la fondation. Cette derni\u00e8re a pr\u00e9cis\u00e9 \u00e0 l&rsquo;AFP lundi avoir invit\u00e9 l&rsquo;acteur parce que ce dernier a \u00e9t\u00e9 \u00ab\u00a0blanchi par la justice\u00a0\u00bb. En juillet 2023, apr\u00e8s un mois d&rsquo;un proc\u00e8s tr\u00e8s m\u00e9diatique \u00e0 Londres, Kevin Spacey a \u00e9t\u00e9 acquitt\u00e9 des accusations d&rsquo;agressions sexuelles port\u00e9es contre lui par quatre hommes. L&rsquo;un de ces hommes poursuit aussi au civil l&rsquo;acteur, qui risque ainsi un nouveau proc\u00e8s.<\/p>\n<p>Une nouvelle proc\u00e9dure pour agression sexuelle<\/p>\n<p class=\"fig-paragraph\">\u00c9galement accus\u00e9 d&rsquo;agressions sexuelles aux \u00c9tats-Unis, Kevin Spacey a \u00e9t\u00e9 jug\u00e9 en 2022 non coupable par un tribunal civil new-yorkais. Et en 2019, les poursuites ont \u00e9t\u00e9 abandonn\u00e9es dans une autre affaire. Mais cette ann\u00e9e, l&rsquo;acteur a fait l&rsquo;objet d&rsquo;<a href=\"http:\/\/www.lefigaro.fr\/culture\/l-acteur-kevin-spacey-a-nouveau-vise-par-une-plainte-pour-agression-sexuelle-20250212\" target=\"_blank\" data-fig-type=\"NewsFlash\" rel=\"noopener\" data-gtm-custom-categorie=\"navigation\" data-gtm-custom-action=\"crossclick\" data-gtm-custom-label=\"Contextuel\" data-gtm-event=\"customEventSPE\" data-fig-domain=\"LEFIGARO\">une nouvelle proc\u00e9dure pour agression sexuelle<\/a>\u00a0\u00e0 Londres, d\u00e9pos\u00e9e par un ancien acteur, Ruari Cannon.<\/p>\n<p class=\"fig-paragraph\">Dans un documentaire diffus\u00e9 en mai 2024 sur Channel 4 et baptis\u00e9 Spacey Unmasked, Ruari Cannon avait accus\u00e9 Kevin Spacey de l&rsquo;avoir touch\u00e9 de mani\u00e8re inappropri\u00e9e en public en 2013 \u00e0 Londres alors qu&rsquo;il avait 21 ans et l&rsquo;acteur am\u00e9ricain 53 ans. Dans ce documentaire, neuf autres hommes mettaient \u00e9galement en cause le com\u00e9dien, qui a rejet\u00e9 ces accusations. Kevin Spacey a \u00e9t\u00e9 vu pour la derni\u00e8re fois en 2016 sur le tapis rouge de Cannes.<\/p>\n","protected":false},"excerpt":{"rendered":"L\u2019acteur oscaris\u00e9 pour American Beauty et Usual Suspects sera honor\u00e9 par la fondation Better World Fund \u00ab\u00a0pour ses&hellip;\n","protected":false},"author":2,"featured_media":112057,"comment_status":"","ping_status":"","sticky":false,"template":"","format":"standard","meta":{"footnotes":""},"categories":[8],"tags":[7306,7307,58,59,5634,1011,27,23154,11584,11586,11585],"class_list":{"0":"post-112056","1":"post","2":"type-post","3":"status-publish","4":"format-standard","5":"has-post-thumbnail","7":"category-divertissement","8":"tag-cannes","9":"tag-croisette","10":"tag-divertissement","11":"tag-entertainment","12":"tag-festival-de-cannes","13":"tag-fr","14":"tag-france","15":"tag-kevin-spacey","16":"tag-montee-des-marches","17":"tag-palme-dor","18":"tag-prix-du-jury"},"share_on_mastodon":{"url":"https:\/\/pubeurope.com\/@fr\/114535178185878651","error":""},"_links":{"self":[{"href":"https:\/\/www.europesays.com\/fr\/wp-json\/wp\/v2\/posts\/112056","targetHints":{"allow":["GET"]}}],"collection":[{"href":"https:\/\/www.europesays.com\/fr\/wp-json\/wp\/v2\/posts"}],"about":[{"href":"https:\/\/www.europesays.com\/fr\/wp-json\/wp\/v2\/types\/post"}],"author":[{"embeddable":true,"href":"https:\/\/www.europesays.com\/fr\/wp-json\/wp\/v2\/users\/2"}],"replies":[{"embeddable":true,"href":"https:\/\/www.europesays.com\/fr\/wp-json\/wp\/v2\/comments?post=112056"}],"version-history":[{"count":0,"href":"https:\/\/www.europesays.com\/fr\/wp-json\/wp\/v2\/posts\/112056\/revisions"}],"wp:featuredmedia":[{"embeddable":true,"href":"https:\/\/www.europesays.com\/fr\/wp-json\/wp\/v2\/media\/112057"}],"wp:attachment":[{"href":"https:\/\/www.europesays.com\/fr\/wp-json\/wp\/v2\/media?parent=112056"}],"wp:term":[{"taxonomy":"category","embeddable":true,"href":"https:\/\/www.europesays.com\/fr\/wp-json\/wp\/v2\/categories?post=112056"},{"taxonomy":"post_tag","embeddable":true,"href":"https:\/\/www.europesays.com\/fr\/wp-json\/wp\/v2\/tags?post=112056"}],"curies":[{"name":"wp","href":"https:\/\/api.w.org\/{rel}","templated":true}]}}