{"id":112066,"date":"2025-05-19T15:25:10","date_gmt":"2025-05-19T15:25:10","guid":{"rendered":"https:\/\/www.europesays.com\/fr\/112066\/"},"modified":"2025-05-19T15:25:10","modified_gmt":"2025-05-19T15:25:10","slug":"direct-un-orage-supercellulaire-touche-le-sud-ouest-de-toulouse-une-ecole-evacuee-a-cause-des-grelons-de-7-cm","status":"publish","type":"post","link":"https:\/\/www.europesays.com\/fr\/112066\/","title":{"rendered":"Direct. Un orage supercellulaire touche le sud-ouest de Toulouse, une \u00e9cole \u00e9vacu\u00e9e \u00e0 cause des gr\u00ealons de 7 cm"},"content":{"rendered":"<p>            Par<br \/>\n        <strong><br \/>\n            <a href=\"https:\/\/actu.fr\/auteur\/lucie-2\" title=\"Consulter tous les articles de Lucie Fraisse\" target=\"_blank\" rel=\"noopener\">Lucie Fraisse<\/a><br \/>\n        <\/strong><\/p>\n<p>        Publi\u00e9 le<\/p>\n<p>            19 mai 2025 \u00e0 16h14<br \/>\n        ; mis \u00e0 jour le 19 mai 2025 \u00e0 17h06    <\/p>\n<p>La Haute-Garonne <a href=\"https:\/\/actu.fr\/occitanie\/toulouse_31555\/orages-pluie-grele-et-vent-en-haute-garonne-meteo-france-declenche-la-vigilance-orange_62653644.html\" target=\"_blank\" rel=\"noopener\">est en vigilance orange aux orages<\/a> depuis le d\u00e9but de cet apr\u00e8s-midi lundi 19\u00a0mai 2025. Neuf d\u00e9partements du sud-ouest sont concern\u00e9s par cette alerte.<\/p>\n<p class=\" wall-content\">Plusieurs communes de la Haute-Garonne sont aussi <a href=\"https:\/\/actu.fr\/occitanie\/toulouse_31555\/avec-les-orages-risque-de-crues-dans-plusieurs-communes-de-haute-garonne-toulouse-concernee_62654556.html\" target=\"_blank\" rel=\"noopener\">en vigilance jaune aux inondations<\/a>, le long de l\u2019Hers mort.<\/p>\n<p class=\" wall-content\">D\u00e8s 15h30, un <strong>violent orage supercellulaire<\/strong> s\u2019est abattu au sud-ouest de Toulouse, du c\u00f4t\u00e9 du Fousseret, avant de remonter vers Muret. Des<strong> gr\u00ealons de 7\u00a0cm<\/strong> sont tomb\u00e9s. On fait le point.<\/p>\n<p>17h. Un accident \u00e0 l\u2019entr\u00e9e de Toulouse<\/p>\n<p class=\" wall-content\">Et mieux vaut \u00eatre prudent ! Car sur les autoroutes qui m\u00e8nent \u00e0 Toulouse, les accidents sont vite arriv\u00e9s. C\u2019est d\u00e9j\u00e0 le cas <strong>\u00e0 l\u2019entr\u00e9e de la Ville rose<\/strong>, depuis <strong>l\u2019A61 de Narbonne en direction de Toulouse<\/strong>, juste avant le Palays.\u00a0Un <strong>camion<\/strong> et <strong>deux voitures <\/strong>sont concern\u00e9s par un accident. Ils se trouvent sur la voie de droite. Elle est neutralis\u00e9e.<\/p>\n<p class=\" wall-content\">Les services de secours et de s\u00e9curit\u00e9 sont sur place.\u00a0<\/p>\n<p>16h56. Circulation \u00e0 l\u2019ultra-ralenti sur l\u2019A64<\/p>\n<p class=\" wall-content\"><strong>Au sud de Muret<\/strong>, les automobilistes sont loin d\u2019atteindre la vitesse maximale autoris\u00e9e sur <strong>l\u2019A64<\/strong>. Au contraire, ils roulent au ralenti. Pour rappel, en cas de telles intemp\u00e9ries, la vitesse maximale est abaiss\u00e9e de 20 km\/h.\u00a0<\/p>\n<p>Vid\u00e9os : en ce moment sur Actu<\/p>\n<p class=\" wall-content\">\n<p>16h50. Une \u00e9cole \u00e9vacu\u00e9e au Fousseret<\/p>\n<p class=\" wall-content\">Victime d\u2019une supercellule orageuse, Le Fousseret, commune du sud-ouest de Toulouse, a n\u00e9cessit\u00e9 l\u2019intervention des pompiers. \u00ab\u00a0<strong>Une \u00e9cole a \u00e9t\u00e9 impact\u00e9e<\/strong> par la gr\u00eale et<strong> 63 \u00e9l\u00e8ves ont \u00e9t\u00e9 \u00e9vacu\u00e9s<\/strong> et mis en s\u00e9curit\u00e9 dans une garderie \u00e0 proximit\u00e9\u00a0\u00bb, indique le SDIS 31.<\/p>\n<p class=\" wall-content\">Depuis le d\u00e9but de l\u2019\u00e9pisode orageux, les pompiers sont intervenus 104 fois.<\/p>\n<p>16h41. La gr\u00eale blanchit une commune au sud de Toulouse<\/p>\n<p class=\" wall-content\">La commune de Pins-Justaret, au sud de Toulouse, s\u2019est recouverte de blanc. Des gr\u00ealons de diverses tailles sont tomb\u00e9s. Ici, un internaute de M\u00e9t\u00e9o Pyr\u00e9n\u00e9es, partage des photos\u2026<\/p>\n<p class=\" wall-content\">\n<p>16h30. L\u2019orage se dirige vers Toulouse<\/p>\n<p class=\" wall-content\"><strong>\u00ab\u00a0Le ph\u00e9nom\u00e8ne se d\u00e9place au nord du d\u00e9partement\u00a0\u00bb,<\/strong> rench\u00e9rit le SDIS 31 qui assure avoir d\u00e9velopp\u00e9 \u00ab\u00a0des moyens importants pour traiter les demandes de secours tout en assurant le risque courant\u00a0\u00bb.<\/p>\n<p>16h29. De nombreuses interventions par les pompiers<\/p>\n<p class=\" wall-content\">Les <strong>pompiers de Haute-Garonne<\/strong> sont sur le qui-vive. \u00ab\u00a0La Haute-Garonne est actuellement touch\u00e9e par un \u00e9v\u00e9nement climatique important, comme annonc\u00e9 par M\u00e9t\u00e9o France [\u2026] Il g\u00e9n\u00e8re de <strong>nombreuses interventions\u00a0\u00bb<\/strong>, annoncent-ils. Les secteurs pour le moment impact\u00e9s sont <strong>Muret<\/strong>, <strong>Carbonne<\/strong> et <strong>Caz\u00e8res<\/strong>.\u00a0<\/p>\n<p>16h19. Des gr\u00ealons de grosse taille<\/p>\n<p class=\" wall-content\">Les gr\u00ealons sont de taille cons\u00e9quente, comme en t\u00e9moigne cette photo partag\u00e9e \u00e0 M\u00e9t\u00e9o Pyr\u00e9n\u00e9es.<\/p>\n<p class=\" wall-content\">\n<p>16h06. La vitesse baiss\u00e9e sur le p\u00e9riph de Toulouse<br \/>\n    <img   decoding=\"async\" loading=\"lazy\" src=\"https:\/\/www.europesays.com\/fr\/wp-content\/uploads\/2025\/05\/20250519-152155-960x640.jpg\" alt=\"La vitesse est abaiss\u00e9e de 20km\/h sur le p\u00e9riph\u00e9rique de Toulouse.\" width=\"960\" height=\"640\"\/><br \/>\n    La vitesse est abaiss\u00e9e de 20km\/h sur le p\u00e9riph\u00e9rique de Toulouse. (\u00a9actu.fr\/G.L.)<\/p>\n<p class=\" wall-content\">Soyez tr\u00e8s prudents sur les routes. Alors que tombent en masse la pluie et la gr\u00eale dans certaines zones du d\u00e9partement, la Pr\u00e9fecture, elle, d\u00e9gaine les arr\u00eat\u00e9s. Sur le p\u00e9riph\u00e9rique de Toulouse,<strong> la vitesse est r\u00e9duite \u00e0 70\u00a0km\/h. <\/strong>\u00ab\u2009Obligatoire\u2009\u00bb, mentionne un affichage.<\/p>\n<p class=\" wall-content\">Plus localement, sur les routes d\u00e9partementales D1124 \u00e0 l\u2019ouest de Toulouse, vers L\u00e9guevin, et D820, vers Auterive, \u00ab\u2009l\u2019\u00e9pisode orageux \u00e0 caract\u00e8re fort voire localement violent\u2009\u00bb, oblige les automobilistes \u00e0 baisser leur vitesse<strong> \u00e0 70 au lieu de 90\u00a0km\/h.<\/strong> Les <strong>camions<\/strong>, quant \u00e0 eux, ont <strong>interdiction de d\u00e9passer<\/strong> dans les deux sens de circulations.<\/p>\n<p>16\u00a0heures. La vigilance orange aux orages devrait \u00eatre lev\u00e9e \u00e0 20\u00a0heures<br \/>\n    <img   decoding=\"async\" loading=\"lazy\" src=\"https:\/\/www.europesays.com\/fr\/wp-content\/uploads\/2025\/05\/20230309-170322-960x640-960x640-3-960x640.jpg\" alt=\"La Haute-Garonne est plac\u00e9e en vigilance orange aux orages.\" width=\"960\" height=\"640\"\/><br \/>\n    La Haute-Garonne est plac\u00e9e en vigilance orange aux orages. (\u00a9actu.fr\/D.S.-S.\/ archives)<\/p>\n<p class=\" wall-content\">Le site vigilance de M\u00e9t\u00e9o France vient de publier ses pr\u00e9visions pour demain mardi. La <strong>vigilance orange sera lev\u00e9e d\u00e8s ce soir \u00e0 20\u00a0heures<\/strong> en Haute-Garonne, elle sera alors plac\u00e9e en vigilance jaune.<\/p>\n<p class=\" wall-content\">\n<p class=\" wall-content\"><strong>15h45\u2009: la pluie \u00e0 Toulouse<\/strong><\/p>\n<p class=\" wall-content\">Alors que la pluie a commenc\u00e9 \u00e0 tomber sur la Ville rose, les premiers coups de <strong>tonnerre<\/strong> se font entendre. La gr\u00eale touche le sud de la ville.<\/p>\n<p class=\" wall-content\">\n<p>15h30\u2009: \u00e0 Muret et Longages, la gr\u00eale en quantit\u00e9<\/p>\n<p class=\" wall-content\">\n<p class=\" wall-content\">\n<p>15\u00a0heures\u2009: Le Fousseret sous la gr\u00eale<\/p>\n<p class=\" wall-content\">Une supercellule orageuse a touch\u00e9 le Fousseret au sud-ouest de Toulouse. Le sol a \u00e9t\u00e9 enti\u00e8rement recouvert de gr\u00ealons, comme le montrent ces images capt\u00e9es par un internaute de M\u00e9t\u00e9o Pyr\u00e9n\u00e9es.<\/p>\n<p>    <a href=\"https:\/\/www.facebook.com\/plugins\/post.php?href=https%3A%2F%2Fwww.facebook.com%2FExtremeMeteo%2Fposts%2Fpfbid0P8tig2CCMfiKTuUvZLv5qoVEa3P1uh354JuPavN1ACCeqPiJq2bmaL59vEniMELal&amp;show_text=true&amp;width=350\" title=\"Ouvrie le lien\" target=\"_blank\" rel=\"noopener\">Cliquez ici pour visualiser le contenu<\/a><\/p>\n<p class=\" wall-content\">\n<p class=\" wall-content\">\n<p class=\" wall-content\">Suivez toute l\u2019actualit\u00e9 de vos villes et m\u00e9dias favoris en vous inscrivant \u00e0 <a href=\"https:\/\/moncompte.actu.fr\" title=\"D\u00e9couvez Mon Actu\" rel=\"nofollow noopener\" data-trk=\"{&quot;cta&quot;:{&quot;action&quot;:&quot;https:\\\/\\\/moncompte.actu.fr&quot;,&quot;category&quot;:&quot;mon compte&quot;,&quot;from&quot;:&quot;article footer&quot;,&quot;name&quot;:&quot;Mon actu&quot;,&quot;type&quot;:&quot;cta&quot;}}\" target=\"_blank\">Mon Actu<\/a>.<\/p>\n","protected":false},"excerpt":{"rendered":"Par Lucie Fraisse Publi\u00e9 le 19 mai 2025 \u00e0 16h14 ; mis \u00e0 jour le 19 mai 2025&hellip;\n","protected":false},"author":2,"featured_media":112067,"comment_status":"","ping_status":"","sticky":false,"template":"","format":"standard","meta":{"footnotes":""},"categories":[2],"tags":[11,1011,27,12,4594,104],"class_list":{"0":"post-112066","1":"post","2":"type-post","3":"status-publish","4":"format-standard","5":"has-post-thumbnail","7":"category-actualites","8":"tag-actualites","9":"tag-fr","10":"tag-france","11":"tag-news","12":"tag-orages","13":"tag-societe"},"share_on_mastodon":{"url":"https:\/\/pubeurope.com\/@fr\/114535198058739643","error":""},"_links":{"self":[{"href":"https:\/\/www.europesays.com\/fr\/wp-json\/wp\/v2\/posts\/112066","targetHints":{"allow":["GET"]}}],"collection":[{"href":"https:\/\/www.europesays.com\/fr\/wp-json\/wp\/v2\/posts"}],"about":[{"href":"https:\/\/www.europesays.com\/fr\/wp-json\/wp\/v2\/types\/post"}],"author":[{"embeddable":true,"href":"https:\/\/www.europesays.com\/fr\/wp-json\/wp\/v2\/users\/2"}],"replies":[{"embeddable":true,"href":"https:\/\/www.europesays.com\/fr\/wp-json\/wp\/v2\/comments?post=112066"}],"version-history":[{"count":0,"href":"https:\/\/www.europesays.com\/fr\/wp-json\/wp\/v2\/posts\/112066\/revisions"}],"wp:featuredmedia":[{"embeddable":true,"href":"https:\/\/www.europesays.com\/fr\/wp-json\/wp\/v2\/media\/112067"}],"wp:attachment":[{"href":"https:\/\/www.europesays.com\/fr\/wp-json\/wp\/v2\/media?parent=112066"}],"wp:term":[{"taxonomy":"category","embeddable":true,"href":"https:\/\/www.europesays.com\/fr\/wp-json\/wp\/v2\/categories?post=112066"},{"taxonomy":"post_tag","embeddable":true,"href":"https:\/\/www.europesays.com\/fr\/wp-json\/wp\/v2\/tags?post=112066"}],"curies":[{"name":"wp","href":"https:\/\/api.w.org\/{rel}","templated":true}]}}