{"id":112068,"date":"2025-05-19T15:26:10","date_gmt":"2025-05-19T15:26:10","guid":{"rendered":"https:\/\/www.europesays.com\/fr\/112068\/"},"modified":"2025-05-19T15:26:10","modified_gmt":"2025-05-19T15:26:10","slug":"saint-etienne-coince-dans-une-voie-sans-issue-un-motard-interpelle-apres-un-refus-dobtemperer","status":"publish","type":"post","link":"https:\/\/www.europesays.com\/fr\/112068\/","title":{"rendered":"Saint-\u00c9tienne. Coinc\u00e9 dans une voie sans issue, un motard interpell\u00e9 apr\u00e8s un refus d\u2019obtemp\u00e9rer"},"content":{"rendered":"<p>Jeudi 15\u00a0mai, peu avant 21 heures, un \u00e9quipage de la Brigade anticriminalit\u00e9 se trouve en faction dans le quartier de Montreynaud quand ses membres d\u00e9cident de proc\u00e9der au contr\u00f4le d\u2019une moto-cross qui circule sur le boulevard Antonio-Vivaldi. Mais le pilot refuse d\u2019obtemp\u00e9rer et tente de prendre la fuite.<\/p>\n<p>Visiblement ce dernier ne connaissait pas bien le secteur car il va s\u2019engager sur une voie sans issue\u2026 Les fonctionnaires ne vont d\u00e8s lors \u00e9prouver aucune difficult\u00e9 pour l\u2019interpeller.<\/p>\n<p>Le jeune homme, \u00e2g\u00e9 de 21 ans et habitant Saint-Etienne, circulait sans permis de conduire et sans assurance. Il a \u00e9t\u00e9 plac\u00e9 en garde \u00e0 vue puis remis en libert\u00e9. Cependant, il devra r\u00e9pondre \u00e0 une convocation devant le tribunal correctionnel de Saint-Etienne au cours des prochaines semaines.<\/p>\n<p class=\"note\">\u00c0 lire aussi\u00a0: <a href=\"https:\/\/www.leprogres.fr\/faits-divers-justice\/2025\/05\/14\/refus-d-obtemperer-sans-permis-et-sans-assurance-le-prevenu-ecope-de-10-mois-de-prison\" target=\"_blank\" rel=\"nofollow noopener\">Refus d\u2019obtemp\u00e9rer, sans permis et sans assurance\u00a0: le pr\u00e9venu \u00e9cope de dix mois de prison<\/a><\/p>\n","protected":false},"excerpt":{"rendered":"Jeudi 15\u00a0mai, peu avant 21 heures, un \u00e9quipage de la Brigade anticriminalit\u00e9 se trouve en faction dans le&hellip;\n","protected":false},"author":2,"featured_media":112069,"comment_status":"","ping_status":"","sticky":false,"template":"","format":"standard","meta":{"footnotes":""},"categories":[9653],"tags":[1111,11,2430,271,272,7539,1777,674,274,1011,27,3367,12,25,4001,7538],"class_list":{"0":"post-112068","1":"post","2":"type-post","3":"status-publish","4":"format-standard","5":"has-post-thumbnail","7":"category-saint-etienne","8":"tag-actu","9":"tag-actualites","10":"tag-auvergne-rhone-alpes","11":"tag-crime","12":"tag-delit-et-contravention","13":"tag-edition-loire-sud","14":"tag-eu","15":"tag-europe","16":"tag-faits-divers-justice","17":"tag-fr","18":"tag-france","19":"tag-loire","20":"tag-news","21":"tag-republique-francaise","22":"tag-saint-etienne","23":"tag-saint-etienne-ville"},"share_on_mastodon":{"url":"https:\/\/pubeurope.com\/@fr\/114535201775629955","error":""},"_links":{"self":[{"href":"https:\/\/www.europesays.com\/fr\/wp-json\/wp\/v2\/posts\/112068","targetHints":{"allow":["GET"]}}],"collection":[{"href":"https:\/\/www.europesays.com\/fr\/wp-json\/wp\/v2\/posts"}],"about":[{"href":"https:\/\/www.europesays.com\/fr\/wp-json\/wp\/v2\/types\/post"}],"author":[{"embeddable":true,"href":"https:\/\/www.europesays.com\/fr\/wp-json\/wp\/v2\/users\/2"}],"replies":[{"embeddable":true,"href":"https:\/\/www.europesays.com\/fr\/wp-json\/wp\/v2\/comments?post=112068"}],"version-history":[{"count":0,"href":"https:\/\/www.europesays.com\/fr\/wp-json\/wp\/v2\/posts\/112068\/revisions"}],"wp:featuredmedia":[{"embeddable":true,"href":"https:\/\/www.europesays.com\/fr\/wp-json\/wp\/v2\/media\/112069"}],"wp:attachment":[{"href":"https:\/\/www.europesays.com\/fr\/wp-json\/wp\/v2\/media?parent=112068"}],"wp:term":[{"taxonomy":"category","embeddable":true,"href":"https:\/\/www.europesays.com\/fr\/wp-json\/wp\/v2\/categories?post=112068"},{"taxonomy":"post_tag","embeddable":true,"href":"https:\/\/www.europesays.com\/fr\/wp-json\/wp\/v2\/tags?post=112068"}],"curies":[{"name":"wp","href":"https:\/\/api.w.org\/{rel}","templated":true}]}}