{"id":112070,"date":"2025-05-19T15:27:09","date_gmt":"2025-05-19T15:27:09","guid":{"rendered":"https:\/\/www.europesays.com\/fr\/112070\/"},"modified":"2025-05-19T15:27:09","modified_gmt":"2025-05-19T15:27:09","slug":"saint-etienne-au-volant-dune-ferrari-il-refuse-de-se-soumettre-au-controle-dalcoolemie","status":"publish","type":"post","link":"https:\/\/www.europesays.com\/fr\/112070\/","title":{"rendered":"Saint-Etienne. Au volant d\u2019une Ferrari, il refuse de se soumettre au contr\u00f4le d\u2019alcool\u00e9mie"},"content":{"rendered":"<p>Vendredi 16\u00a0mai, \u00e0 3\u00a0h\u00a040, les forces de l\u2019ordre ont proc\u00e9d\u00e9 au contr\u00f4le d\u2019un conducteur d\u2019un v\u00e9hicule que l\u2019on ne croise pas si souvent dans les rues de Saint-Etienne\u00a0: une Ferrari. L\u2019intervention s\u2019est d\u00e9roul\u00e9e rue des Alli\u00e9s mais surtout tout ne s\u2019est pas pass\u00e9 comme pr\u00e9vu.<\/p>\n<p>En effet, l\u2019homme derri\u00e8re le volant, un Lyonnais \u00e2g\u00e9 de 47 ans, a refus\u00e9 de se soumettre au contr\u00f4le d\u2019alcool\u00e9mie. Visiblement sous l\u2019emprise de l\u2019alcool, il aurait \u00e9t\u00e9 peu conciliant et aurait \u00e9t\u00e9 prof\u00e9r\u00e9 des insultes envers les personnes d\u00e9positaires de l\u2019autorit\u00e9 publique.<\/p>\n<p>Dans ces conditions, et puisque refuser le contr\u00f4le \u00e0 l\u2019\u00e9thylotest est une infraction, les fonctionnaires ont d\u00e9cid\u00e9 de l\u2019interpeller et de le placer en garde \u00e0 vue. Il sera prochainement convoqu\u00e9 devant le tribunal correctionnel de Saint-Etienne pour r\u00e9pondre de ses actes.<\/p>\n<p class=\"note\">\u00c0 lire aussi\u00a0: <a href=\"https:\/\/www.leprogres.fr\/faits-divers-justice\/2025\/05\/08\/controle-par-la-police-avec-2-75-g-d-alcool-dans-le-sang-il-est-condamne-a-12-mois-de-prison\" target=\"_blank\" rel=\"nofollow noopener\">\u00c0 l\u2019arr\u00eat au milieu de la chauss\u00e9e avec 2,76\u00a0g d\u2019alcool dans le sang, il est interpell\u00e9 et condamn\u00e9<\/a><\/p>\n","protected":false},"excerpt":{"rendered":"Vendredi 16\u00a0mai, \u00e0 3\u00a0h\u00a040, les forces de l\u2019ordre ont proc\u00e9d\u00e9 au contr\u00f4le d\u2019un conducteur d\u2019un v\u00e9hicule que l\u2019on&hellip;\n","protected":false},"author":2,"featured_media":112071,"comment_status":"","ping_status":"","sticky":false,"template":"","format":"standard","meta":{"footnotes":""},"categories":[9653],"tags":[1111,11,2430,271,272,7539,1777,674,274,1011,27,3367,12,25,4001,7538],"class_list":{"0":"post-112070","1":"post","2":"type-post","3":"status-publish","4":"format-standard","5":"has-post-thumbnail","7":"category-saint-etienne","8":"tag-actu","9":"tag-actualites","10":"tag-auvergne-rhone-alpes","11":"tag-crime","12":"tag-delit-et-contravention","13":"tag-edition-loire-sud","14":"tag-eu","15":"tag-europe","16":"tag-faits-divers-justice","17":"tag-fr","18":"tag-france","19":"tag-loire","20":"tag-news","21":"tag-republique-francaise","22":"tag-saint-etienne","23":"tag-saint-etienne-ville"},"share_on_mastodon":{"url":"https:\/\/pubeurope.com\/@fr\/114535205689458199","error":""},"_links":{"self":[{"href":"https:\/\/www.europesays.com\/fr\/wp-json\/wp\/v2\/posts\/112070","targetHints":{"allow":["GET"]}}],"collection":[{"href":"https:\/\/www.europesays.com\/fr\/wp-json\/wp\/v2\/posts"}],"about":[{"href":"https:\/\/www.europesays.com\/fr\/wp-json\/wp\/v2\/types\/post"}],"author":[{"embeddable":true,"href":"https:\/\/www.europesays.com\/fr\/wp-json\/wp\/v2\/users\/2"}],"replies":[{"embeddable":true,"href":"https:\/\/www.europesays.com\/fr\/wp-json\/wp\/v2\/comments?post=112070"}],"version-history":[{"count":0,"href":"https:\/\/www.europesays.com\/fr\/wp-json\/wp\/v2\/posts\/112070\/revisions"}],"wp:featuredmedia":[{"embeddable":true,"href":"https:\/\/www.europesays.com\/fr\/wp-json\/wp\/v2\/media\/112071"}],"wp:attachment":[{"href":"https:\/\/www.europesays.com\/fr\/wp-json\/wp\/v2\/media?parent=112070"}],"wp:term":[{"taxonomy":"category","embeddable":true,"href":"https:\/\/www.europesays.com\/fr\/wp-json\/wp\/v2\/categories?post=112070"},{"taxonomy":"post_tag","embeddable":true,"href":"https:\/\/www.europesays.com\/fr\/wp-json\/wp\/v2\/tags?post=112070"}],"curies":[{"name":"wp","href":"https:\/\/api.w.org\/{rel}","templated":true}]}}