{"id":112086,"date":"2025-05-19T15:37:23","date_gmt":"2025-05-19T15:37:23","guid":{"rendered":"https:\/\/www.europesays.com\/fr\/112086\/"},"modified":"2025-05-19T15:37:23","modified_gmt":"2025-05-19T15:37:23","slug":"meteo-des-orages-vont-frapper-lisere-lalerte-declenchee-voici-les-zones-concernees","status":"publish","type":"post","link":"https:\/\/www.europesays.com\/fr\/112086\/","title":{"rendered":"M\u00e9t\u00e9o. Des orages vont frapper l&rsquo;Is\u00e8re, l&rsquo;alerte d\u00e9clench\u00e9e : voici les zones concern\u00e9es"},"content":{"rendered":"<p>            Par<br \/>\n        <strong><br \/>\n            <a href=\"https:\/\/actu.fr\/auteur\/julien-sournies\" title=\"Consulter tous les articles de Julien Sournies\" target=\"_blank\" rel=\"noopener\">Julien Sournies<\/a><br \/>\n        <\/strong><\/p>\n<p>        Publi\u00e9 le<\/p>\n<p>            19 mai 2025 \u00e0 12h33        <\/p>\n<p>Les orages sont pressentis pour faire leur <strong>grand retour<\/strong> dans le d\u00e9partement is\u00e9rois. En ce sens, M\u00e9t\u00e9o France a plac\u00e9 une bonne partie de la France en <a href=\"https:\/\/actu.fr\/meteo\/des-orages-violents-attendus-en-france-lundi-des-dizaines-de-departements-deja-places-en-vigilance_62651959.html\" target=\"_blank\" rel=\"noopener\">vigilance orages<\/a>, dont figure notamment l\u2019<a href=\"https:\/\/actu.fr\/auvergne-rhone-alpes\/isere_38\" target=\"_blank\" rel=\"noopener\">Is\u00e8re<\/a>, pour cette journ\u00e9e du lundi 19\u00a0mai 2025.<\/p>\n<p class=\" wall-content\">Voici \u00e0 quoi s\u2019attendre et quels seront les secteurs concern\u00e9s par les \u00e9clairs dans les prochaines heures.<\/p>\n<p>Des risques d\u2019orages \u00e0 Grenoble cet apr\u00e8s-midi<\/p>\n<p class=\" wall-content\">Si quelques averses faibles s\u2019abattent principalement sur le sud du d\u00e9partement en cette matin\u00e9e, le ciel va progressivement se mettre \u00e0 <strong>gronder au cours de l\u2019apr\u00e8s-midi<\/strong>. En effet, selon les pr\u00e9visions de M\u00e9t\u00e9o France, les secteurs de <a href=\"https:\/\/actu.fr\/grenoble\/\" target=\"_blank\" rel=\"noopener\">Grenoble<\/a>, du Bourg-d\u2019Oisans ou encore de Roussillon, proche du Rh\u00f4ne, font l\u2019objet d\u2019un grand risque d\u2019orages.<\/p>\n<p class=\" wall-content\">Des averses orageuses sont, quant \u00e0 elles, annonc\u00e9es du c\u00f4t\u00e9 de La Tour-du-Pin, Voiron et Theys cet apr\u00e8s-midi. En soir\u00e9e, les averses orageuses devraient laisser la place \u00e0 de v\u00e9ritables orages du c\u00f4t\u00e9 de Theys, poursuit M\u00e9t\u00e9o France. \u00c0 l\u2019inverse, de l\u00e9g\u00e8res averses orageuses devraient prendre place dans le ciel de Grenoble ce soir.<\/p>\n<p class=\" wall-content\">Au niveau des temp\u00e9ratures, il fera relativement chaud ce lundi, o\u00f9 le mercure grimpera au maximum jusqu\u2019\u00e0 <strong>25\u00b0C<\/strong> du c\u00f4t\u00e9 de la capitale des Alpes.<\/p>\n<p>Vid\u00e9os : en ce moment sur ActuDe la pluie toute la semaine<\/p>\n<p class=\" wall-content\">Quant \u00e0 la journ\u00e9e de mardi 20 mai, les orages vont revenir dans le d\u00e9partement is\u00e9rois. Si de petites averses orageuses sont pr\u00e9vues localement dans la matin\u00e9e, les orages vont s\u2019intensifier au cours de l\u2019apr\u00e8s-midi. En effet, toujours selon M\u00e9t\u00e9o France, les cumulonimbus recouvriront l\u2019int\u00e9gralit\u00e9 du ciel is\u00e9rois.<\/p>\n<p class=\" wall-content\">Concernant le reste de la semaine, des <strong>pr\u00e9cipitations pluvieuses<\/strong> sont pr\u00e9vues pour prendre le relais.<\/p>\n<p class=\" wall-content\">Suivez toute l\u2019actualit\u00e9 de vos villes et m\u00e9dias favoris en vous inscrivant \u00e0 <a href=\"https:\/\/moncompte.actu.fr\" title=\"D\u00e9couvez Mon Actu\" rel=\"nofollow noopener\" data-trk=\"{&quot;cta&quot;:{&quot;action&quot;:&quot;https:\\\/\\\/moncompte.actu.fr&quot;,&quot;category&quot;:&quot;mon compte&quot;,&quot;from&quot;:&quot;article footer&quot;,&quot;name&quot;:&quot;Mon actu&quot;,&quot;type&quot;:&quot;cta&quot;}}\" target=\"_blank\">Mon Actu<\/a>.<\/p>\n","protected":false},"excerpt":{"rendered":"Par Julien Sournies Publi\u00e9 le 19 mai 2025 \u00e0 12h33 Les orages sont pressentis pour faire leur grand&hellip;\n","protected":false},"author":2,"featured_media":112087,"comment_status":"","ping_status":"","sticky":false,"template":"","format":"standard","meta":{"footnotes":""},"categories":[9566],"tags":[1111,11,2430,1777,674,1011,27,2731,2487,2357,12,4594,25],"class_list":{"0":"post-112086","1":"post","2":"type-post","3":"status-publish","4":"format-standard","5":"has-post-thumbnail","7":"category-grenoble","8":"tag-actu","9":"tag-actualites","10":"tag-auvergne-rhone-alpes","11":"tag-eu","12":"tag-europe","13":"tag-fr","14":"tag-france","15":"tag-grenoble","16":"tag-meteo","17":"tag-meteo-france","18":"tag-news","19":"tag-orages","20":"tag-republique-francaise"},"share_on_mastodon":{"url":"https:\/\/pubeurope.com\/@fr\/114535244967221463","error":""},"_links":{"self":[{"href":"https:\/\/www.europesays.com\/fr\/wp-json\/wp\/v2\/posts\/112086","targetHints":{"allow":["GET"]}}],"collection":[{"href":"https:\/\/www.europesays.com\/fr\/wp-json\/wp\/v2\/posts"}],"about":[{"href":"https:\/\/www.europesays.com\/fr\/wp-json\/wp\/v2\/types\/post"}],"author":[{"embeddable":true,"href":"https:\/\/www.europesays.com\/fr\/wp-json\/wp\/v2\/users\/2"}],"replies":[{"embeddable":true,"href":"https:\/\/www.europesays.com\/fr\/wp-json\/wp\/v2\/comments?post=112086"}],"version-history":[{"count":0,"href":"https:\/\/www.europesays.com\/fr\/wp-json\/wp\/v2\/posts\/112086\/revisions"}],"wp:featuredmedia":[{"embeddable":true,"href":"https:\/\/www.europesays.com\/fr\/wp-json\/wp\/v2\/media\/112087"}],"wp:attachment":[{"href":"https:\/\/www.europesays.com\/fr\/wp-json\/wp\/v2\/media?parent=112086"}],"wp:term":[{"taxonomy":"category","embeddable":true,"href":"https:\/\/www.europesays.com\/fr\/wp-json\/wp\/v2\/categories?post=112086"},{"taxonomy":"post_tag","embeddable":true,"href":"https:\/\/www.europesays.com\/fr\/wp-json\/wp\/v2\/tags?post=112086"}],"curies":[{"name":"wp","href":"https:\/\/api.w.org\/{rel}","templated":true}]}}