{"id":1120866,"date":"2026-08-11T14:28:16","date_gmt":"2026-08-11T14:28:16","guid":{"rendered":"https:\/\/www.europesays.com\/fr\/1120866\/"},"modified":"2026-08-11T14:28:16","modified_gmt":"2026-08-11T14:28:16","slug":"ce-bar-de-nancy-possede-desormais-sa-cave-a-vin-en-vieille-ville-on-aime-mettre-en-avant-les-producteurs-locaux","status":"publish","type":"post","link":"https:\/\/www.europesays.com\/fr\/1120866\/","title":{"rendered":"Ce bar de Nancy poss\u00e8de d\u00e9sormais sa cave \u00e0 vin en Vieille Ville : \u00ab\u00a0On aime mettre en avant les producteurs locaux\u00a0\u00bb"},"content":{"rendered":"<p>                    Par<br \/>\n        <strong><br \/>\n            <a href=\"https:\/\/actu.fr\/auteur\/pierre-emile-bouchy-actu-fr\" title=\"Consulter tous les articles de Paul-Emile Bouchy\" rel=\"nofollow noopener\" target=\"_blank\">Paul-Emile Bouchy<\/a><br \/>\n                    <\/strong><\/p>\n<p>        Publi\u00e9 le<\/p>\n<p>            11 ao\u00fbt 2026 \u00e0 15h44        <\/p>\n<p>Depuis 10\u00a0ans, <strong>le bar Vindiou<\/strong> est install\u00e9 rue Saint-Michel, en Vieille Ville de <a href=\"https:\/\/actu.fr\/grand-est\/nancy_54395\" rel=\"nofollow noopener\" target=\"_blank\">Nancy<\/a> (Meurthe-et-Moselle). D\u00e9sormais, il poss\u00e8de \u00e9galement <strong>sa cave \u00e0 vin qui propose un large choix de produits locaux, bio et naturels<\/strong>. Laura, la g\u00e9rante, nous pr\u00e9sente ce nouveau commerce.<\/p>\n<p>De vins et des bi\u00e8res fabriqu\u00e9s en Lorraine<\/p>\n<p class=\" wall-content\"><strong>Cette nouvelle cave \u00e0 vin se situe juste en face<\/strong> du <a href=\"https:\/\/actu.fr\/tag\/musee-lorrain\" rel=\"nofollow noopener\" target=\"_blank\">mus\u00e9e Lorrain<\/a>, dans l\u2019ancien local de l\u2019opticien La Lunetterie (qui est d\u00e9sormais rue du Pont-Mouja). \u00ab\u2009L\u2019opportunit\u00e9 s\u2019est pr\u00e9sent\u00e9e donc on l\u2019a saisie\u2009\u00bb, explique-t-elle.<\/p>\n<p class=\" wall-content\">La cave propose plusieurs types d\u2019alcool\u2009: <strong>du vin, de la bi\u00e8re et aussi des spiritueux<\/strong>. \u00ab\u2009On a de bons producteurs locaux et on aime les mettre en avant, que ce soit les vignerons ou les brasseurs.\u2009\u00bb<\/p>\n<p>Des bouteilles pour tous les budgets<\/p>\n<p class=\" wall-content\">\u00ab\u2009On propose les m\u00eames vins que ceux qu\u2019on trouve dans notre bar. <strong>Si les gens ont bien aim\u00e9 ce qu\u2019ils ont bu, ils peuvent venir l\u2019acheter \u00e0 la cave<\/strong>\u2009\u00bb, ajoute Laura.<\/p>\n<p class=\" wall-content\">C\u00f4t\u00e9 prix, il y en a vraiment pour tous les budgets, avec <strong>des bouteilles autour de 10\u00a0euros<\/strong>\u2009: \u00ab\u2009On peut aussi faire des coffrets de deux bouteilles pour offrir.\u2009\u00bb<\/p>\n<p class=\" wall-content\">La cave \u00e0 vin est ouverte du mardi au vendredi (14h30-20h), le samedi (10h-13h \/ 14h-20h) et le dimanche (9h-13h).<\/p>\n<p class=\" wall-content\">Personnalisez votre actualit\u00e9 en ajoutant vos villes et m\u00e9dias en favori avec <a href=\"https:\/\/moncompte.actu.fr\" title=\"D\u00e9couvez Mon Actu\" rel=\"nofollow noopener\" data-trk=\"{&quot;cta&quot;:{&quot;action&quot;:&quot;https:\\\/\\\/moncompte.actu.fr&quot;,&quot;category&quot;:&quot;mon compte&quot;,&quot;from&quot;:&quot;article footer&quot;,&quot;name&quot;:&quot;Mon actu&quot;,&quot;type&quot;:&quot;cta&quot;}}\" target=\"_blank\">Mon Actu<\/a>.<\/p>\n","protected":false},"excerpt":{"rendered":"Par Paul-Emile Bouchy Publi\u00e9 le 11 ao\u00fbt 2026 \u00e0 15h44 Depuis 10\u00a0ans, le bar Vindiou est install\u00e9 rue&hellip;\n","protected":false},"author":2,"featured_media":1120867,"comment_status":"","ping_status":"","sticky":false,"template":"","format":"standard","meta":{"footnotes":"","_share_on_mastodon":"0"},"categories":[9635],"tags":[1111,11,215,1777,674,1011,27,775,1702,12,3147,25,104,1662],"class_list":["post-1120866","post","type-post","status-publish","format-standard","has-post-thumbnail","category-nancy","tag-actu","tag-actualites","tag-commerce","tag-eu","tag-europe","tag-fr","tag-france","tag-grand-est","tag-nancy","tag-news","tag-nouveaux-commerces","tag-republique-francaise","tag-societe","tag-vin"],"share_on_mastodon":{"url":"https:\/\/pubeurope.com\/@fr\/117077350909552834","error":""},"_links":{"self":[{"href":"https:\/\/www.europesays.com\/fr\/wp-json\/wp\/v2\/posts\/1120866","targetHints":{"allow":["GET"]}}],"collection":[{"href":"https:\/\/www.europesays.com\/fr\/wp-json\/wp\/v2\/posts"}],"about":[{"href":"https:\/\/www.europesays.com\/fr\/wp-json\/wp\/v2\/types\/post"}],"author":[{"embeddable":true,"href":"https:\/\/www.europesays.com\/fr\/wp-json\/wp\/v2\/users\/2"}],"replies":[{"embeddable":true,"href":"https:\/\/www.europesays.com\/fr\/wp-json\/wp\/v2\/comments?post=1120866"}],"version-history":[{"count":0,"href":"https:\/\/www.europesays.com\/fr\/wp-json\/wp\/v2\/posts\/1120866\/revisions"}],"wp:featuredmedia":[{"embeddable":true,"href":"https:\/\/www.europesays.com\/fr\/wp-json\/wp\/v2\/media\/1120867"}],"wp:attachment":[{"href":"https:\/\/www.europesays.com\/fr\/wp-json\/wp\/v2\/media?parent=1120866"}],"wp:term":[{"taxonomy":"category","embeddable":true,"href":"https:\/\/www.europesays.com\/fr\/wp-json\/wp\/v2\/categories?post=1120866"},{"taxonomy":"post_tag","embeddable":true,"href":"https:\/\/www.europesays.com\/fr\/wp-json\/wp\/v2\/tags?post=1120866"}],"curies":[{"name":"wp","href":"https:\/\/api.w.org\/{rel}","templated":true}]}}