{"id":1120868,"date":"2026-08-11T14:29:33","date_gmt":"2026-08-11T14:29:33","guid":{"rendered":"https:\/\/www.europesays.com\/fr\/1120868\/"},"modified":"2026-08-11T14:29:33","modified_gmt":"2026-08-11T14:29:33","slug":"meteo-les-previsions-meteorologiques-du-mardi-11-aout-2026-a-vandoeuvre-les-nancy-et-ses-environs","status":"publish","type":"post","link":"https:\/\/www.europesays.com\/fr\/1120868\/","title":{"rendered":"M\u00e9t\u00e9o. Les pr\u00e9visions m\u00e9t\u00e9orologiques du mardi 11 ao\u00fbt 2026 \u00e0 Vand\u0153uvre-l\u00e8s-Nancy et ses environs"},"content":{"rendered":"<p data-ofstats-scroll=\"read_depth_20\">La matin\u00e9e du mardi 11 ao\u00fbt 2026 d\u00e9butera sous un ciel parfaitement d\u00e9gag\u00e9, qui restera largement clair jusqu\u2019en fin de matin\u00e9e. Les temp\u00e9ratures, encore douces autour de 20 \u00e0 21 \u00b0C au lever du jour, progresseront pour atteindre pr\u00e8s de 25 \u00b0C vers la fin de la p\u00e9riode. Le vent soufflera d\u2019abord du Nord-Est \u00e0 10 km\/h, avant de se renforcer \u00e0 15 km\/h, avec des rafales pouvant atteindre 25 \u00e0 30 km\/h. L\u2019humidit\u00e9 diminuera au fil des heures, dans une ambiance d\u00e9j\u00e0 bien ensoleill\u00e9e.<\/p>\n<p data-ofstats-scroll=\"read_depth_40\">L\u2019apr\u00e8s-midi prolongera ces conditions tr\u00e8s stables, sous un ciel parfaitement d\u00e9gag\u00e9, sans \u00e9volution notable de la n\u00e9bulosit\u00e9. La temp\u00e9rature grimpera d\u2019un niveau d\u00e9j\u00e0 estival en d\u00e9but de p\u00e9riode pour atteindre environ 31 \u00b0C en fin d\u2019apr\u00e8s-midi, o\u00f9 elle se stabilisera. Le vent soufflera d\u2019abord de l\u2019Est-Nord-Est autour de 10 km\/h, puis s\u2019orientera davantage au Nord-Est, se renfor\u00e7ant jusqu\u2019\u00e0 15 km\/h avec des rafales comprises entre 25 et 30 km\/h. L\u2019humidit\u00e9 poursuivra sa baisse, accentuant le caract\u00e8re sec de la masse d\u2019air.<\/p>\n<p data-ofstats-scroll=\"read_depth_50\">En soir\u00e9e, dans le prolongement de l\u2019apr\u00e8s-midi, la temp\u00e9rature restera \u00e9lev\u00e9e en d\u00e9but de p\u00e9riode, se maintenant autour de 31 \u00b0C avant de diminuer pour atteindre 26 \u00b0C en fin de soir\u00e9e. Le vent soufflera de Nord-Est \u00e0 15 km\/h, avec des rafales pouvant atteindre 30 km\/h, puis 35 km\/h \u00e0 partir du milieu de soir\u00e9e, en s\u2019orientant lentement vers l\u2019Est-Nord-Est. Le ciel restera d\u00e9gag\u00e9 et l\u2019humidit\u00e9 augmentera l\u00e9g\u00e8rement, apportant une sensation un peu moins s\u00e8che, avant de reculer de nouveau.<\/p>\n<p data-ofstats-scroll=\"read_depth_70\">Au cours de la nuit suivante, la temp\u00e9rature reculera, passant d\u2019environ 25 \u00e0 21 \u00b0C en fin de nuit, sans chute brutale, dans le m\u00eame r\u00e9gime de temps calme et d\u00e9gag\u00e9 que la veille. Le vent restera faible \u00e0 mod\u00e9r\u00e9, variant entre 10 et 15 km\/h, avec des rafales atteignant 25 \u00e0 30 km\/h, tandis que sa direction \u00e9voluera lentement de l\u2019Est-Nord-Est vers le Nord-Est. Le ciel demeurera clair et l\u2019humidit\u00e9 augmentera jusqu\u2019aux premi\u00e8res lueurs du jour, pr\u00e9parant une atmosph\u00e8re un peu plus douce au petit matin.<\/p>\n<p data-ofstats-scroll=\"read_depth_90\">Pour la journ\u00e9e de mercredi, les temp\u00e9ratures s\u2019\u00e9chelonneront d\u2019environ 19 \u00e0 31 \u00b0C, assurant la poursuite de cet \u00e9pisode estival. La matin\u00e9e d\u00e9butera sous un ciel largement d\u00e9gag\u00e9, avec une douceur d\u00e9j\u00e0 install\u00e9e. Le vent, d\u2019abord orient\u00e9 au Nord-Est vers 10 km\/h, restera mod\u00e9r\u00e9, accompagn\u00e9 de rafales pouvant atteindre 25 km\/h. En cours d\u2019apr\u00e8s-midi, les temp\u00e9ratures augmenteront nettement, le vent basculera Est-Nord-Est jusqu\u2019\u00e0 15 km\/h avec des rafales proches de 30 km\/h, tandis que l\u2019air deviendra plus sec, dans la continuit\u00e9 des journ\u00e9es pr\u00e9c\u00e9dentes.<\/p>\n<p data-ofstats-scroll=\"read_depth_90\"><a href=\"https:\/\/www.ouest-france.fr\/meteo\/grand-est\/vandoeuvre-les-nancy-54500\/\" rel=\"nofollow noopener\" target=\"_blank\">Suivez la m\u00e9t\u00e9o de votre commune en temps r\u00e9el<\/a><\/p>\n<p data-ofstats-scroll=\"read_depth_100\">Ouest-France vous donne \u00e9galement la possibilit\u00e9 de conna\u00eetre la m\u00e9t\u00e9o de votre commune, heure par heure, sur notre page m\u00e9t\u00e9o d\u00e9di\u00e9e<\/p>\n","protected":false},"excerpt":{"rendered":"La matin\u00e9e du mardi 11 ao\u00fbt 2026 d\u00e9butera sous un ciel parfaitement d\u00e9gag\u00e9, qui restera largement clair jusqu\u2019en&hellip;\n","protected":false},"author":2,"featured_media":1114935,"comment_status":"","ping_status":"","sticky":false,"template":"","format":"standard","meta":{"footnotes":"","_share_on_mastodon":"0"},"categories":[9635],"tags":[1111,11,11734,1777,674,1011,27,775,1702,9847,12,25,24495,5711],"class_list":["post-1120868","post","type-post","status-publish","format-standard","has-post-thumbnail","category-nancy","tag-actu","tag-actualites","tag-bois-de-haye","tag-eu","tag-europe","tag-fr","tag-france","tag-grand-est","tag-nancy","tag-neuves-maisons","tag-news","tag-republique-francaise","tag-richardmenil","tag-vandoeuvre-les-nancy"],"share_on_mastodon":{"url":"https:\/\/pubeurope.com\/@fr\/117077354929111331","error":""},"_links":{"self":[{"href":"https:\/\/www.europesays.com\/fr\/wp-json\/wp\/v2\/posts\/1120868","targetHints":{"allow":["GET"]}}],"collection":[{"href":"https:\/\/www.europesays.com\/fr\/wp-json\/wp\/v2\/posts"}],"about":[{"href":"https:\/\/www.europesays.com\/fr\/wp-json\/wp\/v2\/types\/post"}],"author":[{"embeddable":true,"href":"https:\/\/www.europesays.com\/fr\/wp-json\/wp\/v2\/users\/2"}],"replies":[{"embeddable":true,"href":"https:\/\/www.europesays.com\/fr\/wp-json\/wp\/v2\/comments?post=1120868"}],"version-history":[{"count":0,"href":"https:\/\/www.europesays.com\/fr\/wp-json\/wp\/v2\/posts\/1120868\/revisions"}],"wp:featuredmedia":[{"embeddable":true,"href":"https:\/\/www.europesays.com\/fr\/wp-json\/wp\/v2\/media\/1114935"}],"wp:attachment":[{"href":"https:\/\/www.europesays.com\/fr\/wp-json\/wp\/v2\/media?parent=1120868"}],"wp:term":[{"taxonomy":"category","embeddable":true,"href":"https:\/\/www.europesays.com\/fr\/wp-json\/wp\/v2\/categories?post=1120868"},{"taxonomy":"post_tag","embeddable":true,"href":"https:\/\/www.europesays.com\/fr\/wp-json\/wp\/v2\/tags?post=1120868"}],"curies":[{"name":"wp","href":"https:\/\/api.w.org\/{rel}","templated":true}]}}