{"id":1120944,"date":"2026-08-11T15:17:19","date_gmt":"2026-08-11T15:17:19","guid":{"rendered":"https:\/\/www.europesays.com\/fr\/1120944\/"},"modified":"2026-08-11T15:17:19","modified_gmt":"2026-08-11T15:17:19","slug":"willis-marchand-tolofua-les-fratries-nont-jamais-ete-aussi-nombreuses-en-top-14","status":"publish","type":"post","link":"https:\/\/www.europesays.com\/fr\/1120944\/","title":{"rendered":"Willis, Marchand, Tolofua, les fratries n&rsquo;ont jamais \u00e9t\u00e9 aussi nombreuses en Top 14"},"content":{"rendered":"<p>                    Par<br \/>\n        <strong><br \/>\n            <a href=\"https:\/\/actu.fr\/auteur\/remy-messegue\" title=\"Consulter tous les articles de R\u00e9my Mess\u00e9gu\u00e9\" rel=\"nofollow noopener\" target=\"_blank\">R\u00e9my Mess\u00e9gu\u00e9<\/a><br \/>\n                    <\/strong><\/p>\n<p>        Publi\u00e9 le<\/p>\n<p>            11 ao\u00fbt 2026 \u00e0 11h27        <\/p>\n<p>Le rugby est une histoire de famille et le <a href=\"https:\/\/actu.fr\/rugby\/top-14\" rel=\"nofollow noopener\" target=\"_blank\">Top 14<\/a> en regorge. Historiquement, les Li\u00e8vremont, Spanghero c\u00f4t\u00e9 fran\u00e7ais ou encore plus r\u00e9cemment les jumeaux Arnold et les fr\u00e8res Whitelock ont partag\u00e9 les terrains de premi\u00e8re division. Mais la saison qui arrive va marquer une page importante puisqu\u2019il n\u2019y aura jamais eu autant de fratries qui s\u2019affronteront ou joueront sous les m\u00eames couleurs depuis l\u2019instauration de la poule unique \u00e0 14 \u00e9quipes. Vannes monte avec 3 \u00ab\u00a0fr\u00e8res de\u00a0\u00bb et Tom Willis, de retour \u00e0 l\u2019UBB 3 ans apr\u00e8s <a href=\"https:\/\/actu.fr\/occitanie\/toulouse_31555\/top-14-jack-willis-j-ai-dit-a-mon-frere-de-venir-jouer-a-toulouse-quand-il-reviendra_59652754.html\" rel=\"nofollow noopener\" target=\"_blank\">affrontera de nouveau son fr\u00e8re Jack<\/a>. Tour d\u2019horizon des 14 fratries du Top 14.\u00a0<\/p>\n<p>Ils partageront les m\u00eames couleurs<\/p>\n<p class=\" wall-content\">Ils sont au nombre de quatre \u00e0 porter le m\u00eame nom et les m\u00eames couleurs sur la ligne de d\u00e9part de cette saison. Les plus connus, les fr\u00e8res <strong>Ntamack, Romain et Th\u00e9o<\/strong> porteront les couleurs du <a href=\"https:\/\/actu.fr\/tag\/stade-toulousain\" rel=\"nofollow noopener\" target=\"_blank\">Stade Toulousain<\/a>.\u00a0<\/p>\n<p class=\" wall-content\">Du c\u00f4t\u00e9 de Toulon, <strong>Swan Rebbadj<\/strong> apr\u00e8s une ann\u00e9e difficile en raison d\u2019une longue blessure retrouvera les terrains et son fr\u00e8re <strong>Rayan,<\/strong> champion olympique de rugby \u00e0 7. Ils seront accompagn\u00e9s au <a href=\"https:\/\/actu.fr\/tag\/rct-rugby-club-toulonnais\" rel=\"nofollow noopener\" target=\"_blank\">RCT<\/a> par deux jeunes recrues de l\u2019intersaison, les <strong>Keletaona, Luka<\/strong>, ouvreur de m\u00e9tier et international moins de 20 ans et <strong>Tana<\/strong> son petit fr\u00e8re en 3e ligne, lui aussi international de la cat\u00e9gorie \u00e0 seulement 18 ans.<\/p>\n<p class=\" wall-content\">Enfin <strong>Moses et Paul Alo-Emile<\/strong> d\u00e9fendront toujours les couleurs du <a href=\"https:\/\/actu.fr\/tag\/stade-francais\" rel=\"nofollow noopener\" target=\"_blank\">Stade Fran\u00e7ais<\/a> m\u00eame s\u2019ils ne partageront d\u00e9sormais plus la m\u00eame s\u00e9lection puisque Moses a fait le choix du XV de France lors du dernier Nations Championship.<\/p>\n<p>Vannes pourvoyeur de fratries<\/p>\n<p class=\" wall-content\">Avec la mont\u00e9e de <a href=\"https:\/\/actu.fr\/tag\/rc-vannes\" rel=\"nofollow noopener\" target=\"_blank\">Vannes<\/a> en Top 14, ce ne sont pas moins de quatre fratries qui se retrouveront tout au long de la saison. Apr\u00e8s avoir partag\u00e9 les m\u00eames couleurs \u00e0 la Rochelle, cette fois-ci, <strong>les fr\u00e8res Boudehent<\/strong> se feront face, <strong>Paul<\/strong> toujours au <a href=\"https:\/\/actu.fr\/tag\/stade-rochelais\" rel=\"nofollow noopener\" target=\"_blank\">Stade Rochelais<\/a> et <strong>Pierre<\/strong> avec le RCV.\u00a0<\/p>\n<p class=\" wall-content\">M\u00eame histoire pour les <strong>Le Bail<\/strong>. D\u00e9j\u00e0 adversaires lors de la premi\u00e8re saison des Bretons en Top 14, avec <strong>Clovis et Jules<\/strong> qui s\u2019\u00e9taient crois\u00e9s lorsque le premier \u00e9voluait au <a href=\"https:\/\/actu.fr\/tag\/racing-92\" rel=\"nofollow noopener\" target=\"_blank\">Racing<\/a>. Cette saison, Jules sera toujours du c\u00f4t\u00e9 de Vannes quand Clovis \u00e9volue du c\u00f4t\u00e9 de Toulon.\u00a0<\/p>\n<p class=\" wall-content\">\u00c0 l\u2019occasion des retrouvailles entre les Bretons et les Varois, il pourrait y avoir une autre paire de fr\u00e8res sur la pelouse. En 2e ligne, <strong>Timoth\u00e9<\/strong> le Vannetais affronterait potentiellement <strong>Corentin<\/strong>, son fr\u00e8re, le Toulonnais qui a prolong\u00e9 jusqu\u2019en 2029 sur la Rade.\u00a0<\/p>\n<p class=\" wall-content\">Et enfin, avec la signature de <strong>Nathana\u00ebl Hulleu<\/strong> \u00e0 Vannes en provenance de <a href=\"https:\/\/actu.fr\/tag\/castres-olympique\" rel=\"nofollow noopener\" target=\"_blank\">Castres<\/a>, les matchs face au Racing 92 seront l\u2019occasion de le voir se confronter sur l\u2019aile \u00e0 son fr\u00e8re <strong>Wilfried<\/strong>.\u00a0<\/p>\n<p>Les historiques Marchand et le retour des Willis<\/p>\n<p class=\" wall-content\">Le Racing 92, qui compte dans ses rangs un certain <strong>Max Spring<\/strong>, qui a d\u00e9j\u00e0 affront\u00e9 dans sa carri\u00e8re son fr\u00e8re <strong>Tom<\/strong>, joueur de l\u2019<a href=\"https:\/\/actu.fr\/tag\/aviron-bayonnais\" rel=\"nofollow noopener\" target=\"_blank\">Aviron Bayonnais<\/a>. Les deux ont de grandes chances de se recroiser cette ann\u00e9e. Tout comme les <strong>fr\u00e8res Tolofua. <\/strong>Apr\u00e8s avoir port\u00e9 ensemble les maillots de Toulouse et de Toulon,\u00a0<strong>Christopher<\/strong> \u00e9volue d\u00e9sormais du c\u00f4t\u00e9 de <a href=\"https:\/\/actu.fr\/tag\/montpellier-herault-rugby\" rel=\"nofollow noopener\" target=\"_blank\">Montpellier<\/a>, quand<strong> Selevasio<\/strong> porte les couleurs de <a href=\"https:\/\/actu.fr\/tag\/asm-clermont-auvergne\" rel=\"nofollow noopener\" target=\"_blank\">Clermont<\/a>.<\/p>\n<p class=\" wall-content\">L\u2019ASM qui pourra aussi compter sur<strong> Sacha Lotrian<\/strong>. Et m\u00eame si cela fait deux saisons qu\u2019il aurait pu croiser la route de son fr\u00e8re <strong>Mathys<\/strong>, joueur de l\u2019<a href=\"https:\/\/actu.fr\/tag\/usap-perpignan\" rel=\"nofollow noopener\" target=\"_blank\">USAP<\/a>, ce n\u2019est jamais arriv\u00e9. Une premi\u00e8re pourrait donc avoir lieu lors de cet exercice.<\/p>\n<p class=\" wall-content\">Apr\u00e8s avoir travers\u00e9 la Manche, d\u2019autres fratries anglaises partageront les pelouses du Top 14. Ce sera loin d\u2019\u00eatre la premi\u00e8re fois, mais <strong>Sam Simmonds<\/strong>, le 3e ligne lyonnais croisera le fer avec <strong>Joe<\/strong>, son fr\u00e8re lors des matchs face \u00e0 <a href=\"https:\/\/actu.fr\/tag\/section-paloise\" rel=\"nofollow noopener\" target=\"_blank\">Pau<\/a>. Tout comme <strong>les fr\u00e8res Willis<\/strong>. En effet, avec le retour de <strong>Tom<\/strong> \u00e0 l\u2019<a href=\"https:\/\/actu.fr\/tag\/usb-union-bordeaux-begles\" rel=\"nofollow noopener\" target=\"_blank\">UBB<\/a>, il affrontera son fr\u00e8re <strong>Jack<\/strong>, joueur du Stade Toulousain, comme cela avait \u00e9t\u00e9 le cas en 2023.<\/p>\n<p class=\" wall-content\">Enfin, <strong>les fr\u00e8res Marchand<\/strong>, <strong>Julien<\/strong> \u00e0 Toulouse et <strong>Guillaume<\/strong> \u00e0 Lyon risquent de s\u2019affronter une nouvelle fois apr\u00e8s avoir conquis ensemble sur les bords de la Garonne des titres en 2019 et 2021 jusqu\u2019au d\u00e9part du plus jeune au <a href=\"https:\/\/actu.fr\/tag\/lyon-olympique-universitaire\" rel=\"nofollow noopener\" target=\"_blank\">LOU<\/a>.\u00a0<\/p>\n<p class=\" wall-content\">Personnalisez votre actualit\u00e9 en ajoutant vos villes et m\u00e9dias en favori avec <a href=\"https:\/\/moncompte.actu.fr\" title=\"D\u00e9couvez Mon Actu\" rel=\"nofollow noopener\" data-trk=\"{&quot;cta&quot;:{&quot;action&quot;:&quot;https:\\\/\\\/moncompte.actu.fr&quot;,&quot;category&quot;:&quot;mon compte&quot;,&quot;from&quot;:&quot;article footer&quot;,&quot;name&quot;:&quot;Mon actu&quot;,&quot;type&quot;:&quot;cta&quot;}}\" target=\"_blank\">Mon Actu<\/a>.<\/p>\n","protected":false},"excerpt":{"rendered":"Par R\u00e9my Mess\u00e9gu\u00e9 Publi\u00e9 le 11 ao\u00fbt 2026 \u00e0 11h27 Le rugby est une histoire de famille et&hellip;\n","protected":false},"author":2,"featured_media":1120945,"comment_status":"","ping_status":"","sticky":false,"template":"","format":"standard","meta":{"footnotes":"","_share_on_mastodon":"0"},"categories":[1416],"tags":[1011,27,3164,479,1468,60,478],"class_list":["post-1120944","post","type-post","status-publish","format-standard","has-post-thumbnail","category-rugby","tag-fr","tag-france","tag-rc-vannes","tag-rugby","tag-rugby-football","tag-sports","tag-top-14"],"share_on_mastodon":{"url":"https:\/\/pubeurope.com\/@fr\/117077544050502744","error":""},"_links":{"self":[{"href":"https:\/\/www.europesays.com\/fr\/wp-json\/wp\/v2\/posts\/1120944","targetHints":{"allow":["GET"]}}],"collection":[{"href":"https:\/\/www.europesays.com\/fr\/wp-json\/wp\/v2\/posts"}],"about":[{"href":"https:\/\/www.europesays.com\/fr\/wp-json\/wp\/v2\/types\/post"}],"author":[{"embeddable":true,"href":"https:\/\/www.europesays.com\/fr\/wp-json\/wp\/v2\/users\/2"}],"replies":[{"embeddable":true,"href":"https:\/\/www.europesays.com\/fr\/wp-json\/wp\/v2\/comments?post=1120944"}],"version-history":[{"count":0,"href":"https:\/\/www.europesays.com\/fr\/wp-json\/wp\/v2\/posts\/1120944\/revisions"}],"wp:featuredmedia":[{"embeddable":true,"href":"https:\/\/www.europesays.com\/fr\/wp-json\/wp\/v2\/media\/1120945"}],"wp:attachment":[{"href":"https:\/\/www.europesays.com\/fr\/wp-json\/wp\/v2\/media?parent=1120944"}],"wp:term":[{"taxonomy":"category","embeddable":true,"href":"https:\/\/www.europesays.com\/fr\/wp-json\/wp\/v2\/categories?post=1120944"},{"taxonomy":"post_tag","embeddable":true,"href":"https:\/\/www.europesays.com\/fr\/wp-json\/wp\/v2\/tags?post=1120944"}],"curies":[{"name":"wp","href":"https:\/\/api.w.org\/{rel}","templated":true}]}}