{"id":1120977,"date":"2026-08-11T15:39:17","date_gmt":"2026-08-11T15:39:17","guid":{"rendered":"https:\/\/www.europesays.com\/fr\/1120977\/"},"modified":"2026-08-11T15:39:17","modified_gmt":"2026-08-11T15:39:17","slug":"deces-de-dominique-libault-site-internet-de-la-ville-de-saint-etienne","status":"publish","type":"post","link":"https:\/\/www.europesays.com\/fr\/1120977\/","title":{"rendered":"D\u00e9c\u00e8s de Dominique Libault | Site Internet de la ville de Saint-\u00c9tienne"},"content":{"rendered":"<p>C\u2019est avec une profonde tristesse que R\u00e9gis Juanico, maire de Saint-\u00c9tienne, et la municipalit\u00e9 ont appris la disparition, ce mardi 11 ao\u00fbt, de Dominique Libault.<\/p>\n<p>\u00a0<\/p>\n<p>Ancien directeur de la S\u00e9curit\u00e9 sociale durant une d\u00e9cennie, il a consacr\u00e9 une grande partie de sa vie professionnelle \u00e0 la d\u00e9fense et \u00e0 la modernisation de notre mod\u00e8le de protection sociale. Par son expertise, son engagement et sa connaissance approfondie des politiques sociales, il a contribu\u00e9 \u00e0 faire vivre les principes de solidarit\u00e9 qui fondent notre pacte r\u00e9publicain.<\/p>\n<p>\u00a0<\/p>\n<p>\u00c0 travers ses responsabilit\u00e9s, il a notamment \u0153uvr\u00e9 pour que notre syst\u00e8me de protection sociale puisse r\u00e9pondre aux \u00e9volutions de la soci\u00e9t\u00e9 et aux besoins de nos concitoyens, avec une attention constante port\u00e9e \u00e0 la dignit\u00e9 et \u00e0 l\u2019accompagnement des plus fragiles. Il avait d\u2019ailleurs pos\u00e9 les fondations d\u2019une r\u00e9forme profonde de l\u2019accompagnement du vieillissement en France, inspirant la cr\u00e9ation de la cinqui\u00e8me branche de la s\u00e9curit\u00e9 sociale consacr\u00e9e \u00e0 l\u2019autonomie.<\/p>\n<p>\u00a0<\/p>\n<p>Depuis 2012, il dirigeait l\u2019\u00c9cole nationale sup\u00e9rieure de S\u00e9curit\u00e9 sociale (EN3S) de Saint-\u00c9tienne, \u00e9tablissement de r\u00e9f\u00e9rence qui fait la fiert\u00e9 de la ville.<\/p>\n<p>\u00a0<\/p>\n<p>Au nom de la Ville, le maire de Saint-\u00c9tienne adresse ses sinc\u00e8res condol\u00e9ances \u00e0 sa famille, \u00e0 ses proches ainsi qu\u2019\u00e0 l\u2019ensemble de celles et ceux qui ont eu l\u2019occasion de travailler \u00e0 ses c\u00f4t\u00e9s.<\/p>\n","protected":false},"excerpt":{"rendered":"C\u2019est avec une profonde tristesse que R\u00e9gis Juanico, maire de Saint-\u00c9tienne, et la municipalit\u00e9 ont appris la disparition,&hellip;\n","protected":false},"author":2,"featured_media":990820,"comment_status":"","ping_status":"","sticky":false,"template":"","format":"standard","meta":{"footnotes":"","_share_on_mastodon":"0"},"categories":[9653],"tags":[1111,11,2430,1777,674,1011,27,12,25,4001],"class_list":["post-1120977","post","type-post","status-publish","format-standard","has-post-thumbnail","category-saint-etienne","tag-actu","tag-actualites","tag-auvergne-rhone-alpes","tag-eu","tag-europe","tag-fr","tag-france","tag-news","tag-republique-francaise","tag-saint-etienne"],"share_on_mastodon":{"url":"https:\/\/pubeurope.com\/@fr\/117077630327783111","error":""},"_links":{"self":[{"href":"https:\/\/www.europesays.com\/fr\/wp-json\/wp\/v2\/posts\/1120977","targetHints":{"allow":["GET"]}}],"collection":[{"href":"https:\/\/www.europesays.com\/fr\/wp-json\/wp\/v2\/posts"}],"about":[{"href":"https:\/\/www.europesays.com\/fr\/wp-json\/wp\/v2\/types\/post"}],"author":[{"embeddable":true,"href":"https:\/\/www.europesays.com\/fr\/wp-json\/wp\/v2\/users\/2"}],"replies":[{"embeddable":true,"href":"https:\/\/www.europesays.com\/fr\/wp-json\/wp\/v2\/comments?post=1120977"}],"version-history":[{"count":0,"href":"https:\/\/www.europesays.com\/fr\/wp-json\/wp\/v2\/posts\/1120977\/revisions"}],"wp:featuredmedia":[{"embeddable":true,"href":"https:\/\/www.europesays.com\/fr\/wp-json\/wp\/v2\/media\/990820"}],"wp:attachment":[{"href":"https:\/\/www.europesays.com\/fr\/wp-json\/wp\/v2\/media?parent=1120977"}],"wp:term":[{"taxonomy":"category","embeddable":true,"href":"https:\/\/www.europesays.com\/fr\/wp-json\/wp\/v2\/categories?post=1120977"},{"taxonomy":"post_tag","embeddable":true,"href":"https:\/\/www.europesays.com\/fr\/wp-json\/wp\/v2\/tags?post=1120977"}],"curies":[{"name":"wp","href":"https:\/\/api.w.org\/{rel}","templated":true}]}}