{"id":1121146,"date":"2026-08-11T17:35:20","date_gmt":"2026-08-11T17:35:20","guid":{"rendered":"https:\/\/www.europesays.com\/fr\/1121146\/"},"modified":"2026-08-11T17:35:20","modified_gmt":"2026-08-11T17:35:20","slug":"k-beauty-la-plus-grande-boutique-deurope-vient-tout-juste-douvrir-ses-portes-a-paris","status":"publish","type":"post","link":"https:\/\/www.europesays.com\/fr\/1121146\/","title":{"rendered":"K-beauty : la plus grande boutique d\u2019Europe vient tout juste d&rsquo;ouvrir ses portes \u00e0 Paris"},"content":{"rendered":"<p>Alors que les initi\u00e9s shopper majoritairement en ligne, Moida rassemble plus de 80 marques cor\u00e9ennes et pr\u00e8s de 1 200 produits de <a href=\"https:\/\/www.vogue.fr\/dossier\/soins\" isautogenerated=\"true\" rel=\"nofollow noopener\" target=\"_blank\">soins<\/a>. S\u00e9rums, cr\u00e8mes, toniques, masques\u2026 Tous les produits viraux de votre \u201cfor you page\u201d se nichent dans le m\u00eame espace, de quoi cr\u00e9er la routine de soins de vos r\u00eaves. On retrouve plusieurs best-sellers comme les masques de nuit <strong>Biodance<\/strong>, la cr\u00e8me 345 Relief <strong>Dr. Althea<\/strong>, le Madagascar Centella Hyalu-cica Water-Fit Sun Serum de <strong>Skin 1004<\/strong> ou encore le Retinal Shot Tightening Booster de <strong>Celimax<\/strong>. Pour les amateurs comme les curieux, le magasin propose \u00e9galement une exp\u00e9rience d\u2019achat personnalis\u00e9e. Peau s\u00e8che, acn\u00e9, rougeurs ou imperfections, vous allez pouvoir analyser les diff\u00e9rents besoins de votre peau. La promesse de <strong>Moida,<\/strong> c&rsquo;est aussi de permettre l\u2019acc\u00e8s aux produits d\u00e8s leur <a href=\"https:\/\/www.vogue.fr\/dossier\/sortie\" isautogenerated=\"true\" rel=\"nofollow noopener\" target=\"_blank\">sortie<\/a>, avec un espace d\u00e9di\u00e9 aux pop-up au deuxi\u00e8me \u00e9tage. Fin ao\u00fbt, on retrouvera le prochain \u00e9v\u00e9nement de leur calendrier : une activation avec <strong>Tocobo<\/strong>, label reconnu pour ses formulations v\u00e9gane et la transparence de ses compositions.<\/p>\n<p><img decoding=\"async\" alt=\"Courtesy of Moida\" loading=\"lazy\" class=\"ResponsiveImageContainer-dkeESL cQPiWi responsive-image__image\"   src=\"https:\/\/www.europesays.com\/fr\/wp-content\/uploads\/2026\/08\/Ouverture%20Moida%20Champs-Elyse%CC%81es%2010%20(1).JPG\"\/><\/p>\n<p>Rendez-vous d\u00e8s aujourd\u2019hui au 30 avenue des Champs-\u00c9lys\u00e9e pour faire votre stock de soins cor\u00e9ens avant la <a href=\"https:\/\/www.vogue.fr\/dossier\/rentree\" isautogenerated=\"true\" rel=\"nofollow noopener\" target=\"_blank\">rentr\u00e9e<\/a>.<\/p>\n","protected":false},"excerpt":{"rendered":"Alors que les initi\u00e9s shopper majoritairement en ligne, Moida rassemble plus de 80 marques cor\u00e9ennes et pr\u00e8s de&hellip;\n","protected":false},"author":2,"featured_media":1121147,"comment_status":"","ping_status":"","sticky":false,"template":"","format":"standard","meta":{"footnotes":"","_share_on_mastodon":"0"},"categories":[1888],"tags":[1111,1928,11,1927,1777,674,1011,27,12,1926,626,1925,115162,25,4984],"class_list":["post-1121146","post","type-post","status-publish","format-standard","has-post-thumbnail","category-paris","tag-actu","tag-actu-paris","tag-actualites","tag-actualites-paris","tag-eu","tag-europe","tag-fr","tag-france","tag-news","tag-news-paris","tag-paris","tag-paris-news","tag-produits-de-beaute-bestsellers","tag-republique-francaise","tag-soins"],"share_on_mastodon":{"url":"https:\/\/pubeurope.com\/@fr\/117078088126773711","error":""},"_links":{"self":[{"href":"https:\/\/www.europesays.com\/fr\/wp-json\/wp\/v2\/posts\/1121146","targetHints":{"allow":["GET"]}}],"collection":[{"href":"https:\/\/www.europesays.com\/fr\/wp-json\/wp\/v2\/posts"}],"about":[{"href":"https:\/\/www.europesays.com\/fr\/wp-json\/wp\/v2\/types\/post"}],"author":[{"embeddable":true,"href":"https:\/\/www.europesays.com\/fr\/wp-json\/wp\/v2\/users\/2"}],"replies":[{"embeddable":true,"href":"https:\/\/www.europesays.com\/fr\/wp-json\/wp\/v2\/comments?post=1121146"}],"version-history":[{"count":0,"href":"https:\/\/www.europesays.com\/fr\/wp-json\/wp\/v2\/posts\/1121146\/revisions"}],"wp:featuredmedia":[{"embeddable":true,"href":"https:\/\/www.europesays.com\/fr\/wp-json\/wp\/v2\/media\/1121147"}],"wp:attachment":[{"href":"https:\/\/www.europesays.com\/fr\/wp-json\/wp\/v2\/media?parent=1121146"}],"wp:term":[{"taxonomy":"category","embeddable":true,"href":"https:\/\/www.europesays.com\/fr\/wp-json\/wp\/v2\/categories?post=1121146"},{"taxonomy":"post_tag","embeddable":true,"href":"https:\/\/www.europesays.com\/fr\/wp-json\/wp\/v2\/tags?post=1121146"}],"curies":[{"name":"wp","href":"https:\/\/api.w.org\/{rel}","templated":true}]}}