{"id":1121176,"date":"2026-08-11T17:51:29","date_gmt":"2026-08-11T17:51:29","guid":{"rendered":"https:\/\/www.europesays.com\/fr\/1121176\/"},"modified":"2026-08-11T17:51:29","modified_gmt":"2026-08-11T17:51:29","slug":"wta-toronto-elina-svitolina-monfils-apres-sa-victoire-contre-une-russe-en-quarts-de-finale-je-ressens-un-peu-plus-de-pression-que-contre-dautres-adversaires","status":"publish","type":"post","link":"https:\/\/www.europesays.com\/fr\/1121176\/","title":{"rendered":"WTA &#8211; Toronto > Elina Svitolina-Monfils, apr\u00e8s sa victoire contre une Russe en quarts de finale : \u00ab\u00a0Je ressens un peu plus de pression que contre d&rsquo;autres adversaires\u00a0\u00bb"},"content":{"rendered":"<p><a href=\"https:\/\/www.welovetennis.fr\/wp-content\/uploads\/2026\/05\/Svitolina-sourire-RG.jpeg\" data-caption=\"\" rel=\"nofollow noopener\" target=\"_blank\"><img loading=\"lazy\" decoding=\"async\" width=\"696\" height=\"362\" class=\"entry-thumb td-modal-image lazy\" src=\"data:image\/svg+xml,%3Csvg%20xmlns%3D%22http%3A%2F%2Fwww.w3.org%2F2000%2Fsvg%22%20viewBox%3D%220%200%20696%20362%22%3E%3C%2Fsvg%3E\" data-src=\"https:\/\/www.europesays.com\/fr\/wp-content\/uploads\/2026\/08\/Svitolina-sourire-RG-696x362.jpeg\" data- data- alt=\"\" title=\"Svitolina sourire RG\"\/><\/a><\/p>\n<p>Dans des propos relay\u00e9s par le m\u00e9dia ukrai\u00adnien <a href=\"https:\/\/btu.org.ua\/ua\/golovne\/elina-svitolina-u-toronto-zavzhdi-bagato-ukrayinciv-voni-spravdi-mene-pidtrimuyut-i-dopomagayut-ne-pidvesti-svoyu-krayinu.html\" data-wpel-link=\"external\" target=\"_blank\" rel=\"nofollow external noopener\">BTU<\/a> apr\u00e8s sa victoire contre la joueuse russe Ekaterina Alexandrova (19e mondiale) en quarts de finale du WTA 1000 de Toronto (3\u22126, 6\u20130, 6\u20133), Elina Svitolina a expliqu\u00e9 qu\u2019elle avait parti\u00adcu\u00adli\u00e8\u00adre\u00adment \u00e0 coeur de gagner ce\u00a0match.\u00a0<\/p>\n<p><strong>Question\u00a0: <\/strong>\u00ab\u202fAvez\u2010vous trouv\u00e9 ce match parti\u00adcu\u00adli\u00e8\u00adre\u00adment \u00e9mou\u00advant\u202f? Car depuis les tribunes, on pouvait voir la longueur de certains \u00e9changes, leur inten\u00adsit\u00e9. Il y avait beau\u00adcoup de drapeaux ukrai\u00adniens, et peut\u2010\u00eatre que l\u2019enjeu \u00e9tait un peu plus impor\u00adtant dans ce match, vu votre adver\u00adsaire. L\u2019avez-vous ressenti sur le court\u00a0aussi\u202f?\u202f\u00bb<\/p>\n<p>Elina Svitolina\u00a0: <strong>\u00ab\u202fJe ressens un peu plus de pres\u00adsion (contre les joueuses russes) que contre d\u2019autres adver\u00adsaires. Surtout \u00e0 ce stade, en quarts de finale, et \u00e9tant la seule Ukrainienne. Il y a toujours beau\u00adcoup d\u2019Ukrainiens \u00e0 Toronto, mais honn\u00ea\u00adte\u00adment, c\u2019est un beau d\u00e9fi. Leur soutien est formi\u00addable, ils sont derri\u00e8re moi. Cela m\u2019inspire aussi. Non seule\u00adment sur le court, mais aussi quand je perds un set et que je ne me sens pas bien, je continue \u00e0 cher\u00adcher une solu\u00adtion. Alors dans ces moments\u2010l\u00e0, leur soutien est pr\u00e9cieux et m\u2019aide \u00e0 ne pas d\u00e9ce\u00advoir mon\u00a0pays.\u202f\u00bb<\/strong><\/p>\n<p>Pour une place en finale, l\u2019\u00e9pouse de Ga\u00ebl Monfils va d\u00e9sor\u00admais d\u00e9fier la Polonaise Iga Swiatek.\u00a0<\/p>\n<p class=\"post-published-date\" style=\"color: silver; font-size: 75%; text-align: left;\">Publi\u00e9 le mardi 11 ao\u00fbt 2026 \u00e0 15:24<\/p>\n<p><a href=\"https:\/\/www.welovetennis.fr\/author\/baptiste-mulatier\" data-wpel-link=\"internal\" rel=\"nofollow noopener\" target=\"_blank\"><img loading=\"lazy\" decoding=\"async\" alt=\"\" src=\"data:image\/svg+xml,%3Csvg%20xmlns%3D%22http%3A%2F%2Fwww.w3.org%2F2000%2Fsvg%22%20viewBox%3D%220%200%2096%2096%22%3E%3C%2Fsvg%3E\" data-src=\"https:\/\/www.europesays.com\/fr\/wp-content\/uploads\/2026\/08\/1786470689_169_5da0563ed558e55a67bfd4b1fdf8a8c771fe60fc660feb9111aa9fab675a623d.jpeg\" data- class=\"avatar avatar-96 photo lazy\" height=\"96\" width=\"96\"\/><\/a><br \/>\nA propos de l\u2019auteur<br \/>\n<a href=\"https:\/\/www.welovetennis.fr\/author\/baptiste-mulatier\" data-wpel-link=\"internal\" rel=\"nofollow noopener\" target=\"_blank\">Baptiste Mulatier<\/a><\/p>\n<p class=\"wlt-author-bio\">Accro au sport depuis toujours, Baptiste Mulatier s\u2019est natu\u00adrel\u00adle\u00adment tourn\u00e9 vers le jour\u00adna\u00adlisme pour raconter les histoires qui le font vibrer. Au fil de sa forma\u00adtion, il a colla\u00adbor\u00e9 avec plusieurs m\u00e9dias, parmi lesquels Le 10 Sport, La Provence, Sport Buzz Business ou encore Foot01, avant de rejoindre We Love Tennis en 2020. Cette m\u00eame ann\u00e9e, il couvre son premier Roland\u2010Garros, une \u00e9dition tr\u00e8s parti\u00adcu\u00adli\u00e8re disput\u00e9e \u00e0 l\u2019automne en raison de la pand\u00e9mie. Une exp\u00e9\u00adrience fonda\u00adtrice, point de d\u00e9part d\u2019une belle aven\u00adture qui se pour\u00adsuit d\u00e9sor\u00admais depuis six\u00a0ans.<\/p>\n","protected":false},"excerpt":{"rendered":"Dans des propos relay\u00e9s par le m\u00e9dia ukrai\u00adnien BTU apr\u00e8s sa victoire contre la joueuse russe Ekaterina Alexandrova&hellip;\n","protected":false},"author":2,"featured_media":1121177,"comment_status":"","ping_status":"","sticky":false,"template":"","format":"standard","meta":{"footnotes":"","_share_on_mastodon":"0"},"categories":[1415],"tags":[1011,27,2200,3770,60,12325,1467],"class_list":["post-1121176","post","type-post","status-publish","format-standard","has-post-thumbnail","category-tennis","tag-fr","tag-france","tag-iga-swiatek","tag-monfils","tag-sports","tag-svitolina","tag-tennis"],"share_on_mastodon":{"url":"https:\/\/pubeurope.com\/@fr\/117078149439147438","error":""},"_links":{"self":[{"href":"https:\/\/www.europesays.com\/fr\/wp-json\/wp\/v2\/posts\/1121176","targetHints":{"allow":["GET"]}}],"collection":[{"href":"https:\/\/www.europesays.com\/fr\/wp-json\/wp\/v2\/posts"}],"about":[{"href":"https:\/\/www.europesays.com\/fr\/wp-json\/wp\/v2\/types\/post"}],"author":[{"embeddable":true,"href":"https:\/\/www.europesays.com\/fr\/wp-json\/wp\/v2\/users\/2"}],"replies":[{"embeddable":true,"href":"https:\/\/www.europesays.com\/fr\/wp-json\/wp\/v2\/comments?post=1121176"}],"version-history":[{"count":0,"href":"https:\/\/www.europesays.com\/fr\/wp-json\/wp\/v2\/posts\/1121176\/revisions"}],"wp:featuredmedia":[{"embeddable":true,"href":"https:\/\/www.europesays.com\/fr\/wp-json\/wp\/v2\/media\/1121177"}],"wp:attachment":[{"href":"https:\/\/www.europesays.com\/fr\/wp-json\/wp\/v2\/media?parent=1121176"}],"wp:term":[{"taxonomy":"category","embeddable":true,"href":"https:\/\/www.europesays.com\/fr\/wp-json\/wp\/v2\/categories?post=1121176"},{"taxonomy":"post_tag","embeddable":true,"href":"https:\/\/www.europesays.com\/fr\/wp-json\/wp\/v2\/tags?post=1121176"}],"curies":[{"name":"wp","href":"https:\/\/api.w.org\/{rel}","templated":true}]}}