{"id":1121198,"date":"2026-08-11T18:07:20","date_gmt":"2026-08-11T18:07:20","guid":{"rendered":"https:\/\/www.europesays.com\/fr\/1121198\/"},"modified":"2026-08-11T18:07:20","modified_gmt":"2026-08-11T18:07:20","slug":"il-suffit-de-prendre-les-titres-et-de-les-foutre-au-feu-pourquoi-le-projet-dannulation-de-la-dette-de-jean-luc-melenchon-est-ruineux-et-mensonger","status":"publish","type":"post","link":"https:\/\/www.europesays.com\/fr\/1121198\/","title":{"rendered":"\u00abIl suffit de prendre les titres et de les foutre au feu\u00bb\u00a0: pourquoi le projet d\u2019annulation de la dette de Jean-Luc M\u00e9lenchon est ruineux et mensonger"},"content":{"rendered":"<p>\n    Le leader de La France insoumise (LFI) assure que \u00ab\u00a0personne ne s\u2019apercevra[it] jamais\u00a0\u00bb si son gouvernement faisait dispara\u00eetre les 18% de cr\u00e9ances d\u00e9tenues par la Banque de France.<\/p>\n<p class=\"fig-paragraph\">Les gestes sont d\u00e9monstratifs et le ton professoral. Dans une vid\u00e9o largement relay\u00e9e sur les r\u00e9seaux sociaux ces derniers jours,\u00a0<a href=\"http:\/\/www.lefigaro.fr\/elections\/presidentielles\/jean-luc-melenchon-la-radicalite-et-l-outrance-pour-seul-chemin-vers-2027-20260724\" target=\"_blank\" data-fig-type=\"Article\" rel=\"noopener nofollow\" data-gtm-custom-categorie=\"navigation\" data-gtm-custom-action=\"crossclick\" data-gtm-custom-label=\"Contextuel\" data-gtm-event=\"customEventSPE\" data-fig-domain=\"LEFIGARO\">Jean-Luc M\u00e9lenchon tente d\u2019expliquer sa vision<\/a>\u00a0de l\u2019\u00e9conomie. L\u2019id\u00e9e centrale est simple\u00a0: la France peut supprimer une partie de sa dette d\u2019un coup de baguette magique. \u00ab O\u00f9 sont les 18% de titres de dette\u00a0? Dans les caisses des banques centrales de chaque pays. (&#8230;) Il suffit d\u2019y aller, les prendre et de les foutre au feu\u00a0\u00bb, lance le fondateur de La France insoumise (LFI) d\u2019un ton p\u00e9remptoire. Mieux, cela n\u2019aurait aucune cons\u00e9quence selon lui. D\u2019ailleurs, il assure que \u00ab\u00a0personne ne s\u2019apercevra jamais que \u00e7a a disparu\u00a0\u00bb.<\/p>\n<p class=\"fig-paragraph\">Simpliste comme raisonnement\u00a0?\u2026<\/p>\n<p class=\"fig-premium-paywall__infos\">\n        Cet article est r\u00e9serv\u00e9 aux abonn\u00e9s.        Il vous reste 84% \u00e0 d\u00e9couvrir.\n    <\/p>\n<p>                <img  data- alt=\"Le Figaro\" class=\"fig-img--complete fig-img\"\/><\/p>\n<p class=\"fig-premium-paywall__title\">Vous avez envie de lire la suite ?<\/p>\n<p class=\"fig-premium-paywall__subtitle\">D\u00e9bloquez tous les articles imm\u00e9diatement.<\/p>\n<p class=\"fig-premium-paywall__connect\">\n                D\u00e9j\u00e0 abonn\u00e9\u00a0?                <a class=\"fig-premium-paywall__connect-link\" href=\"https:\/\/connect.lefigaro.fr\/login?client=horizon_web&amp;type=main&amp;redirect_uri=https%3A%2F%2Fwww.lefigaro.fr%2Fconjoncture%2Fil-suffit-de-prendre-les-titres-et-de-les-foutre-au-feu-pourquoi-le-projet-d-annulation-de-la-dette-de-jean-luc-melenchon-est-ruineux-et-mensonger-20260811\" data-js-gtm=\"{&quot;event&quot;:&quot;customEventGA4&quot;,&quot;eventName&quot;:&quot;click_action&quot;,&quot;feature&quot;:&quot;paywall&quot;,&quot;location&quot;:&quot;paywall&quot;,&quot;button_action&quot;:&quot;connect&quot;,&quot;click_text&quot;:&quot;Connectez-vous&quot;}\" rel=\"nofollow noopener\" target=\"_blank\"><br \/>\n                    Connectez-vous<br \/>\n                <\/a>\n            <\/p>\n","protected":false},"excerpt":{"rendered":"Le leader de La France insoumise (LFI) assure que \u00ab\u00a0personne ne s\u2019apercevra[it] jamais\u00a0\u00bb si son gouvernement faisait dispara\u00eetre&hellip;\n","protected":false},"author":2,"featured_media":1121199,"comment_status":"","ping_status":"","sticky":false,"template":"","format":"standard","meta":{"footnotes":"","_share_on_mastodon":"0"},"categories":[6],"tags":[35,6327,33,34,1011,27,3081],"class_list":["post-1121198","post","type-post","status-publish","format-standard","has-post-thumbnail","category-economie","tag-business","tag-dette","tag-economie","tag-economy","tag-fr","tag-france","tag-jean-luc-melenchon"],"share_on_mastodon":{"url":"https:\/\/pubeurope.com\/@fr\/117078212381671389","error":""},"_links":{"self":[{"href":"https:\/\/www.europesays.com\/fr\/wp-json\/wp\/v2\/posts\/1121198","targetHints":{"allow":["GET"]}}],"collection":[{"href":"https:\/\/www.europesays.com\/fr\/wp-json\/wp\/v2\/posts"}],"about":[{"href":"https:\/\/www.europesays.com\/fr\/wp-json\/wp\/v2\/types\/post"}],"author":[{"embeddable":true,"href":"https:\/\/www.europesays.com\/fr\/wp-json\/wp\/v2\/users\/2"}],"replies":[{"embeddable":true,"href":"https:\/\/www.europesays.com\/fr\/wp-json\/wp\/v2\/comments?post=1121198"}],"version-history":[{"count":0,"href":"https:\/\/www.europesays.com\/fr\/wp-json\/wp\/v2\/posts\/1121198\/revisions"}],"wp:featuredmedia":[{"embeddable":true,"href":"https:\/\/www.europesays.com\/fr\/wp-json\/wp\/v2\/media\/1121199"}],"wp:attachment":[{"href":"https:\/\/www.europesays.com\/fr\/wp-json\/wp\/v2\/media?parent=1121198"}],"wp:term":[{"taxonomy":"category","embeddable":true,"href":"https:\/\/www.europesays.com\/fr\/wp-json\/wp\/v2\/categories?post=1121198"},{"taxonomy":"post_tag","embeddable":true,"href":"https:\/\/www.europesays.com\/fr\/wp-json\/wp\/v2\/tags?post=1121198"}],"curies":[{"name":"wp","href":"https:\/\/api.w.org\/{rel}","templated":true}]}}